{"id":90454,"date":"2026-01-23T18:54:11","date_gmt":"2026-01-23T18:54:11","guid":{"rendered":"https:\/\/www.europesays.com\/lt\/90454\/"},"modified":"2026-01-23T18:54:11","modified_gmt":"2026-01-23T18:54:11","slug":"romoje-taria-paskutini-sudie-dizaineriui-valentino-laidotuvese-visas-zvaigzdynas","status":"publish","type":"post","link":"https:\/\/www.europesays.com\/lt\/90454\/","title":{"rendered":"Romoje taria paskutin\u012f \u201esudie\u201c dizaineriui Valentino: laidotuv\u0117se \u2013 visas \u017evaig\u017edynas"},"content":{"rendered":"<p class=\"MsoNormal\">Nuo tre\u010diadienio Valentino buvo pa\u0161arvotas PM23 \u2013 naujoje meno ir kult\u016bros parod\u0173 erdv\u0117je, kuri\u0105 2025 m. atidar\u0117 Fondazione Valentino Garavani, ra\u0161o CNN. Ten, tarp baltai nuda\u017eyt\u0173 sien\u0173 ir po prabangiu balt\u0173 g\u0117li\u0173 sietynu, buvo galima paskutin\u012f kart\u0105 atsisveikinti su garsiu dizaineriu.<\/p>\n<p class=\"MsoNormal\">Laidotuvi\u0173 akimirkos \u2013 galerijoje: <\/p>\n<p class=\"MsoNormal\">Penktadien\u012f jis buvo perve\u017etas \u012f Santa Maria degli Angeli e dei Martiri bazilik\u0105 \u2013 XVI a. Mikeland\u017eelo suprojektuot\u0105 ba\u017eny\u010di\u0105 ceremonijai Romos centre.<\/p>\n<p class=\"MsoNormal\">Nors laidotuv\u0117s atviros visuomenei, tarp sve\u010di\u0173 taip pat buvo ir \u017einomi \u017emon\u0117s \u2013 Anne Hathaway ir Olivia Palermo \u2013 kurios da\u017enai vilk\u0117davo Valentino k\u016brinius ant raudonojo kilimo. Alessandro Michele, dabartinis Valentino k\u016brybos vadovas. Pierpaolo Piccioli, vadovav\u0119s Valentino vardiniam prek\u0117s \u017eenklui nuo 2008 iki 2024 met\u0173, \u012f ba\u017eny\u010di\u0105 at\u0117jo kartu su Fran\u00e7ois-Henri Pinault \u2013 dabartiniu \u201eKering\u201c (Gucci, Saint Laurent, Bottega Veneta, Balenciaga ir kt. grup\u0117s) valdybos pirmininku.<\/p>\n<p class=\"MsoNormal\">Tarp sve\u010di\u0173 buvo ir Fendi dizainer\u0117 Maria Grazia Chiuri \u2013 buvusi Dior k\u016brybos direktor\u0117, taip pat dirbusi Valentino. Dalyvavo ir amerikie\u010di\u0173 dizaineris Tom Ford, ilgamet\u0117 brit\u0173 mados \u017eurnalist\u0117 Suzy Menkes ir Anna Wintour \u2013 pastaroji atvyko vilk\u0117dama kailin\u0119 skraist\u0119 ir savo ry\u0161ki\u0173 spalv\u0173 brangakmeni\u0173 v\u0117rinius. Net Carabinieri policijos pareig\u016bn\u0173 d\u0117vimos skraist\u0117s buvo sukurtos Armani. <\/p>\n<p class=\"MsoNormal\">Anksti ryte \u012f bazilik\u0105 buvo ne\u0161ami balt\u0173 g\u0117li\u0173 vainikai. Prie ba\u017eny\u010dios nusidriek\u0117 eil\u0117 \u017emoni\u0173 \u2013 kai kurie vilk\u0117jo raudonai arba ne\u0161\u0117si raudonus krep\u0161ius, rankines, \u0161alikus \u2013 tai buvo duokl\u0117 dizainerio m\u0117gstamam raudonam atspalviui. <\/p>\n<p class=\"MsoNormal\">Vienas gerb\u0117jas prie ba\u017eny\u010dios mojavo blizgan\u010diu juodu plakatu su u\u017era\u0161u: \u201eSudie, Valentino. Paskutinis mados imperatorius.\u201c<\/p>\n","protected":false},"excerpt":{"rendered":"Nuo tre\u010diadienio Valentino buvo pa\u0161arvotas PM23 \u2013 naujoje meno ir kult\u016bros parod\u0173 erdv\u0117je, kuri\u0105 2025 m. atidar\u0117 Fondazione&hellip;\n","protected":false},"author":2,"featured_media":90455,"comment_status":"","ping_status":"","sticky":false,"template":"","format":"standard","meta":{"footnotes":"","_share_on_mastodon":"0"},"categories":[21],"tags":[5494,113,37,39,36,38,40,114],"class_list":["post-90454","post","type-post","status-publish","format-standard","has-post-thumbnail","category-pramogos","tag-dizaineris","tag-entertainment","tag-lietuva","tag-lietuviu","tag-lithuania","tag-lithuanian","tag-lt","tag-pramogos"],"share_on_mastodon":{"url":"https:\/\/pubeurope.com\/@lt\/115945934948263708","error":""},"_links":{"self":[{"href":"https:\/\/www.europesays.com\/lt\/wp-json\/wp\/v2\/posts\/90454","targetHints":{"allow":["GET"]}}],"collection":[{"href":"https:\/\/www.europesays.com\/lt\/wp-json\/wp\/v2\/posts"}],"about":[{"href":"https:\/\/www.europesays.com\/lt\/wp-json\/wp\/v2\/types\/post"}],"author":[{"embeddable":true,"href":"https:\/\/www.europesays.com\/lt\/wp-json\/wp\/v2\/users\/2"}],"replies":[{"embeddable":true,"href":"https:\/\/www.europesays.com\/lt\/wp-json\/wp\/v2\/comments?post=90454"}],"version-history":[{"count":0,"href":"https:\/\/www.europesays.com\/lt\/wp-json\/wp\/v2\/posts\/90454\/revisions"}],"wp:featuredmedia":[{"embeddable":true,"href":"https:\/\/www.europesays.com\/lt\/wp-json\/wp\/v2\/media\/90455"}],"wp:attachment":[{"href":"https:\/\/www.europesays.com\/lt\/wp-json\/wp\/v2\/media?parent=90454"}],"wp:term":[{"taxonomy":"category","embeddable":true,"href":"https:\/\/www.europesays.com\/lt\/wp-json\/wp\/v2\/categories?post=90454"},{"taxonomy":"post_tag","embeddable":true,"href":"https:\/\/www.europesays.com\/lt\/wp-json\/wp\/v2\/tags?post=90454"}],"curies":[{"name":"wp","href":"https:\/\/api.w.org\/{rel}","templated":true}]}}