{"id":90668,"date":"2026-01-24T06:23:49","date_gmt":"2026-01-24T06:23:49","guid":{"rendered":"https:\/\/www.europesays.com\/lt\/90668\/"},"modified":"2026-01-24T06:23:49","modified_gmt":"2026-01-24T06:23:49","slug":"cekijos-premjeras-nusipirk%d0%be-gaubli-kad-rastu-grenlandija-respublika-lt","status":"publish","type":"post","link":"https:\/\/www.europesays.com\/lt\/90668\/","title":{"rendered":"\u010cekijos premjeras nusipirk\u043e gaubl\u012f, kad rast\u0173 Grenlandij\u0105 &#8211; Respublika.lt"},"content":{"rendered":"<p><img loading=\"lazy\" decoding=\"async\" src=\"https:\/\/www.respublika.lt\/lt\/naujienos\/pasaulis\/kitos_pasaulio_naujienos\/isjuoktas-cekijos-premjeras-nusipirkes-gaubli-kad-rastu-grenlandija\/images\/ico_camera_white.gif\" class=\"camera\" width=\"22\" height=\"15\" alt=\"nuotr.\" style=\"position:relative; top:-2px; right:2px;\"\/> 1 nuotr.<\/p>\n<p>\u010cekijos premjeras Andrejus Babi\u0161as. EPA-Eltos nuotr.<\/p>\n<p style=\"text-align: justify;\" class=\"desktop_banner\">\u00a0<\/p>\n<p style=\"text-align: left;\">\u00a0<\/p>\n<p style=\"text-align: left;\">Autonomin\u0117 Danijos teritorija atsid\u016br\u0117 d\u0117mesio centre, JAV prezidentui Donaldui Trumpui pagrasinus j\u0105 u\u017egrobti.\u00a0<\/p>\n<p style=\"text-align: left;\">D. Trumpo k\u0117slai supurt\u0117 NATO ir suk\u0117l\u0117 problem\u0173 A. Babi\u0161ui, kuris skelbiasi es\u0105s \u201etrampistas\u201c ir i\u0161leido \u0161imtus doleri\u0173 gaubliui bei apie tai paskelb\u0117 socialiniuose tinkluose.\u00a0<\/p>\n<p style=\"text-align: left;\">Internet\u0105 spar\u010diai u\u017etvind\u0117 juokeliai. Vienas vartotojas paskelb\u0117 pa\u0161aip\u0173 straipsn\u012f, kuriame sakoma, kad suk\u010diai pardav\u0117 brang\u0173 gaubl\u012f \u201epatikliam pensininkui\u201c.<\/p>\n<p style=\"text-align: left;\">Socialinio tinklo X vartotojas, pasivadin\u0119s \u201eBezeLzi\u201c (\u201eBe melo\u201c), teig\u0117, kad A. Babi\u0161as tur\u0117t\u0173 paie\u0161koti ir Ukrainos, kad \u201esu\u017einot\u0173, kaip arti yra karas\u201c.<\/p>\n<p style=\"text-align: left;\">Mat naujasis \u010cekijos premjeras atsisako si\u0173sti karin\u0119 pagalb\u0105 Kijevui, nuo 2022 m. atremian\u010diam Rusijos invazij\u0105.<\/p>\n<p style=\"text-align: left;\">71 met\u0173 magnatas vadovauja trij\u0173 partij\u0173 koalicinei vyriausybei, kuri\u0105 sudaro euroskeptikai ir kra\u0161tutini\u0173 de\u0161ini\u0173j\u0173 politikai.<\/p>\n<p style=\"text-align: left;\">A. Babi\u0161as nuo pra\u0117jusi\u0173 met\u0173 gruod\u017eio, kai prad\u0117jo eiti pareigas, pats baud\u0117si vadovauti u\u017esienio politikai, bet suklupo ties did\u017eiausia pasaulio sala.\u00a0<\/p>\n<p style=\"text-align: left;\">\u201eNusipirkau \u0161\u012f gaubl\u012f u\u017e 15 t\u016bkst. kron\u0173 (720 JAV doleri\u0173), gra\u017e\u0173 ir didel\u012f, kad pamaty\u010diau, kur tiksliai yra toji Grenlandija\u201c, \u2013 pirmadien\u012f \u017eurnalistams sak\u0117 A. Babi\u0161as, paklaustas apie jo vyriausyb\u0117s politik\u0105 JAV ir Danijos gin\u010do at\u017evilgiu.<\/p>\n<p style=\"text-align: left;\">Paprastai gaubliai kainuoja iki 1 000 kron\u0173.\u00a0<\/p>\n<p style=\"text-align: left;\">Antradien\u012f A. Babi\u0161as feisbuke paskelb\u0117 vaizdo \u012fra\u0161\u0105, kuriame skund\u0117si, kad \u012fprasti \u017eem\u0117lapiai i\u0161kreipia geografinius faktus.\u00a0<\/p>\n<p style=\"text-align: left;\">\u201eAnt \u0161io gra\u017eaus gaublio galite pamatyti tikr\u0105j\u012f Grenlandijos dyd\u012f lyginant su Jungtin\u0117mis Valstijomis ir Europa\u201c, \u2013 sak\u0117 jis.\u00a0<\/p>\n<p style=\"text-align: left;\">\u201eIr \u010dia, visai netoli, yra Rusija, tad jei kilt\u0173 konfliktas, neduok Dieve, raketa skrist\u0173 neilgai\u201c, \u2013 prid\u016br\u0117 jis.\u00a0<\/p>\n<p style=\"text-align: left;\">Kain\u0173 palyginimo svetain\u0117s \u201eHeureka\u201c atstovas Ond\u0159ejus Sveda teig\u0117, kad gaubli\u0173 paie\u0161k\u0173 skai\u010dius did\u0117ja.<\/p>\n<p style=\"text-align: left;\">\u201eNuo pirmadienio stebime 420 proc. augim\u0105 \u2013 \u0161uol\u012f \u0161imtais paie\u0161k\u0173\u201c, \u2013 sak\u0117 jis.\u00a0<\/p>\n<p style=\"text-align: left;\">Tuo metu D. Trumpas atsisak\u0117 savo plano j\u0117ga u\u017eimti Grenlandij\u0105. A. Babi\u0161as pateik\u0117 savo paai\u0161kinim\u0105 d\u0117l kilusio a\u017eiota\u017eo.\u00a0<\/p>\n<p style=\"text-align: left;\">\u201eA\u0161 pralinksminau kai kuriuos \u017emones, o kiti i\u0161 man\u0119s juokiasi, nes j\u0173 smegenys skiriasi nuo man\u0173j\u0173\u201c, \u2013 sak\u0117 jis.<\/p>\n","protected":false},"excerpt":{"rendered":"1 nuotr. \u010cekijos premjeras Andrejus Babi\u0161as. EPA-Eltos nuotr. \u00a0 \u00a0 Autonomin\u0117 Danijos teritorija atsid\u016br\u0117 d\u0117mesio centre, JAV prezidentui&hellip;\n","protected":false},"author":2,"featured_media":90669,"comment_status":"","ping_status":"","sticky":false,"template":"","format":"standard","meta":{"footnotes":"","_share_on_mastodon":"0"},"categories":[15],"tags":[25,4185,30,31,3167,34,35,18750,13963,24,223,32,33,37,39,36,38,40,23,22,44,28,29,2817,119,6009,6010,26,27,1270,74,75,76],"class_list":["post-90668","post","type-post","status-publish","format-standard","has-post-thumbnail","category-pasaulis","tag-antrastes","tag-babisas","tag-breaking-news","tag-breakingnews","tag-cekija","tag-featured-news","tag-featurednews","tag-gaublys","tag-grenlandija","tag-headlines","tag-jav","tag-latest-news","tag-latestnews","tag-lietuva","tag-lietuviu","tag-lithuania","tag-lithuanian","tag-lt","tag-naujienos","tag-news","tag-pasaulis","tag-populiariausios-naujienos","tag-populiariausiosnaujienos","tag-premjeras","tag-rusija","tag-socialiniai","tag-tinklai","tag-top-stories","tag-topstories","tag-trumpas","tag-world","tag-world-news","tag-worldnews"],"share_on_mastodon":{"url":"https:\/\/pubeurope.com\/@lt\/115948648072555462","error":""},"_links":{"self":[{"href":"https:\/\/www.europesays.com\/lt\/wp-json\/wp\/v2\/posts\/90668","targetHints":{"allow":["GET"]}}],"collection":[{"href":"https:\/\/www.europesays.com\/lt\/wp-json\/wp\/v2\/posts"}],"about":[{"href":"https:\/\/www.europesays.com\/lt\/wp-json\/wp\/v2\/types\/post"}],"author":[{"embeddable":true,"href":"https:\/\/www.europesays.com\/lt\/wp-json\/wp\/v2\/users\/2"}],"replies":[{"embeddable":true,"href":"https:\/\/www.europesays.com\/lt\/wp-json\/wp\/v2\/comments?post=90668"}],"version-history":[{"count":0,"href":"https:\/\/www.europesays.com\/lt\/wp-json\/wp\/v2\/posts\/90668\/revisions"}],"wp:featuredmedia":[{"embeddable":true,"href":"https:\/\/www.europesays.com\/lt\/wp-json\/wp\/v2\/media\/90669"}],"wp:attachment":[{"href":"https:\/\/www.europesays.com\/lt\/wp-json\/wp\/v2\/media?parent=90668"}],"wp:term":[{"taxonomy":"category","embeddable":true,"href":"https:\/\/www.europesays.com\/lt\/wp-json\/wp\/v2\/categories?post=90668"},{"taxonomy":"post_tag","embeddable":true,"href":"https:\/\/www.europesays.com\/lt\/wp-json\/wp\/v2\/tags?post=90668"}],"curies":[{"name":"wp","href":"https:\/\/api.w.org\/{rel}","templated":true}]}}