{"id":90869,"date":"2026-01-24T11:49:58","date_gmt":"2026-01-24T11:49:58","guid":{"rendered":"https:\/\/www.europesays.com\/lt\/90869\/"},"modified":"2026-01-24T11:49:58","modified_gmt":"2026-01-24T11:49:58","slug":"po-ryklio-uzpuolimo-australijoje-tragiskos-pasekmes","status":"publish","type":"post","link":"https:\/\/www.europesays.com\/lt\/90869\/","title":{"rendered":"Po ryklio u\u017epuolimo Australijoje \u2013 tragi\u0161kos pasekm\u0117s"},"content":{"rendered":"<p>Kaip naujien\u0173 portalui \u201eDaily Mail\u201c pasakojo berniuko \u0161eima, 12-metis Nico teb\u0117ra gyvas bei yra gydomas ligonin\u0117je, ta\u010diau konstatuota smegen\u0173 mirtis ir jis niekada nepabus.<\/p>\n<p>Nico sekmadienio popiet\u0119 rytiniuose Sidn\u0117jaus priemies\u010diuose \u0161okin\u0117jo \u012f vanden\u012f nuo 6 m auk\u0161\u010dio uolos, kai j\u012f u\u017epuol\u0117, kaip \u012ftariama, bukasnukis ryklys ir stipriai su\u017ealojo abi kojas. Berniukas i\u0161gyveno tik tod\u0117l, nes vienas draugas \u012f\u0161oko \u012f vanden\u012f bei nutemp\u0117 Nico ant uol\u0173, kol ryklys plaukiojo netoliese.<\/p>\n<p>    <img decoding=\"async\" src=\"https:\/\/www.europesays.com\/lt\/wp-content\/uploads\/2026\/01\/7e6a098a-92e7-4c1a-9eb3-d4c2b67341de.jpg\" loading=\"lazy\" alt=\"Australijoje \u2013 ketvirtoji ryklio ataka per dvi dienas\"\/>    <\/p>\n<p>Nepaisant tre\u010diadien\u012f pasirod\u017eiusi\u0173 prane\u0161im\u0173, es\u0105 Nico mir\u0117, artimas \u0161eimos narys \u201eDaily Mail\u201c patvirtino, kad jis vis dar gyvas ir gydomas ligonin\u0117je. Policija taip pat paantrino, jog Nico b\u016bkl\u0117 Sidn\u0117jaus vaik\u0173 ligonin\u0117je i\u0161lieka nepakitusi.<\/p>\n<p>Anot giminai\u010dio, Nico nebeatsikels, nes jo smegenys nereaguoja. Artimas \u017emogus prid\u016br\u0117, kad berniukas buvo talentingas sportininkas, visada priversdav\u0119s aplinkinius \u0161ypsotis.<\/p>\n<p>\u201eVandens kokyb\u0117 labai bloga, tai skatina bukasnuki\u0173 rykli\u0173 aktyvum\u0105, \u2013 austral\u0173 sto\u010diai ABC sak\u0117 organizacijos atstovas. \u2013 Eikite tiesiog \u012f vietos basein\u0105, nes manome, kad \u0161iuo metu pakrant\u0117s n\u0117ra saugios\u201c.<\/p>\n<p>Pirmadien\u012f j\u016broje Sidn\u0117jaus Menlio priemiestyje buvo u\u017epultas jaunas vyras. Banglentininkas patyr\u0117 sunkius koj\u0173 su\u017ealojimus. Po incidento iki atskiro sprendimo buvo u\u017edaryti visi papl\u016bdimiai, esantys \u012f \u0161iaur\u0119 nuo Sidn\u0117jaus.<\/p>\n<p>       <img decoding=\"async\" src=\"https:\/\/www.europesays.com\/lt\/wp-content\/uploads\/2026\/01\/a3ba4dfa-ba90-4322-bd6c-8db3c068cf33.jpg\" loading=\"lazy\" alt=\"Bukasnukis ryklys\"\/>    <\/p>\n<p>Kelios valandos prie\u0161 incident\u0105 Menlyje ryklys u\u017e ma\u017edaug 4 kilometr\u0173 \u0161iauriau i\u0161kando didel\u012f gabal\u0105 kito jauno banglentininko lentos.<\/p>\n<p>Rugs\u0117j\u012f populiariame Sidn\u0117jaus papl\u016bdimyje baltasis ryklys mirtinai sudrask\u0117 banglentinink\u0105. Gruod\u012f per ryklio atak\u0105 nuo\u0161aliame papl\u016bdimyje \u012f \u0161iaur\u0119 nuo Sidn\u0117jaus \u017euvo plaukik\u0117.<\/p>\n<p>Parastai rykli\u0173 atakos n\u0117ra da\u017enos, ta\u010diau d\u0117l augan\u010dio vandens sporto m\u0117g\u0117j\u0173 skai\u010diaus daug\u0117ja ir incident\u0173 su rykliais. Ypa\u010d nuken\u010dia banglentininkai, kuriems rykliai kanda \u012f gal\u016bnes, nes palaiko juos ruoniais.<\/p>\n","protected":false},"excerpt":{"rendered":"Kaip naujien\u0173 portalui \u201eDaily Mail\u201c pasakojo berniuko \u0161eima, 12-metis Nico teb\u0117ra gyvas bei yra gydomas ligonin\u0117je, ta\u010diau konstatuota&hellip;\n","protected":false},"author":2,"featured_media":90870,"comment_status":"","ping_status":"","sticky":false,"template":"","format":"standard","meta":{"footnotes":""},"categories":[15],"tags":[25,356,30,31,34,35,24,32,33,37,39,36,38,40,23,22,44,28,29,12313,26,27,74,75,76],"class_list":{"0":"post-90869","1":"post","2":"type-post","3":"status-publish","4":"format-standard","5":"has-post-thumbnail","7":"category-pasaulis","8":"tag-antrastes","9":"tag-australija","10":"tag-breaking-news","11":"tag-breakingnews","12":"tag-featured-news","13":"tag-featurednews","14":"tag-headlines","15":"tag-latest-news","16":"tag-latestnews","17":"tag-lietuva","18":"tag-lietuviu","19":"tag-lithuania","20":"tag-lithuanian","21":"tag-lt","22":"tag-naujienos","23":"tag-news","24":"tag-pasaulis","25":"tag-populiariausios-naujienos","26":"tag-populiariausiosnaujienos","27":"tag-ryklys","28":"tag-top-stories","29":"tag-topstories","30":"tag-world","31":"tag-world-news","32":"tag-worldnews"},"share_on_mastodon":{"url":"https:\/\/pubeurope.com\/@lt\/115949930007558715","error":""},"_links":{"self":[{"href":"https:\/\/www.europesays.com\/lt\/wp-json\/wp\/v2\/posts\/90869","targetHints":{"allow":["GET"]}}],"collection":[{"href":"https:\/\/www.europesays.com\/lt\/wp-json\/wp\/v2\/posts"}],"about":[{"href":"https:\/\/www.europesays.com\/lt\/wp-json\/wp\/v2\/types\/post"}],"author":[{"embeddable":true,"href":"https:\/\/www.europesays.com\/lt\/wp-json\/wp\/v2\/users\/2"}],"replies":[{"embeddable":true,"href":"https:\/\/www.europesays.com\/lt\/wp-json\/wp\/v2\/comments?post=90869"}],"version-history":[{"count":0,"href":"https:\/\/www.europesays.com\/lt\/wp-json\/wp\/v2\/posts\/90869\/revisions"}],"wp:featuredmedia":[{"embeddable":true,"href":"https:\/\/www.europesays.com\/lt\/wp-json\/wp\/v2\/media\/90870"}],"wp:attachment":[{"href":"https:\/\/www.europesays.com\/lt\/wp-json\/wp\/v2\/media?parent=90869"}],"wp:term":[{"taxonomy":"category","embeddable":true,"href":"https:\/\/www.europesays.com\/lt\/wp-json\/wp\/v2\/categories?post=90869"},{"taxonomy":"post_tag","embeddable":true,"href":"https:\/\/www.europesays.com\/lt\/wp-json\/wp\/v2\/tags?post=90869"}],"curies":[{"name":"wp","href":"https:\/\/api.w.org\/{rel}","templated":true}]}}