{"id":90954,"date":"2026-01-24T13:30:16","date_gmt":"2026-01-24T13:30:16","guid":{"rendered":"https:\/\/www.europesays.com\/lt\/90954\/"},"modified":"2026-01-24T13:30:16","modified_gmt":"2026-01-24T13:30:16","slug":"sumaistis-del-taikos-tarybos-vietoj-baltarusijos-belgija","status":"publish","type":"post","link":"https:\/\/www.europesays.com\/lt\/90954\/","title":{"rendered":"Sumai\u0161tis d\u0117l Taikos tarybos: vietoj Baltarusijos \u2013 Belgija"},"content":{"rendered":"<p>JAV prezidentas ketvirtadien\u012f \u0160veicarijos kurorte Davose kartu su kitais steig\u0117jais pasira\u0161\u0117 savo \u012fkurtos Taikos tarybos, kuri\u0105 pavadino tarptautini\u0173 konflikt\u0173 sprendimo institucija, chartij\u0105.<\/p>\n<p>Ne viena \u0161alis j\u0105 pasira\u0161yti atsisak\u0117, motyvuodamos abejon\u0117mis d\u0117l naujojo organo sud\u0117ties ir \u012fgaliojim\u0173, taip pat nerimaudamos d\u0117l siekio \u0161ia taryba pakeisti Jungtines Tautas (JT).<\/p>\n<p>Viena i\u0161 garsiai rei\u0161kusi\u0173 abejones buvo Belgija, kuri Taikos tarybos steigimo chartijos Davose nepasira\u0161\u0117.<\/p>\n<p>Visgi, Balt\u0173j\u0173 r\u016bm\u0173 ketvirtadien\u012f paskelbtame chartijos signatar\u0173 s\u0105ra\u0161e atsirado ir Belgijos vardas. \u012e tai platformoje \u201eX\u201c sureagavo \u0161alies u\u017esienio reikal\u0173 ministras.<\/p>\n<p>\u201eBelgija Taikos tarybos chartijos NEPASIRA\u0160\u0116. \u0160is prane\u0161imas yra neteisingas. Norime bendro ir koordinuoto Europos atsako\u201c, \u2013 ra\u0161\u0117 Maxime&#8217;as Pr\u00e9vot.<\/p>\n<p>\u201eKaip ir daugelis Europos \u0161ali\u0173, turime abejoni\u0173 d\u0117l \u0161io pasi\u016blymo\u201c, \u2013 prid\u016br\u0117 jis.<\/p>\n<p>\u201eTVP World\u201c teigimu, neatskleistas \u0161altinis JAV \u017einiasklaidai prane\u0161\u0117, kad Belgija i\u0161 prad\u017ei\u0173 sutiko pasira\u0161yti, bet paskutin\u0119 akimirk\u0105 atsisak\u0117. Ta\u010diau \u0161i\u0105 informacij\u0105 i\u0161kart paneig\u0117 Belgijos u\u017esienio reikal\u0173 ministerija. <\/p>\n<p>\u201eBelgija niekada neketino pasira\u0161yti \u0161ios chartijos. Mes informavome amerikie\u010dius diskusij\u0173 partnerius apie prie\u017eastis, d\u0117l kuri\u0173 negal\u0117jome pasira\u0161yti chartijos jos dabartine forma\u201c, \u2013 JAV naujien\u0173 portalui \u201eCBS News\u201c sak\u0117 ministerijos atstovai.<\/p>\n<p>\u0160altinis Belgijos vyriausyb\u0117je \u0161alies naujien\u0173 portalui \u201eVRT News\u201c teig\u0117, kad Baltieji r\u016bmai sumai\u0161\u0117 Belgij\u0105 su Baltarusija.<\/p>\n<p>Kaip skelbta, nors Taikos taryba i\u0161 prad\u017ei\u0173 buvo sukurta Gazos Ruo\u017eo atstatymo prie\u017ei\u016brai, i\u0161 jos \u012fstat\u0173 nepana\u0161u, kad tarybos vaidmuo apsiribos tik \u0161ia palestinie\u010di\u0173 teritorija, o nariai u\u017e nuolatin\u0119 naryst\u0119 tur\u0117s sumok\u0117ti iki 1 mlrd. JAV doleri\u0173.<\/p>\n<p>Dalyvauti jos veikloje jau sutiko Jungtiniai Arab\u0173 Emyratai, Bahreinas, Albanija, Arm\u0117nija, Azerbaid\u017eanas, Baltarusija, Vengrija, Kazachstanas, Marokas ir Vietnamas.<\/p>\n<p>Abejones d\u0117l \u0161ios tarybos i\u0161rei\u0161k\u0117 svarbios JAV s\u0105junginink\u0117s, \u012fskaitant Pranc\u016bzij\u0105 ir Jungtin\u0119 Karalyst\u0119.<\/p>\n<p>Londonas parei\u0161k\u0117 susir\u016bpinim\u0105 d\u0117l sprendimo \u012f taryb\u0105 pakviesti Rusijos prezident\u0105 Vladimir\u0105 Putin\u0105, kurio paj\u0117gos 2022 m. prad\u0117jo plataus masto invazij\u0105 \u012f Ukrain\u0105. Tuo metu Pary\u017eius pa\u017eym\u0117jo, kad dabartin\u0117 chartija yra nesuderinama su jo tarptautiniais \u012fsipareigojimais, ypa\u010d su naryste JT.<\/p>\n","protected":false},"excerpt":{"rendered":"JAV prezidentas ketvirtadien\u012f \u0160veicarijos kurorte Davose kartu su kitais steig\u0117jais pasira\u0161\u0117 savo \u012fkurtos Taikos tarybos, kuri\u0105 pavadino tarptautini\u0173&hellip;\n","protected":false},"author":2,"featured_media":90955,"comment_status":"","ping_status":"","sticky":false,"template":"","format":"standard","meta":{"footnotes":""},"categories":[15],"tags":[25,1496,3719,30,31,194,34,35,24,32,33,37,39,36,38,40,23,22,44,28,29,26,27,74,75,76],"class_list":{"0":"post-90954","1":"post","2":"type-post","3":"status-publish","4":"format-standard","5":"has-post-thumbnail","7":"category-pasaulis","8":"tag-antrastes","9":"tag-baltarusija","10":"tag-belgija","11":"tag-breaking-news","12":"tag-breakingnews","13":"tag-donaldas-trumpas","14":"tag-featured-news","15":"tag-featurednews","16":"tag-headlines","17":"tag-latest-news","18":"tag-latestnews","19":"tag-lietuva","20":"tag-lietuviu","21":"tag-lithuania","22":"tag-lithuanian","23":"tag-lt","24":"tag-naujienos","25":"tag-news","26":"tag-pasaulis","27":"tag-populiariausios-naujienos","28":"tag-populiariausiosnaujienos","29":"tag-top-stories","30":"tag-topstories","31":"tag-world","32":"tag-world-news","33":"tag-worldnews"},"share_on_mastodon":{"url":"https:\/\/pubeurope.com\/@lt\/115950323464884942","error":""},"_links":{"self":[{"href":"https:\/\/www.europesays.com\/lt\/wp-json\/wp\/v2\/posts\/90954","targetHints":{"allow":["GET"]}}],"collection":[{"href":"https:\/\/www.europesays.com\/lt\/wp-json\/wp\/v2\/posts"}],"about":[{"href":"https:\/\/www.europesays.com\/lt\/wp-json\/wp\/v2\/types\/post"}],"author":[{"embeddable":true,"href":"https:\/\/www.europesays.com\/lt\/wp-json\/wp\/v2\/users\/2"}],"replies":[{"embeddable":true,"href":"https:\/\/www.europesays.com\/lt\/wp-json\/wp\/v2\/comments?post=90954"}],"version-history":[{"count":0,"href":"https:\/\/www.europesays.com\/lt\/wp-json\/wp\/v2\/posts\/90954\/revisions"}],"wp:featuredmedia":[{"embeddable":true,"href":"https:\/\/www.europesays.com\/lt\/wp-json\/wp\/v2\/media\/90955"}],"wp:attachment":[{"href":"https:\/\/www.europesays.com\/lt\/wp-json\/wp\/v2\/media?parent=90954"}],"wp:term":[{"taxonomy":"category","embeddable":true,"href":"https:\/\/www.europesays.com\/lt\/wp-json\/wp\/v2\/categories?post=90954"},{"taxonomy":"post_tag","embeddable":true,"href":"https:\/\/www.europesays.com\/lt\/wp-json\/wp\/v2\/tags?post=90954"}],"curies":[{"name":"wp","href":"https:\/\/api.w.org\/{rel}","templated":true}]}}