{"id":91294,"date":"2026-01-24T23:21:24","date_gmt":"2026-01-24T23:21:24","guid":{"rendered":"https:\/\/www.europesays.com\/lt\/91294\/"},"modified":"2026-01-24T23:21:24","modified_gmt":"2026-01-24T23:21:24","slug":"i-klaipedos-uosta-sukisime-14-mlrd-euru-respublika-lt","status":"publish","type":"post","link":"https:\/\/www.europesays.com\/lt\/91294\/","title":{"rendered":"\u012e Klaip\u0117dos uost\u0105 suki\u0161ime 1,4 mlrd. eur\u0173 &#8211; Respublika.lt"},"content":{"rendered":"<p><img loading=\"lazy\" decoding=\"async\" src=\"https:\/\/www.respublika.lt\/lt\/naujienos\/lietuva\/verslas\/i-klaipedos-uosta-sukisime-14-mlrd-euru\/images\/ico_camera_white.gif\" class=\"camera\" width=\"22\" height=\"15\" alt=\"nuotr.\" style=\"position:relative; top:-2px; right:2px;\"\/> 1 nuotr.<\/p>\n<p>Klaip\u0117dos uostas. Eltos nuotr.<\/p>\n<p>Seimo J\u016brini\u0173 reikal\u0173 komisija sureng\u0117 nuotolin\u012f pos\u0117d\u012f, kuriame ap\u017evelgtos Klaip\u0117dos uosto ir su jo veikla susijusios perspektyvos. \u012edomiausia naujiena &#8211; \u012f uosto pl\u0117tr\u0105 planuojama investuoti 1,4 mlrd. eu<\/p>\n<p style=\"text-align: justify;\" class=\"desktop_banner\">\u00a0<\/p>\n<p>Klaip\u0117dos valstybinio uosto direkcijos vadovas Algis Latakas pateik\u0117 i\u0161sami\u0105 informacij\u0105 apie veikl\u0105 uoste, paremt\u0105 finansiniais skai\u010diavimais ir nauda Lietuvos ekonomikai.<\/p>\n<p>Jo duomenimis, esminiai uosto tikslai iki 2029 m. yra kasmet po 3 proc. padidinti krov\u0105 iki 41 mln. t., pasiekti 103 mln. eur\u0173 pajam\u0173, 657 ha prapl\u0117sti Uosto teritorij\u0105 ir gauti 15,5 mln. eur\u0173 pajam\u0173 i\u0161 nauj\u0173 veikl\u0173.<\/p>\n<p>Daugiausia d\u0117mesio sulauk\u0117 Pietinio uosto projektavimo naudingumas.<\/p>\n<p>Pagal pateiktus skai\u010diavimus, investuojant 1,4 mlrd. eur\u0173, per 25 metus ekonomin\u0117 gr\u0105\u017ea Lietuvai tur\u0117t\u0173 sudaryti apie 7 mlrd. eur\u0173.<\/p>\n<p>Valdant numatomas l\u0117\u0161as ir ypatingos svarbos objekt\u0105, nei\u0161vengiamai tur\u0117t\u0173 b\u016bti patvirtintas Pietinio uosto \u012fstatymas.<\/p>\n<p>B\u016btini \u012fstatym\u0173 pakeitimai Seim\u0105 i\u0161 Susisiekimo ministerijos pasieks jau \u0161i\u0173 met\u0173 pavasar\u012f.<\/p>\n<p>Naujausios \u017einios<\/p>\n<p><\/p>\n<p>        <a href=\"https:\/\/www.respublika.lt\/lt\/naujienos\/pasaulis\/nusikaltimai_ir_nelaimes\/minesotos-gubernatorius-pranesa-apie-dar-vienas-federaliniu-agentu-sukeltas-saudynes\/\" rel=\"nofollow noopener\" target=\"_blank\"><img decoding=\"async\" oncontextmenu=\"return false\" class=\"block_item_newest_photo\" src=\"https:\/\/www.respublika.lt\/lt\/naujienos\/lietuva\/verslas\/i-klaipedos-uosta-sukisime-14-mlrd-euru\/uploads\/img\/catalog\/1\/photo_for_homepage_1_56186222.jpg\" alt=\"\" width=\"240\" height=\"154.45\"\/><\/a><\/p>\n<p>        <a href=\"https:\/\/www.respublika.lt\/lt\/naujienos\/lietuva\/lietuvos_politika\/nauseda-poligonas-tikrai-bus-desiu-visas-pastangas-kad-jis-butu\/\" rel=\"nofollow noopener\" target=\"_blank\"><img decoding=\"async\" oncontextmenu=\"return false\" class=\"block_item_newest_photo\" src=\"https:\/\/www.respublika.lt\/lt\/naujienos\/lietuva\/verslas\/i-klaipedos-uosta-sukisime-14-mlrd-euru\/uploads\/img\/catalog\/1\/photo_for_homepage_1_92705926.jpg\" alt=\"\" width=\"240\" height=\"154.45\"\/><\/a><\/p>\n<p>Patiko straipsnis? Leisk mums apie tai su\u017einoti. Nepamir\u0161k pasidalinti Facebook! <\/p>\n<p><img loading=\"lazy\" decoding=\"async\" class=\"p2_social_circle_icon\" src=\"https:\/\/www.respublika.lt\/images\/thumbs_up.svg\" width=\"21\" height=\"22\" alt=\"L\"\/><\/p>\n<p><img loading=\"lazy\" decoding=\"async\" class=\"p2_social_circle_icon\" src=\"https:\/\/www.respublika.lt\/images\/facebook.svg\" alt=\"F\" width=\"22\" height=\"22\" style=\"filter: invert(37%) sepia(55%) saturate(2351%) hue-rotate(187deg) brightness(102%) contrast(106%);\"\/><\/p>\n<p>&#13;<br \/>\n\tNesutinkate &#8211; diskutuokime!<br \/>&#13;<br \/>\n\tNepykite komentatoriai, bet komentarai su keiksma\u017eod\u017eiais bus \u0161alinami automati\u0161kai, be atsipra\u0161ymo.\n    <\/p>\n<p>&#13;<br \/>\n              Respublika.lt pasilieka teis\u0119 pa\u0161alinti nekult\u016bringus, keiksma\u017eod\u017eiais pagardintus, su tema nesusijusius, kito asmens vardu pasira\u0161ytus, \u012fstatymus pa\u017eeid\u017eian\u010dius, \u0161lam\u0161t\u0105 reklamuojan\u010dius ar nusikalsti kurstan\u010dius komentarus. Jei kurstysite smurt\u0105, rasin\u0119, tautin\u0119, religin\u0119 ar kitokio pob\u016bd\u017eio neapykant\u0105, \u017evirbliu i\u0161skrid\u0119 j\u016bs\u0173 \u017eod\u017eiai gr\u012f\u017edami gali virsti ton\u0105 sverian\u010diu jau\u010diu &#8211; specialiosioms Lietuvos tarnyboms pareikalavus suteiksime j\u016bs\u0173 duomenis.\n            <\/p>\n","protected":false},"excerpt":{"rendered":"1 nuotr. Klaip\u0117dos uostas. Eltos nuotr. Seimo J\u016brini\u0173 reikal\u0173 komisija sureng\u0117 nuotolin\u012f pos\u0117d\u012f, kuriame ap\u017evelgtos Klaip\u0117dos uosto ir&hellip;\n","protected":false},"author":2,"featured_media":91295,"comment_status":"","ping_status":"","sticky":false,"template":"","format":"standard","meta":{"footnotes":""},"categories":[13],"tags":[25,30,31,10441,34,35,24,3150,511,18834,32,33,37,39,36,38,40,18833,23,22,18835,28,29,26,27,4033],"class_list":{"0":"post-91294","1":"post","2":"type-post","3":"status-publish","4":"format-standard","5":"has-post-thumbnail","7":"category-lietuva","8":"tag-antrastes","9":"tag-breaking-news","10":"tag-breakingnews","11":"tag-eurai","12":"tag-featured-news","13":"tag-featurednews","14":"tag-headlines","15":"tag-investicija","16":"tag-klaipeda","17":"tag-latakas","18":"tag-latest-news","19":"tag-latestnews","20":"tag-lietuva","21":"tag-lietuviu","22":"tag-lithuania","23":"tag-lithuanian","24":"tag-lt","25":"tag-milijardas","26":"tag-naujienos","27":"tag-news","28":"tag-pietinis","29":"tag-populiariausios-naujienos","30":"tag-populiariausiosnaujienos","31":"tag-top-stories","32":"tag-topstories","33":"tag-uostas"},"share_on_mastodon":{"url":"https:\/\/pubeurope.com\/@lt\/115952647136524749","error":""},"_links":{"self":[{"href":"https:\/\/www.europesays.com\/lt\/wp-json\/wp\/v2\/posts\/91294","targetHints":{"allow":["GET"]}}],"collection":[{"href":"https:\/\/www.europesays.com\/lt\/wp-json\/wp\/v2\/posts"}],"about":[{"href":"https:\/\/www.europesays.com\/lt\/wp-json\/wp\/v2\/types\/post"}],"author":[{"embeddable":true,"href":"https:\/\/www.europesays.com\/lt\/wp-json\/wp\/v2\/users\/2"}],"replies":[{"embeddable":true,"href":"https:\/\/www.europesays.com\/lt\/wp-json\/wp\/v2\/comments?post=91294"}],"version-history":[{"count":0,"href":"https:\/\/www.europesays.com\/lt\/wp-json\/wp\/v2\/posts\/91294\/revisions"}],"wp:featuredmedia":[{"embeddable":true,"href":"https:\/\/www.europesays.com\/lt\/wp-json\/wp\/v2\/media\/91295"}],"wp:attachment":[{"href":"https:\/\/www.europesays.com\/lt\/wp-json\/wp\/v2\/media?parent=91294"}],"wp:term":[{"taxonomy":"category","embeddable":true,"href":"https:\/\/www.europesays.com\/lt\/wp-json\/wp\/v2\/categories?post=91294"},{"taxonomy":"post_tag","embeddable":true,"href":"https:\/\/www.europesays.com\/lt\/wp-json\/wp\/v2\/tags?post=91294"}],"curies":[{"name":"wp","href":"https:\/\/api.w.org\/{rel}","templated":true}]}}