{"id":91325,"date":"2026-01-25T05:02:02","date_gmt":"2026-01-25T05:02:02","guid":{"rendered":"https:\/\/www.europesays.com\/lt\/91325\/"},"modified":"2026-01-25T05:02:02","modified_gmt":"2026-01-25T05:02:02","slug":"trumpas-atsaukia-kvietima-kanadai-jungtis-prie-taikos-tarybos","status":"publish","type":"post","link":"https:\/\/www.europesays.com\/lt\/91325\/","title":{"rendered":"Trumpas at\u0161aukia kvietim\u0105 Kanadai jungtis prie Taikos tarybos"},"content":{"rendered":"<p>\u201eLai \u0161is lai\u0161kas rei\u0161kia, kad Taikos taryba at\u0161aukia savo kvietim\u0105 Kanadai prie jos prisijungti\u201c, \u2013 savo socialiniame tinkle \u201eTruth Social\u201c para\u0161\u0117 D. Trumpas, kreipdamasis \u012f Kanados ministr\u0105 pirminink\u0105 Mark\u0105 Carney. Pastarasis \u0161i\u0105 savait\u0119 vie\u0161ai persp\u0117jo apie JAV vadovaujamos pasaulio tvarkos gri\u016bt\u012f.<\/p>\n<p>Kanados atstovai sak\u0117, kad u\u017e naryst\u0119 Taryboje \u0161alis mok\u0117ti neketina, ta\u010diau prie jos jungsis.<\/p>\n<p>Europos Vadov\u0173 Tarybos prezidentas Antonio Costa parei\u0161k\u0117, kad Europos lyderiai turi rimt\u0173 abejoni\u0173 d\u0117l Tarybos sumanymo, ta\u010diau yra pasireng\u0119 su ja bendradarbiauti.<\/p>\n<p>Taikos taryba, kurioje D. Trumpui kaip pirmininkui suteiktos prakti\u0161kai neribotos sprendim\u0173 pri\u0117mimo galios, JAV pristatoma kaip nauja tarptautin\u0117 konflikt\u0173 sprendimo organizacija.<\/p>\n<p>D. Trumpas nepaai\u0161kino, kod\u0117l ketvirtadienio vakar\u0105 savo socialiniame tinkle para\u0161\u0117 tok\u012f \u012fra\u0161\u0105 ir nusprend\u0117 at\u0161aukti kvietim\u0105 Kanadai.<\/p>\n<p>M. Carney administracija kol kas \u012f JAV prezidento sprendim\u0105 nesureagavo. Praeit\u0105 savait\u0119 Kanados ministras pirmininkas patikino, kad D. Trumpo kvietim\u0105 priims. <\/p>\n<p>Nepaisant to, pastarosiomis dienomis i\u0161 Otavos pasigirdo kalb\u0173, kad \u0161alis neketina mok\u0117ti 1 mlrd. doleri\u0173 naryst\u0117s mokes\u010dio, kur\u012f D. Trumpas taiko nuolatin\u0117ms nar\u0117ms kaip priemon\u0119 finansuoti Tarybos veikl\u0105.<\/p>\n<p>Tre\u010diadien\u012f JAV prezidentas D. Trumpas sukritikavo Kanad\u0105, parei\u0161k\u0119s, kad ji \u201etur\u0117t\u0173 b\u016bti d\u0117kinga\u201c Va\u0161ingtonui, ankstesn\u0119 dien\u0105 Kanados ministrui pirmininkui M. Carney persp\u0117jus apie JAV vadovaujamos pasaulin\u0117s sistemos ei\u017e\u0117jim\u0105, ra\u0161\u0117 ELTA.<\/p>\n<p>\u201eVakar steb\u0117jau j\u016bs\u0173 ministr\u0105 pirminink\u0105. Jis nebuvo itin d\u0117kingas\u201c, \u2013 sak\u0117 D. Trumpas Pasaulio ekonomikos forume apie M. Carney kalb\u0105, sulaukusi\u0105 retai pasitaikan\u010di\u0173 Davoso publikos ovacij\u0173 atsistojus.<\/p>\n<p>\u201eKanada gyvena Jungtini\u0173 Valstij\u0173 d\u0117ka. Prisimink tai, Markai, kai kit\u0105 kart\u0105 darysi savo parei\u0161kimus\u201c, \u2013 sak\u0117 D. Trumpas.<\/p>\n<p>Carney atkirto Trumpui<\/p>\n<p>Kanados premjeras ketvirtadien\u012f atkirto D. Trumpui: \u201eKanada gyvena ne d\u0117l Jungtini\u0173 Valstij\u0173. Kanada klesti, nes mes esame kanadie\u010diai\u201c, \u2013 atsak\u0117 M. Carney nacionalin\u0117je kalboje Kvebeke prie\u0161 nauj\u0105 \u012fstatym\u0173 leidybos sesij\u0105, nors ir pripa\u017eino abiej\u0173 \u0161ali\u0173 \u201enepaprast\u0105 partneryst\u0119\u201c.<\/p>\n<p>Ketvirtadien\u012f sakytoje kalboje, skirtoje vidaus auditorijai, M. Carney teig\u0117, kad Kanada tur\u0117t\u0173 b\u016bti pavyzdys \u201edemokratijos nuosmukio\u201c epochoje.<\/p>\n<p>\u201eKanada negali i\u0161spr\u0119sti vis\u0173 pasaulio problem\u0173, bet mes galime parodyti, kad \u012fmanomas kitas kelias, kad istorijos eiga neb\u016btinai turi nukrypti \u012f autoritarizm\u0105 ir atskirt\u012f\u201c, \u2013 sak\u0117 premjeras.<\/p>\n<p>Nors D. Carney neveng\u0117 kritikuoti D. Trumpo nuo tada, kai \u0161is prie\u0161 metus prad\u0117jo eiti pareigas, jis vadovauja \u0161aliai, kuri teb\u0117ra labai priklausoma nuo prekybos su JAV, \u012f kurias keliauja daugiau kaip trys ketvirtadaliai Kanados eksporto.<\/p>\n","protected":false},"excerpt":{"rendered":"\u201eLai \u0161is lai\u0161kas rei\u0161kia, kad Taikos taryba at\u0161aukia savo kvietim\u0105 Kanadai prie jos prisijungti\u201c, \u2013 savo socialiniame tinkle&hellip;\n","protected":false},"author":2,"featured_media":91326,"comment_status":"","ping_status":"","sticky":false,"template":"","format":"standard","meta":{"footnotes":""},"categories":[15],"tags":[25,30,31,194,34,35,24,350,32,33,37,39,36,38,40,23,22,44,28,29,18348,26,27,74,75,76],"class_list":{"0":"post-91325","1":"post","2":"type-post","3":"status-publish","4":"format-standard","5":"has-post-thumbnail","7":"category-pasaulis","8":"tag-antrastes","9":"tag-breaking-news","10":"tag-breakingnews","11":"tag-donaldas-trumpas","12":"tag-featured-news","13":"tag-featurednews","14":"tag-headlines","15":"tag-kanada","16":"tag-latest-news","17":"tag-latestnews","18":"tag-lietuva","19":"tag-lietuviu","20":"tag-lithuania","21":"tag-lithuanian","22":"tag-lt","23":"tag-naujienos","24":"tag-news","25":"tag-pasaulis","26":"tag-populiariausios-naujienos","27":"tag-populiariausiosnaujienos","28":"tag-taikos-taryba","29":"tag-top-stories","30":"tag-topstories","31":"tag-world","32":"tag-world-news","33":"tag-worldnews"},"share_on_mastodon":{"url":"https:\/\/pubeurope.com\/@lt\/115953987907447896","error":""},"_links":{"self":[{"href":"https:\/\/www.europesays.com\/lt\/wp-json\/wp\/v2\/posts\/91325","targetHints":{"allow":["GET"]}}],"collection":[{"href":"https:\/\/www.europesays.com\/lt\/wp-json\/wp\/v2\/posts"}],"about":[{"href":"https:\/\/www.europesays.com\/lt\/wp-json\/wp\/v2\/types\/post"}],"author":[{"embeddable":true,"href":"https:\/\/www.europesays.com\/lt\/wp-json\/wp\/v2\/users\/2"}],"replies":[{"embeddable":true,"href":"https:\/\/www.europesays.com\/lt\/wp-json\/wp\/v2\/comments?post=91325"}],"version-history":[{"count":0,"href":"https:\/\/www.europesays.com\/lt\/wp-json\/wp\/v2\/posts\/91325\/revisions"}],"wp:featuredmedia":[{"embeddable":true,"href":"https:\/\/www.europesays.com\/lt\/wp-json\/wp\/v2\/media\/91326"}],"wp:attachment":[{"href":"https:\/\/www.europesays.com\/lt\/wp-json\/wp\/v2\/media?parent=91325"}],"wp:term":[{"taxonomy":"category","embeddable":true,"href":"https:\/\/www.europesays.com\/lt\/wp-json\/wp\/v2\/categories?post=91325"},{"taxonomy":"post_tag","embeddable":true,"href":"https:\/\/www.europesays.com\/lt\/wp-json\/wp\/v2\/tags?post=91325"}],"curies":[{"name":"wp","href":"https:\/\/api.w.org\/{rel}","templated":true}]}}