{"id":91405,"date":"2026-01-25T08:28:48","date_gmt":"2026-01-25T08:28:48","guid":{"rendered":"https:\/\/www.europesays.com\/lt\/91405\/"},"modified":"2026-01-25T08:28:48","modified_gmt":"2026-01-25T08:28:48","slug":"rukloje-prisieke-pirmieji-pirmosios-divizijos-savanoriskos-nenuolatines-karo-tarnybos-kariai","status":"publish","type":"post","link":"https:\/\/www.europesays.com\/lt\/91405\/","title":{"rendered":"Rukloje prisiek\u0117 pirmieji Pirmosios divizijos savanori\u0161kos nenuolatin\u0117s karo tarnybos kariai"},"content":{"rendered":"<p>\u201ePriesaika Lietuvos Respublikai \u2013 ne \u0161iaip \u017eod\u017eiai. Priesaika \u2013 tai pa\u017eadas, atsidavimas, u\u017esispyrimas ir jud\u0117jimas ta kryptimi, be kurios tikriausiai n\u0117 vienas Lietuvos kariuomen\u0117s karys negal\u0117t\u0173 i\u0161gyventi\u201c, \u2013 prane\u0161ime cituojamas karius sveikin\u0119s Pirmosios divizijos vadas brigados generolas Aurelijus Alasauskas.<\/p>\n<p>Kaip skelbia Lietuvos kariuomen\u0117, iki priesaikos visi SNKT kariai dalyvavo \u012f tris etapus suskirstytame baziniame kariniame rengime. Jo metu kariai mok\u0117si karybos pagrind\u0173 \u2013 individualios kario taktikos, maskuot\u0117s, topografijos, ginklo valdymo, pirmosios medicinos pagalbos teikimo.\u00a0<\/p>\n<p>Paskutiniame bazinio karinio rengimo etape kariai vykd\u0117 kovinius \u0161audymus ir dalyvavo lauko taktikos pratybose, kur realiomis s\u0105lygomis pritaik\u0117 visas \u012fgytas \u017einias<\/p>\n<p>Prisiek\u0119 kariai tarnyb\u0105 t\u0119s nenuolatiniu tarnybos b\u016bdu \u2013 bus periodi\u0161kai kvie\u010diami \u012f tarnyb\u0105 pagal poreik\u012f, vidutini\u0161kai 20\u201350 dien\u0173 per metus.\u00a0<\/p>\n<p>Taip pat jie reguliariai dalyvaus pratybose ir\u00a0\u00a0mokymuose, atnaujins savo geb\u0117jimus ir \u017einias, o prireikus bus pasireng\u0119 prisijungti prie Pirmosios divizijos.<\/p>\n<p>Kaip skelbia Lietuvos kariuomen\u0117, \u012f savanori\u0161ka nenuolatin\u0119 karo tarnyb\u0105 \u00a0gali pretenduoti 18\u201360 met\u0173 am\u017eiaus Lietuvos Respublikos pilie\u010diai. \u0160is modelis, kaip skelbiama, leid\u017eia stiprinti parengt\u0105j\u012f kariuomen\u0117s rezerv\u0105 ir \u012f \u0161alies gynyb\u0105\u00a0\u012ftraukti motyvuotus pilie\u010dius.<\/p>\n","protected":false},"excerpt":{"rendered":"\u201ePriesaika Lietuvos Respublikai \u2013 ne \u0161iaip \u017eod\u017eiai. Priesaika \u2013 tai pa\u017eadas, atsidavimas, u\u017esispyrimas ir jud\u0117jimas ta kryptimi, be&hellip;\n","protected":false},"author":2,"featured_media":91406,"comment_status":"","ping_status":"","sticky":false,"template":"","format":"standard","meta":{"footnotes":"","_share_on_mastodon":"0"},"categories":[13],"tags":[25,30,31,34,35,24,32,33,37,39,36,38,40,23,22,28,29,18851,18852,26,27],"class_list":["post-91405","post","type-post","status-publish","format-standard","has-post-thumbnail","category-lietuva","tag-antrastes","tag-breaking-news","tag-breakingnews","tag-featured-news","tag-featurednews","tag-headlines","tag-latest-news","tag-latestnews","tag-lietuva","tag-lietuviu","tag-lithuania","tag-lithuanian","tag-lt","tag-naujienos","tag-news","tag-populiariausios-naujienos","tag-populiariausiosnaujienos","tag-rukla","tag-sausumos-pajegos","tag-top-stories","tag-topstories"],"share_on_mastodon":{"url":"https:\/\/pubeurope.com\/@lt\/115954801948064592","error":""},"_links":{"self":[{"href":"https:\/\/www.europesays.com\/lt\/wp-json\/wp\/v2\/posts\/91405","targetHints":{"allow":["GET"]}}],"collection":[{"href":"https:\/\/www.europesays.com\/lt\/wp-json\/wp\/v2\/posts"}],"about":[{"href":"https:\/\/www.europesays.com\/lt\/wp-json\/wp\/v2\/types\/post"}],"author":[{"embeddable":true,"href":"https:\/\/www.europesays.com\/lt\/wp-json\/wp\/v2\/users\/2"}],"replies":[{"embeddable":true,"href":"https:\/\/www.europesays.com\/lt\/wp-json\/wp\/v2\/comments?post=91405"}],"version-history":[{"count":0,"href":"https:\/\/www.europesays.com\/lt\/wp-json\/wp\/v2\/posts\/91405\/revisions"}],"wp:featuredmedia":[{"embeddable":true,"href":"https:\/\/www.europesays.com\/lt\/wp-json\/wp\/v2\/media\/91406"}],"wp:attachment":[{"href":"https:\/\/www.europesays.com\/lt\/wp-json\/wp\/v2\/media?parent=91405"}],"wp:term":[{"taxonomy":"category","embeddable":true,"href":"https:\/\/www.europesays.com\/lt\/wp-json\/wp\/v2\/categories?post=91405"},{"taxonomy":"post_tag","embeddable":true,"href":"https:\/\/www.europesays.com\/lt\/wp-json\/wp\/v2\/tags?post=91405"}],"curies":[{"name":"wp","href":"https:\/\/api.w.org\/{rel}","templated":true}]}}