{"id":91423,"date":"2026-01-25T09:04:17","date_gmt":"2026-01-25T09:04:17","guid":{"rendered":"https:\/\/www.europesays.com\/lt\/91423\/"},"modified":"2026-01-25T09:04:17","modified_gmt":"2026-01-25T09:04:17","slug":"amazon-atleis-tukstancius-biuro-darbuotoju","status":"publish","type":"post","link":"https:\/\/www.europesays.com\/lt\/91423\/","title":{"rendered":"\u201eAmazon\u201c atleis t\u016bkstan\u010dius biuro darbuotoj\u0173"},"content":{"rendered":"<p class=\"caps\"><a href=\"https:\/\/www.europesays.com\/lt\/wp-content\/uploads\/2026\/01\/google_amazon_facebook.jpg\" rel=\"lightbox[135461]\" title=\"\u201eAmazon\u201c atleis t\u016bkstan\u010dius biuro darbuotoj\u0173\"><img loading=\"lazy\" decoding=\"async\" class=\"alignnone wp-image-47343 size-full\" src=\"https:\/\/www.europesays.com\/lt\/wp-content\/uploads\/2026\/01\/google_amazon_facebook.jpg\" alt=\"\" width=\"666\" height=\"349\"\/><\/a><\/p>\n<p>\u201eAmazon\u201c korporacija ketina atleisti kelis t\u016bkstan\u010dius darbuotoj\u0173, \u012fskaitant HR ir ma\u017emenin\u0117s prekybos padalini\u0173, taip pat debes\u0173 paslaug\u0173 AWS ir transliacij\u0173 paslaug\u0173 \u201ePrime Video\u201c darbuotojus.<\/p>\n<p>Apie tai ra\u0161o \u201e<a href=\"https:\/\/www.reuters.com\/business\/world-at-work\/amazon-plans-thousands-more-corporate-job-cuts-next-week-sources-say-2026-01-22\/\" target=\"_blank\" rel=\"noopener nofollow\">Reuters<\/a>\u201c, remdamasi \u0161altiniais.<\/p>\n<p>J\u0173 duomenimis, atleidimai gali prasid\u0117ti jau kit\u0105 savait\u0119. \u201e<a style=\"color: #b00b0b;\" href=\"https:\/\/infa.lt\/tag\/amazon\" rel=\"noopener noreferrer nofollow\" target=\"_blank\">Amazon<\/a>\u201c atsisak\u0117 komentuoti \u0161i\u0105 informacij\u0105.<\/p>\n<p>Tai jau antrasis atleidim\u0173 etapas \u201eAmazon\u201c korporacijoje per pastaruosius kelis m\u0117nesius. 2025 m. spal\u012f \u201eReuters\u201c, taip pat remdamasi \u0161altiniais, <a href=\"https:\/\/infa.lt\/132075\/amazon-planuoja-didziausia-nuo-2022-m-darbuotoju-skaiciaus-mazinima\/\" rel=\"nofollow noopener\" target=\"_blank\">prane\u0161\u0117<\/a> apie korporacijos planus atleisti i\u0161 viso 30 t\u016bkst. biuro darbuotoj\u0173 \u2013 apie 10% vis\u0173 j\u0173 skai\u010diaus.<\/p>\n<p>T\u0105 pat\u012f m\u0117nes\u012f \u201eAmazon\u201c atleido 14 t\u016bkst. darbuotoj\u0173. Tuomet bendrov\u0117s generalinis direktorius Andy Jassy parei\u0161k\u0117, kad tai pirmiausia susij\u0119 su tuo, kad korporacin\u0117 strukt\u016bra tapo pernelyg biurokratizuota, tod\u0117l kai kuriuos padalinius reikia supaprastinti ir suma\u017einti hierarchijos lygmen\u0173 skai\u010di\u0173.<\/p>\n<p>Remiantis \u201eReuters\u201c \u0161altiniais, dabar \u201eAmazon\u201c gali atleisti ma\u017edaug tiek pat darbuotoj\u0173, taip \u012fvykdydama ma\u017einimo plan\u0105.<\/p>\n<p>2025 m spal\u012f taip pat buvo <a href=\"https:\/\/infa.lt\/131911\/amazon-ketina-pakeisti-600-tukst-sandeliu-darbuotoju-robotais\/\" rel=\"nofollow noopener\" target=\"_blank\">prane\u0161ta<\/a>, jog \u201eAmazon\u201c planuoja atleisti 600 t\u016bkst sand\u0117li\u0173 darbuotoj\u0173, pakeisdama juos robotais.<\/p>\n<p>Jei galiausiai bus i\u0161 ties\u0173 suma\u017einta 30 t\u016bkst. darbo viet\u0173, tai bus did\u017eiausias ma\u017einimas korporacijos istorijoje \u2013 2022 m. ji atleido 27 t\u016bkst. darbuotoj\u0173.<\/p>\n","protected":false},"excerpt":{"rendered":"\u201eAmazon\u201c korporacija ketina atleisti kelis t\u016bkstan\u010dius darbuotoj\u0173, \u012fskaitant HR ir ma\u017emenin\u0117s prekybos padalini\u0173, taip pat debes\u0173 paslaug\u0173 AWS&hellip;\n","protected":false},"author":2,"featured_media":91424,"comment_status":"","ping_status":"","sticky":false,"template":"","format":"standard","meta":{"footnotes":""},"categories":[17],"tags":[6867,8364,81,37,39,36,38,40,46],"class_list":{"0":"post-91423","1":"post","2":"type-post","3":"status-publish","4":"format-standard","5":"has-post-thumbnail","7":"category-verslas","8":"tag-amazon","9":"tag-atleidzia-darbuotojus","10":"tag-business","11":"tag-lietuva","12":"tag-lietuviu","13":"tag-lithuania","14":"tag-lithuanian","15":"tag-lt","16":"tag-verslas"},"share_on_mastodon":{"url":"https:\/\/pubeurope.com\/@lt\/115954939526246677","error":""},"_links":{"self":[{"href":"https:\/\/www.europesays.com\/lt\/wp-json\/wp\/v2\/posts\/91423","targetHints":{"allow":["GET"]}}],"collection":[{"href":"https:\/\/www.europesays.com\/lt\/wp-json\/wp\/v2\/posts"}],"about":[{"href":"https:\/\/www.europesays.com\/lt\/wp-json\/wp\/v2\/types\/post"}],"author":[{"embeddable":true,"href":"https:\/\/www.europesays.com\/lt\/wp-json\/wp\/v2\/users\/2"}],"replies":[{"embeddable":true,"href":"https:\/\/www.europesays.com\/lt\/wp-json\/wp\/v2\/comments?post=91423"}],"version-history":[{"count":0,"href":"https:\/\/www.europesays.com\/lt\/wp-json\/wp\/v2\/posts\/91423\/revisions"}],"wp:featuredmedia":[{"embeddable":true,"href":"https:\/\/www.europesays.com\/lt\/wp-json\/wp\/v2\/media\/91424"}],"wp:attachment":[{"href":"https:\/\/www.europesays.com\/lt\/wp-json\/wp\/v2\/media?parent=91423"}],"wp:term":[{"taxonomy":"category","embeddable":true,"href":"https:\/\/www.europesays.com\/lt\/wp-json\/wp\/v2\/categories?post=91423"},{"taxonomy":"post_tag","embeddable":true,"href":"https:\/\/www.europesays.com\/lt\/wp-json\/wp\/v2\/tags?post=91423"}],"curies":[{"name":"wp","href":"https:\/\/api.w.org\/{rel}","templated":true}]}}