{"id":91478,"date":"2026-01-25T11:20:09","date_gmt":"2026-01-25T11:20:09","guid":{"rendered":"https:\/\/www.europesays.com\/lt\/91478\/"},"modified":"2026-01-25T11:20:09","modified_gmt":"2026-01-25T11:20:09","slug":"pora-su-naujagimiu-nakti-del-gaisro-turejo-palikti-namus","status":"publish","type":"post","link":"https:\/\/www.europesays.com\/lt\/91478\/","title":{"rendered":"Pora su naujagimiu nakt\u012f d\u0117l gaisro tur\u0117jo palikti namus"},"content":{"rendered":"<p>Kauno prie\u0161gaisrin\u0117s gelb\u0117jimo valdybos duomenimis, sausio 25 d. apie 1 val. 25 min. gautas prane\u0161imas, kad dega butas. <\/p>\n<p>Atvykus ugniagesiams, bendrabu\u010dio tipo daugiabutyje tre\u010diame auk\u0161te atvira liepsna deg\u0117 balkonas. Bute \u017emoni\u0173 nebuvo, \u012f jo vid\u0173 gelb\u0117tojai pateko i\u0161lau\u017e\u0119 duris. <a rel=\"noopener nofollow\" target=\"_blank\" href=\"https:\/\/www.delfi.lt\/temos\/ugniagesiai\" tag-id=\"39295799\">Ugniagesiai<\/a> i\u0161ved\u0117 ketvirtame auk\u0161te gyvenan\u010dius du \u017emones su naujagimiu. Juos sutiko priglausti giminai\u010diai. <\/p>\n<p>Per gaisr\u0105 apdeg\u0117 ir apr\u016bko dalis balkono, i\u0161du\u017eo langas, bet butas nuo ugnies nenukent\u0117jo. Ugniagesiai i\u0161v\u0117dino butus 4 ir 5 auk\u0161tuose. <\/p>\n<p>D\u016bm\u0173 detektoriaus nebuvo.  \u012evykis tiriamas. <\/p>\n<p>Prie\u0161gaisrin\u0117s apsaugos ir gelb\u0117jimo departamento Situacij\u0173 koordinavimo skyriaus budintis pareig\u016bnas informavo \u201eDelfi\u201c, kad pra\u0117jusi\u0105 par\u0105 kilo 49 gaisrai. \u201eGalime pasid\u017eiaugti, kad nei \u017euvusi\u0173, nei traumuot\u0173 gaisruose nefiksuota\u201c, \u2013 teig\u0117 pareig\u016bnas. <\/p>\n<p>Be to atlikti dar 27 gelb\u0117jimo darbai.<\/p>\n","protected":false},"excerpt":{"rendered":"Kauno prie\u0161gaisrin\u0117s gelb\u0117jimo valdybos duomenimis, sausio 25 d. apie 1 val. 25 min. gautas prane\u0161imas, kad dega butas.&hellip;\n","protected":false},"author":2,"featured_media":91479,"comment_status":"","ping_status":"","sticky":false,"template":"","format":"standard","meta":{"footnotes":""},"categories":[13],"tags":[25,30,31,34,35,144,24,32,33,37,39,36,38,40,23,22,28,29,26,27,593],"class_list":{"0":"post-91478","1":"post","2":"type-post","3":"status-publish","4":"format-standard","5":"has-post-thumbnail","7":"category-lietuva","8":"tag-antrastes","9":"tag-breaking-news","10":"tag-breakingnews","11":"tag-featured-news","12":"tag-featurednews","13":"tag-gaisras","14":"tag-headlines","15":"tag-latest-news","16":"tag-latestnews","17":"tag-lietuva","18":"tag-lietuviu","19":"tag-lithuania","20":"tag-lithuanian","21":"tag-lt","22":"tag-naujienos","23":"tag-news","24":"tag-populiariausios-naujienos","25":"tag-populiariausiosnaujienos","26":"tag-top-stories","27":"tag-topstories","28":"tag-ugniagesiai"},"share_on_mastodon":{"url":"https:\/\/pubeurope.com\/@lt\/115955474251651424","error":""},"_links":{"self":[{"href":"https:\/\/www.europesays.com\/lt\/wp-json\/wp\/v2\/posts\/91478","targetHints":{"allow":["GET"]}}],"collection":[{"href":"https:\/\/www.europesays.com\/lt\/wp-json\/wp\/v2\/posts"}],"about":[{"href":"https:\/\/www.europesays.com\/lt\/wp-json\/wp\/v2\/types\/post"}],"author":[{"embeddable":true,"href":"https:\/\/www.europesays.com\/lt\/wp-json\/wp\/v2\/users\/2"}],"replies":[{"embeddable":true,"href":"https:\/\/www.europesays.com\/lt\/wp-json\/wp\/v2\/comments?post=91478"}],"version-history":[{"count":0,"href":"https:\/\/www.europesays.com\/lt\/wp-json\/wp\/v2\/posts\/91478\/revisions"}],"wp:featuredmedia":[{"embeddable":true,"href":"https:\/\/www.europesays.com\/lt\/wp-json\/wp\/v2\/media\/91479"}],"wp:attachment":[{"href":"https:\/\/www.europesays.com\/lt\/wp-json\/wp\/v2\/media?parent=91478"}],"wp:term":[{"taxonomy":"category","embeddable":true,"href":"https:\/\/www.europesays.com\/lt\/wp-json\/wp\/v2\/categories?post=91478"},{"taxonomy":"post_tag","embeddable":true,"href":"https:\/\/www.europesays.com\/lt\/wp-json\/wp\/v2\/tags?post=91478"}],"curies":[{"name":"wp","href":"https:\/\/api.w.org\/{rel}","templated":true}]}}