{"id":91559,"date":"2026-01-25T14:23:07","date_gmt":"2026-01-25T14:23:07","guid":{"rendered":"https:\/\/www.europesays.com\/lt\/91559\/"},"modified":"2026-01-25T14:23:07","modified_gmt":"2026-01-25T14:23:07","slug":"macrono-zinute-trumpas-paviesino-ne-siaip-sau","status":"publish","type":"post","link":"https:\/\/www.europesays.com\/lt\/91559\/","title":{"rendered":"Macrono \u017einut\u0119 Trumpas pavie\u0161ino ne \u0161iaip sau"},"content":{"rendered":"<p>\u017durnalist\u0173 akivaizdoje JAV prezidentas taip pat sau leido E. Macron\u0105 patraukti per dant\u012f, parei\u0161k\u0119s, kad \u201eJis jau greit paliks post\u0105\u201c.<\/p>\n<p>E. Macronui bandant pasir\u016bpinti, kad dialogas nenutr\u016bkt\u0173, D. Trumpas vie\u0161ai g\u0117dina kitos \u0161alies prezident\u0105. Jis da\u017enai vie\u0161umoje m\u0117gd\u017eioja Pranc\u016bzijos lyderio akcent\u0105.<\/p>\n<p>Pana\u0161u, kad JAV ir Pranc\u016bzijos prezident\u0173 santyki\u0173 dinamika dar pasikeis ir po \u201eFrance 2\u201c parodyto dokumentinio filmo, kuriame rodomas privatus telefono skambutis E. Macronui vie\u0161int Kyjive 2025 met\u0173 gegu\u017e\u0117s 10 dien\u0105, kuris buvo nufilmuotas be D. Trumpo \u017einios.<\/p>\n<p>D. Trumpo \u017eodines atakas E. Macronas antradien\u012f atr\u0117m\u0117 pasitelk\u0119s ironij\u0105. \u201eDabar taikos, stabilumo ir nusp\u0117jamumo metas\u201c, \u2013 Pasaulio ekonomikos forume Davose savo kalb\u0105 prad\u0117jo Pranc\u016bzijos prezidentas, sukeldamas juoko bang\u0105 auditorijoje.<\/p>\n<p>Tik kalbos tonas i\u0161kart pasikeit\u0117: prezidentas nupie\u0161\u0117 pasaulio be taisykli\u0173 paveiksl\u0105 ir Europ\u0105, kuriai b\u016btina i\u0161 naujo \u012frodyti savo vert\u0119. \u201eNaujo kolonialinio po\u017ei\u016brio pri\u0117mimas\u201c, anot prezidento, visai nelogi\u0161kas. Pranc\u016bzui D. Trumpo siekis u\u017esigrobti Grenlandij\u0105 \u2013 populiar\u0117jan\u010dios galios politikos \u012frodymas.<\/p>\n<p>Kariniai signalai s\u0105jungininkams?<\/p>\n<p>Vos prie\u0161 kelias dienas kelios NATO priklausan\u010dios Europos valstyb\u0117s, \u012fskaitant Pranc\u016bzij\u0105, kuri buvo pirmoji ir ry\u0161kiausiai matoma, sureagavo \u012f agresyvius D. Trumpo parei\u0161kimus apie siek\u012f perimti Grenlandijos kontrol\u0119. Danijos kvietimu Pary\u017eius \u012f Grenlandijos sostin\u0119 Nuk\u0105 pasiunt\u0117 15 kaln\u0173 paj\u0117g\u0173 kari\u0173. Prie\u0161 tai vir\u0161 Arkties teritorijos buvo atliktas degal\u0173 papildymo ore manevras.<\/p>\n<p>Be to, Pary\u017eius paraleliai vysto ir sav\u0105 plan\u0105, prad\u0117t\u0105 dar 2025 metais, Nuke atidaryti generalin\u012f konsulat\u0105. Pranc\u016bzijos aktyvumas regione \u2013 tiesioginis atsakas \u012f tiesmuki\u0161kus D. Trumpo komentarus.<\/p>\n<p>Nenor\u0117dama nusileisti Va\u0161ingtono retorikai, Pranc\u016bzijos u\u017esienio politika taip pat grie\u017etina ton\u0105. Praeitos savait\u0117s pabaigoje Nauj\u0173j\u0173 met\u0173 proga kreipdamasis \u012f \u0161alies ginkluot\u0105sias paj\u0117gas Istro karin\u0117je baz\u0117je E. Macronas pasak\u0117 labai karingus \u017eod\u017eius: \u201eTam, kad liktume laisvi, m\u016bs\u0173 turi bijoti. O tam, kad m\u016bs\u0173 bijot\u0173, turime b\u016bti stipr\u016bs\u201c. Prezidentas jau paskelb\u0117 apie \u012f Grenlandij\u0105 siun\u010diamas sausumos, oro ir laivyno paj\u0117gas, bet daugiau detali\u0173 kol kas nepateikiama.<\/p>\n<p>Rankos paspaudimas ir \u017eavesio kampanija<\/p>\n<p>Kai D. Trumpas pirm\u0105 kart\u0105 Baltuosiuose r\u016bmuose 2017 met\u0173 gegu\u017e\u0119 pri\u0117m\u0117 k\u0105 tik i\u0161rinkt\u0105j\u012f E. Macron\u0105, pranc\u016bzas su\u017eib\u0117jo visomis \u017eavesio spalvomis. Tada politikos naujoku vadintas E. Macronas beveik minut\u0119 atlaik\u0117 li\u016bdnai pagars\u0117jus\u012f dominuojan\u010dios pozicijos \u012ftvirtinimo simboliu tapus\u012f D. Trumpo rankos paspaudim\u0105.<\/p>\n<p>\u017dinut\u0117 buvo labai ai\u0161ki: Pranc\u016bzijos lyderis nebijo JAV prezidento, painiojan\u010dio pagarb\u0105 su dominavimu. Jis Baltuosiuose r\u016bmuose ie\u0161kojo bendryst\u0117s ir lygiaverti\u0161ko santykio, o ne subordinacijos. Pary\u017eiuje \u017emon\u0117s buvo \u012fsitikin\u0119, kad D. Trumpas reaguos tik \u012f j\u0117g\u0105.<\/p>\n<p>Paraleliai E. Macronas tik\u0117josi pasinaudoti D. Trumpo silpnyb\u0117mis \u2013 tu\u0161tybe ir pagyromis. Jis pasikviet\u0117 JAV prezident\u0105 kaip garb\u0117s sve\u010di\u0105 dalyvauti savo pirmosios valstybin\u0117s \u0161vent\u0117s renginiuose Pary\u017eiuje liepos 14 dien\u0105, \u012fskaitant ir vakarien\u0119 Eiffelio bok\u0161te. Tai buvo labai simboli\u0161kas sprendimas: nepaisant skirtum\u0173, Pranc\u016bzija vis tiek suinteresuota artimais ry\u0161iais su s\u0105jungininke. E. Macronas, nor\u0117damas \u012fkalbinti D. Trump\u0105 bendradarbiauti tarptautiniais klausimais, o Pranc\u016bzij\u0105 parodyti kaip tilt\u0173 ties\u0117j\u0105, tiesiog sumaniai i\u0161naudojo diplomatinio svetingumo kort\u0105.<\/p>\n<p>Stipr\u016bs \u017eod\u017eiai prie\u0161 nacionalizm\u0105<\/p>\n<p>Kaip ten beb\u016bt\u0173, tvaraus ir ilgalaikio Va\u0161ingtono pozicijos poky\u010dio E. Macronui u\u017esitikrinti visgi nepavyko. Valstybi\u0173 lyderi\u0173 santykiai pa\u0161lijo. 2018 met\u0173 lapkri\u010dio 11 dien\u0105, minint 100-\u0105sias Pirmojo pasaulinio karo metines, E. Macronas, dalyvaujant D. Trumpui, kalb\u0117jo apie nacionalizmo pavojus. JAV prezidentas tai suprato kaip u\u017esl\u0117pt\u0105 kritim\u0105 jo strategijai \u201ePirmiausia \u2013 Amerika\u201c.<\/p>\n<p>E. Macronas 2019 metais suk\u0117l\u0117 nemenk\u0105 bruzdes\u012f savo komentaru, es\u0105, NATO \u201esmegenys mirusios\u201c. \u0160is parei\u0161kimas, i\u0161sakytas per interviu, buvo skirtas ne kiek pa\u010diam aljansui, bet antagonistiniam D. Trumpo po\u017ei\u016briui \u012f organizacij\u0105. Pranc\u016bzija tenor\u0117jo paskatinti diskusijas: kiek dar ilgai Europa gali kliautis partneriu, vie\u0161ai abejojan\u010diu savo \u012fsipareigojimais? \u0160iandien tuo metu ar\u0161ios kritikos sulauk\u0119 \u017eod\u017eiai skamba kaip prana\u0161i\u0161ki, turint omenyje, koki\u0105 rimt\u0105 kriz\u0119 dabar i\u0161gyvena aljansas.<\/p>\n<p>Lemiamas metas Grenlandijai?<\/p>\n<p>Kai D. Trumpas prie\u0161 metus buvo i\u0161rinktas antrajai kadencijai, JAV ir Pranc\u016bzijos prezident\u0173 medaus m\u0117nuo nebelauk\u0117. 2025 met\u0173 pavasar\u012f transatlantini\u0173 santyki\u0173 tonas tapo dar prie\u0161i\u0161kesnis. Pranc\u016bzija tapo D. Trumpo tarif\u0173 politikos taikiniu \u2013 Baltuosius r\u016bmus suerzino naujas E. Macrono bandymas \u012fvesti koordinuot\u0105 Europos skaitmenin\u012f mokest\u012f. I\u0161 prad\u017ei\u0173 D. Trumpas grasino tarifais bausti pranc\u016bzi\u0161k\u0105 vyn\u0105 ir prabangos prekes, ta\u010diau v\u0117liau nusitaik\u0117 ir \u012f kit\u0105 europieti\u0161k\u0105 produkcij\u0105.<\/p>\n<p>Pranc\u016bzija ir Europos S\u0105junga sureagavo a\u0161triai ir pasiruo\u0161\u0117 atsakom\u0173j\u0173 priemoni\u0173. Pary\u017eius reikalavo, kad Europ\u0105 domint\u0173 ne tik flirtas ir derybos \u2013 sud\u0117tingais atvejais b\u016btini ir ry\u017etingos prekybos politikos instrumentai. E. Macronas tuo metu sak\u0117, kad Europa netur\u0117t\u0173 leisti, kad jai b\u016bt\u0173 primetamos s\u0105lygos, kaip i\u0161naudoti sav\u0105 mokestin\u012f suverenum\u0105.<\/p>\n<p>Antradien\u012f Davose Pranc\u016bzijos prezidentas u\u017esimin\u0117 apie Europos S\u0105jungos kovai su ekonominiu spaudimu skirt\u0105 priemon\u0119, leid\u017eian\u010di\u0105 taikyti tokias atsakom\u0105sias priemones kaip muitai ir prieigos prie prekybos rinkos ribojimai. Politin\u0117se diskusijose ji vadinama \u201ebazuka\u201c.<\/p>\n<p>Macrono silpnyb\u0117s nam\u0173 aik\u0161tel\u0117je<\/p>\n<p>Tai, kokia j\u0117ga E. Macronas spindi u\u017esienio politikoje, kaip diena ir naktis kontrastuoja su jo situacija Pranc\u016bzijos vidais politikoje. Nam\u0173 aik\u0161tel\u0117je Pranc\u016bzijos prezidentas prakti\u0161kai neturi erdv\u0117s jokiems manevrams. Jo vyriausyb\u0117 dar laukia, kad parlamentas pritart\u0173 2026 met\u0173 biud\u017eetui. O ir Europoje, jeigu nor\u0117t\u0173 imtis savo politin\u0117s krypties, pirmiausia tur\u0117t\u0173 susirasti s\u0105junginink\u0173 ir u\u017esitikrinti daugum\u0105.<\/p>\n<p>Kol E. Macronas nori, kad Europa u\u017etaisyt\u0173 savo \u201ebazuk\u0105\u201c, Berlynas laikosi nuosaikios strategijos. Vokietijos kancleris Friedrichas Merzas, u\u017ekiet\u0117j\u0119s transatlantin\u0117s politikos \u0161alininkas, \u0161iuo metu did\u017eiausi\u0105 d\u0117mes\u012f skiria Grenlandijos kriz\u0117s deeskalacijai.<\/p>\n<p>Kur E. Macronas kalba apie \u201eekonomin\u012f \u0161anta\u017e\u0105\u201c ir reikalauja tarif\u0173, Vokietijos kancleris ragina elgtis apdairiau ir viliasi ka\u017ekaip per derybas D. Trump\u0105 nuo diplomatinio skard\u017eio atitraukti.<\/p>\n<p>Europai tr\u016bksta varomosios j\u0117gos<\/p>\n<p>Svarbu priminti, kad per pirm\u0105j\u0105 kadencij\u0105 E. Macrono iniciatyvas Va\u0161ingtonas kategori\u0161kai atmesdavo. Ankstesn\u0117 dialogo ir prie\u0161taravim\u0173 pusiausvyra jau i\u0161naudojo visas galimybes. Jau kuris laikas keliamas klausimas, ar Europa dar kada nors gal\u0117s pati nurodyti krypt\u012f.<\/p>\n<p>Pranc\u016bzijos ekspertas i\u0161 Vokietijos tarptautini\u0173 santyki\u0173 tarybos tai regi kaip strukt\u016brin\u0119 Europos strategijos D. Trumpo klausimu problem\u0105: \u201eEmmanuelis Macronas visada reaguoja \u012f Donald\u0105 Trump\u0105\u201c.<\/p>\n<p>Nei jis, nei joks kitas Europos lyderis ar vald\u017eia kol kas nesugeb\u0117jo pristatyti varom\u0105j\u0105 j\u0117ga galin\u010dios tapti strategijos. Tai, k\u0105 jie daro, tai reaguoja \u012f vis naujas Va\u0161ingtono provokacijas.<\/p>\n","protected":false},"excerpt":{"rendered":"\u017durnalist\u0173 akivaizdoje JAV prezidentas taip pat sau leido E. Macron\u0105 patraukti per dant\u012f, parei\u0161k\u0119s, kad \u201eJis jau greit&hellip;\n","protected":false},"author":2,"featured_media":91560,"comment_status":"","ping_status":"","sticky":false,"template":"","format":"standard","meta":{"footnotes":""},"categories":[15],"tags":[25,30,31,194,652,34,35,24,32,33,37,39,36,38,40,23,22,44,28,29,26,27,74,75,76],"class_list":{"0":"post-91559","1":"post","2":"type-post","3":"status-publish","4":"format-standard","5":"has-post-thumbnail","7":"category-pasaulis","8":"tag-antrastes","9":"tag-breaking-news","10":"tag-breakingnews","11":"tag-donaldas-trumpas","12":"tag-emmanuelis-macronas","13":"tag-featured-news","14":"tag-featurednews","15":"tag-headlines","16":"tag-latest-news","17":"tag-latestnews","18":"tag-lietuva","19":"tag-lietuviu","20":"tag-lithuania","21":"tag-lithuanian","22":"tag-lt","23":"tag-naujienos","24":"tag-news","25":"tag-pasaulis","26":"tag-populiariausios-naujienos","27":"tag-populiariausiosnaujienos","28":"tag-top-stories","29":"tag-topstories","30":"tag-world","31":"tag-world-news","32":"tag-worldnews"},"share_on_mastodon":{"url":"https:\/\/pubeurope.com\/@lt\/115956193858863670","error":""},"_links":{"self":[{"href":"https:\/\/www.europesays.com\/lt\/wp-json\/wp\/v2\/posts\/91559","targetHints":{"allow":["GET"]}}],"collection":[{"href":"https:\/\/www.europesays.com\/lt\/wp-json\/wp\/v2\/posts"}],"about":[{"href":"https:\/\/www.europesays.com\/lt\/wp-json\/wp\/v2\/types\/post"}],"author":[{"embeddable":true,"href":"https:\/\/www.europesays.com\/lt\/wp-json\/wp\/v2\/users\/2"}],"replies":[{"embeddable":true,"href":"https:\/\/www.europesays.com\/lt\/wp-json\/wp\/v2\/comments?post=91559"}],"version-history":[{"count":0,"href":"https:\/\/www.europesays.com\/lt\/wp-json\/wp\/v2\/posts\/91559\/revisions"}],"wp:featuredmedia":[{"embeddable":true,"href":"https:\/\/www.europesays.com\/lt\/wp-json\/wp\/v2\/media\/91560"}],"wp:attachment":[{"href":"https:\/\/www.europesays.com\/lt\/wp-json\/wp\/v2\/media?parent=91559"}],"wp:term":[{"taxonomy":"category","embeddable":true,"href":"https:\/\/www.europesays.com\/lt\/wp-json\/wp\/v2\/categories?post=91559"},{"taxonomy":"post_tag","embeddable":true,"href":"https:\/\/www.europesays.com\/lt\/wp-json\/wp\/v2\/tags?post=91559"}],"curies":[{"name":"wp","href":"https:\/\/api.w.org\/{rel}","templated":true}]}}