{"id":92362,"date":"2026-01-26T19:46:30","date_gmt":"2026-01-26T19:46:30","guid":{"rendered":"https:\/\/www.europesays.com\/lt\/92362\/"},"modified":"2026-01-26T19:46:30","modified_gmt":"2026-01-26T19:46:30","slug":"vitas-tomkus-ateina-genijai-ir-vel-isnyksta-atejo-monika-visiems-laikams-respublika-lt","status":"publish","type":"post","link":"https:\/\/www.europesays.com\/lt\/92362\/","title":{"rendered":"Vitas TOMKUS: ATEINA GENIJAI IR V\u0116L I\u0160NYKSTA, AT\u0116JO MONIKA VISIEMS LAIKAMS! &#8211; Respublika.lt"},"content":{"rendered":"<p><img loading=\"lazy\" decoding=\"async\" src=\"https:\/\/www.respublika.lt\/lt\/naujienos\/nuomones_ir_komentarai\/isklausyk-respublika\/vitas-tomkus-ateina-genijai-ir-vel-isnyksta-atejo-monika-visiems-laikams\/images\/ico_camera_white.gif\" class=\"camera\" width=\"22\" height=\"15\" alt=\"nuotr.\" style=\"position:relative; top:-2px; right:2px;\"\/> 1 nuotr.<\/p>\n<p>Ar\u016bno Bernacko koliaz\u030cas<\/p>\n<p>Mano laikais taip buvo kalbama tik apie Lenin\u0105. Ta\u010diau laikai pasikeit\u0117 ir nei Lenino, nei jo paminkl\u0173 Lietuvoje nebeliko. Tiesa, kai kas, matyt, \u0161irdyje vis dar i\u0161lik\u0119s bol\u0161eviku, retsykiais m\u0117gina su Leninu susiskambinti, bet \u012ftariu, kad jam veikiausiai atsakin\u0117ja koks i\u0161prot\u0117j\u0119s mauzoliejaus darbuotojas.<\/p>\n<p style=\"text-align: justify;\" class=\"desktop_banner\">\u00a0<\/p>\n<p>Monikos atvejis ypatingas. Nei ji at\u0117jo \u012f LRT, nei j\u0105 kas i\u0161rinko. Pasistat\u0117 k\u0105 reikia ir kam reikia. Mat puikiai u\u017esirekomendavo ne savo straipsniais ar TV reporta\u017eais, o uolumu tarnaujant u\u017esienio kapitalui, kai dirbo Hanso Luiko kompanijoje \u201eDelfyje&#8221;. Tad globalistinis modelis buvo perkeltas \u012f Lietuvos radij\u0105 ir televizij\u0105.<\/p>\n<p>Tad nieks nenustebo, kai per prezidentinius rinkimus ir \u012f seim\u0105 svarbiausi klausimai pretendentams \u012f vald\u017ei\u0105 per LRT buvo du: \u201eKiek ly\u010di\u0173?&#8221; ir \u201eKieno Krymas?&#8221;. \u0160iandien, apsirei\u0161kus Trampui, metas pagaliau pripa\u017einti, kad tai buvo ne klausimai, o psichologinis testas: turi Lietuvos politikai stubur\u0105 ar jau nebe?<\/p>\n<p>Pasirodo, kad ne. Nes tik tokie Europarlamente bei vietos vald\u017eioje reikalingi. Nem\u0105stantys, neprincipingi ir neprie\u0161taraujantys niekam bestuburiai. Kuriems karas yra geriau nei taika, o ukrainie\u010di\u0173 gerov\u0117 daug svarbesn\u0117 nei Lietuvos gydytoj\u0173 bei mokytoj\u0173 i\u0161likimas. Be kuri\u0173 joks gyvenimas &#8211; nebe gyvenimas&#8230;<\/p>\n<p>Tiesa, bestuburiai politikai mums si\u016blo saliamoni\u0161k\u0105 sprendim\u0105: nelaukti m\u0117nesi\u0173 m\u0117nesiais specialist\u0173, o gydytis per atstum\u0105. Internetu arba telefonu. Tuomet ir a\u0161 turiu tokiems politikams pasi\u016blym\u0105, kaip l\u0117\u0161as sutaupyt: paleist seim\u0105 ir \u012fkurdinti ten pap\u016bgas. Jos geriau moka atkartoti kas sakoma \u0161eiminink\u0173.<\/p>\n<p>P.S. O nemirtingajai Monikai si\u016blau per kitus debatus savo nepamainomiems laid\u0173 ved\u0117jams \u012fsakyti, kad busimieji kandidatai \u012f vald\u017ei\u0105 ne tik atsakyt\u0173 kiek yra ly\u010di\u0173, bet ir jas visas i\u0161vardint\u0173, nes man pa\u010diam tai niekaip nepavyksta&#8230; (Nors suskai\u010diavau visus atsiki\u0161usius daiktus: pradedant pir\u0161tais ir baigiant nosim!)<\/p>\n<p>Patiko straipsnis? Leisk mums apie tai su\u017einoti. Nepamir\u0161k pasidalinti Facebook! <\/p>\n<p><img loading=\"lazy\" decoding=\"async\" class=\"p2_social_circle_icon\" src=\"https:\/\/www.respublika.lt\/images\/thumbs_up.svg\" width=\"21\" height=\"22\" alt=\"L\"\/><\/p>\n<p><img loading=\"lazy\" decoding=\"async\" class=\"p2_social_circle_icon\" src=\"https:\/\/www.respublika.lt\/images\/facebook.svg\" alt=\"F\" width=\"22\" height=\"22\" style=\"filter: invert(37%) sepia(55%) saturate(2351%) hue-rotate(187deg) brightness(102%) contrast(106%);\"\/><\/p>\n<p>&#13;<br \/>\n\tNesutinkate &#8211; diskutuokime!<br \/>&#13;<br \/>\n\tNepykite komentatoriai, bet komentarai su keiksma\u017eod\u017eiais bus \u0161alinami automati\u0161kai, be atsipra\u0161ymo.\n    <\/p>\n<p>&#13;<br \/>\n              Respublika.lt pasilieka teis\u0119 pa\u0161alinti nekult\u016bringus, keiksma\u017eod\u017eiais pagardintus, su tema nesusijusius, kito asmens vardu pasira\u0161ytus, \u012fstatymus pa\u017eeid\u017eian\u010dius, \u0161lam\u0161t\u0105 reklamuojan\u010dius ar nusikalsti kurstan\u010dius komentarus. Jei kurstysite smurt\u0105, rasin\u0119, tautin\u0119, religin\u0119 ar kitokio pob\u016bd\u017eio neapykant\u0105, \u017evirbliu i\u0161skrid\u0119 j\u016bs\u0173 \u017eod\u017eiai gr\u012f\u017edami gali virsti ton\u0105 sverian\u010diu jau\u010diu &#8211; specialiosioms Lietuvos tarnyboms pareikalavus suteiksime j\u016bs\u0173 duomenis.\n            <\/p>\n","protected":false},"excerpt":{"rendered":"1 nuotr. Ar\u016bno Bernacko koliaz\u030cas Mano laikais taip buvo kalbama tik apie Lenin\u0105. Ta\u010diau laikai pasikeit\u0117 ir nei&hellip;\n","protected":false},"author":2,"featured_media":92363,"comment_status":"","ping_status":"","sticky":false,"template":"","format":"standard","meta":{"footnotes":""},"categories":[6],"tags":[25,30,31,34,35,24,32,33,18975,37,39,36,38,519,40,13573,23,22,28,29,577,26,27,3295],"class_list":{"0":"post-92362","1":"post","2":"type-post","3":"status-publish","4":"format-standard","5":"has-post-thumbnail","7":"category-antrastes","8":"tag-antrastes","9":"tag-breaking-news","10":"tag-breakingnews","11":"tag-featured-news","12":"tag-featurednews","13":"tag-headlines","14":"tag-latest-news","15":"tag-latestnews","16":"tag-leninas","17":"tag-lietuva","18":"tag-lietuviu","19":"tag-lithuania","20":"tag-lithuanian","21":"tag-lrt","22":"tag-lt","23":"tag-monika","24":"tag-naujienos","25":"tag-news","26":"tag-populiariausios-naujienos","27":"tag-populiariausiosnaujienos","28":"tag-tomkus","29":"tag-top-stories","30":"tag-topstories","31":"tag-vitas"},"share_on_mastodon":{"url":"https:\/\/pubeurope.com\/@lt\/115963126298526854","error":""},"_links":{"self":[{"href":"https:\/\/www.europesays.com\/lt\/wp-json\/wp\/v2\/posts\/92362","targetHints":{"allow":["GET"]}}],"collection":[{"href":"https:\/\/www.europesays.com\/lt\/wp-json\/wp\/v2\/posts"}],"about":[{"href":"https:\/\/www.europesays.com\/lt\/wp-json\/wp\/v2\/types\/post"}],"author":[{"embeddable":true,"href":"https:\/\/www.europesays.com\/lt\/wp-json\/wp\/v2\/users\/2"}],"replies":[{"embeddable":true,"href":"https:\/\/www.europesays.com\/lt\/wp-json\/wp\/v2\/comments?post=92362"}],"version-history":[{"count":0,"href":"https:\/\/www.europesays.com\/lt\/wp-json\/wp\/v2\/posts\/92362\/revisions"}],"wp:featuredmedia":[{"embeddable":true,"href":"https:\/\/www.europesays.com\/lt\/wp-json\/wp\/v2\/media\/92363"}],"wp:attachment":[{"href":"https:\/\/www.europesays.com\/lt\/wp-json\/wp\/v2\/media?parent=92362"}],"wp:term":[{"taxonomy":"category","embeddable":true,"href":"https:\/\/www.europesays.com\/lt\/wp-json\/wp\/v2\/categories?post=92362"},{"taxonomy":"post_tag","embeddable":true,"href":"https:\/\/www.europesays.com\/lt\/wp-json\/wp\/v2\/tags?post=92362"}],"curies":[{"name":"wp","href":"https:\/\/api.w.org\/{rel}","templated":true}]}}