{"id":92462,"date":"2026-01-26T23:40:09","date_gmt":"2026-01-26T23:40:09","guid":{"rendered":"https:\/\/www.europesays.com\/lt\/92462\/"},"modified":"2026-01-26T23:40:09","modified_gmt":"2026-01-26T23:40:09","slug":"paryzius-priesinasi-planui-leisti-ukrainai-pirkti-britiskas-raketas","status":"publish","type":"post","link":"https:\/\/www.europesays.com\/lt\/92462\/","title":{"rendered":"Pary\u017eius prie\u0161inasi planui leisti Ukrainai pirkti briti\u0161kas raketas"},"content":{"rendered":"<p>Nurodoma, kad 11 Europos S\u0105jungos \u0161ali\u0173 koalicija pasi\u016bl\u0117 su\u0161velninti kai kuriuos apribojimus, kad Ukraina gal\u0117t\u0173 panaudoti 90 mlrd. eur\u0173 kredit\u0105 briti\u0161kos ginkluot\u0117s pirkimui. Ta\u010diau Pranc\u016bzija nori, kad \u0161ios l\u0117\u0161os b\u016bt\u0173 i\u0161leid\u017eiamos ES viduje.<\/p>\n<p>Anot leidinio, dabartinis plano variantas numato, kad du tre\u010ddaliai kredito l\u0117\u0161\u0173 b\u016bt\u0173 skirti ginklams Ukrainos kariuomenei, teikiant pirmenyb\u0119 Europos ir Ukrainos gynybos pramonei, o ne pirkimams u\u017e Europos S\u0105jungos rib\u0173. Vis d\u0117lto, remiantis dokumentais, Ukrainos pareig\u016bnai \u012fvertino, kad \u0161iais metais jiems reik\u0117s apie 24 mlrd. eur\u0173 vert\u0117s karin\u0117s \u012frangos, kurios Europos \u0161alys negali pasi\u016blyti.<\/p>\n<p>Kalbama apie amerikieti\u0161kas oro gynybos sistemas \u201ePatriot PAC-3\u201c. Tolimojo nuotolio raketos taip pat \u012fvardijamos kaip dar vienas poreikis, kurio Europos \u0161alys, tik\u0117tina, nepaj\u0117gs patenkinti.<\/p>\n<p>Europos pareig\u016bnai pasi\u016bl\u0117 Ukrainai \u012fsigyti briti\u0161kas sparnuot\u0105sias raketas \u201eStorm Shadow\u201c. Pagal si\u016blom\u0105 keturi\u0173 pakop\u0173 model\u012f ginklai Ukrainai b\u016bt\u0173 perkami pirmiausia i\u0161 Ukrainos ir ES gamintoj\u0173, v\u0117liau \u2013 i\u0161 Jungtin\u0117s Karalyst\u0117s, o JAV likt\u0173 paskutin\u0117je eil\u0117s vietoje.<\/p>\n<p>Tuomet Ukrainos pareig\u016bnai pateikt\u0173 pirkim\u0173 planus ES valstyb\u0117ms, kurios juos vertint\u0173 pagal tam tikrus kriterijus. Pirmiausia b\u016bt\u0173 nustatoma, ar Ukrainos gynybos pramon\u0117 gali \u012fvykdyti u\u017esakymus, v\u0117liau b\u016bt\u0173 vertinamos ES gamintoj\u0173 galimyb\u0117s. Jungtin\u0117 Karalyst\u0117 atsidurt\u0173 tre\u010diajame \u0161ios pakopin\u0117s sistemos lygyje, o JAV \u2013 ketvirtajame ir paskutiniame.<\/p>\n<p>Anot leidinio, koalicija siekia su\u0161velninti taisykles, kad Ukrainai b\u016bt\u0173 lengviau pirkti ginkluot\u0119 i\u0161 tre\u010diojo lygio \u0161ali\u0173, toki\u0173 kaip Kanada ir kitos valstyb\u0117s, turin\u010dios gynybos susitarimus su <a rel=\"noopener nofollow\" target=\"_blank\" href=\"https:\/\/www.delfi.lt\/temos\/europos-sajunga\" tag-id=\"39127053\">Europos S\u0105junga<\/a>.<\/p>\n<p>\u201eSiekiame dviej\u0173 dalyk\u0173: pirma, kad sistema b\u016bt\u0173 pakankamai lanksti ir Jungtin\u0117 Karalyst\u0117 gal\u0117t\u0173 joje be kli\u016b\u010di\u0173 dalyvauti, ir antra, kad Ukrainai netekt\u0173 patirti per didel\u0117s biurokratin\u0117s na\u0161tos perkant ginkluot\u0119\u201c, \u2013 teig\u0117 \u0161altinis.<\/p>\n<p>Pasak \u0161altinio, Pranc\u016bzija su \u0161iuo pasi\u016blymu nesutinka. \u0160iuo metu Pary\u017eius aktyviai siekia, kad Europos S\u0105junga b\u016bt\u0173 labiau nepriklausoma nuo s\u0105junginink\u0173, ypa\u010d nuo JAV. Tai susij\u0119 su pablog\u0117jusiais Pranc\u016bzijos ir JAV santykiais po <a rel=\"noopener nofollow\" target=\"_blank\" href=\"https:\/\/www.delfi.lt\/temos\/jav\" tag-id=\"39295467\">JAV<\/a> prezidento <a rel=\"noopener nofollow\" target=\"_blank\" href=\"https:\/\/www.delfi.lt\/temos\/donaldas-trumpas\" tag-id=\"55038381\">Donaldo Trumpo<\/a> grasinim\u0173 perimti <a rel=\"noopener nofollow\" target=\"_blank\" href=\"https:\/\/www.delfi.lt\/temos\/grenlandija\" tag-id=\"21801460\">Grenlandij\u0105<\/a>.<\/p>\n<p>\u0160altinis pabr\u0117\u017e\u0117, kad Pranc\u016bzija siekia, jog Ukrainai skirtos l\u0117\u0161os b\u016bt\u0173 naudojamos ES vidaus gynybos pramonei pl\u0117toti, o ne Kyjivo gynybos poreikiams tenkinti. Tai suk\u0117l\u0117 nusiskundim\u0173, jog toks po\u017ei\u016bris ribot\u0173 Ukrainos galimybes gintis nuo <a rel=\"noopener nofollow\" target=\"_blank\" href=\"https:\/\/www.delfi.lt\/temos\/rusija\" tag-id=\"40342315\">Rusijos<\/a>.<\/p>\n<p>\u0160altinis prid\u016br\u0117, kad pastangas neutralizuoti Pranc\u016bzijos \u012ftak\u0105 palaiko Baltijos ir Skandinavijos \u0161alys, taip pat Lenkija, Rumunija, \u010cekija ir Nyderlandai. Dar a\u0161tuonios \u0161alys, \u012ftraukiant Vokietij\u0105, pasisak\u0117 u\u017e palankesn\u012f po\u017ei\u016br\u012f \u012f Jungtin\u0119 Karalyst\u0119, ta\u010diau oficialiai prie koalicijos neprisijung\u0117.<\/p>\n<p>Pasak \u0161altinio, viena i\u0161 prie\u017eas\u010di\u0173, kod\u0117l Jungtin\u0117 Karalyst\u0117 laikoma palankesne tiek\u0117ja, yra jos lyderyst\u0117 vadinamojoje \u201eNorin\u010di\u0173j\u0173 koalicijoje\u201c.<\/p>\n<p>Be to, anks\u010diau prezidentas <a rel=\"noopener nofollow\" target=\"_blank\" href=\"https:\/\/www.delfi.lt\/temos\/volodymyras-zelenskis\" tag-id=\"80248945\">Volodymyras Zelenskis<\/a> prane\u0161\u0117, kad Ukraina gaus papildomas raket\u0173-per\u0117m\u0117j\u0173 siuntas oro gynybos sistemoms \u201ePatriot\u201c. Pasak jo, atitinkamas susitarimas buvo pasiektas susitikimo su JAV prezidentu metu.<\/p>\n","protected":false},"excerpt":{"rendered":"Nurodoma, kad 11 Europos S\u0105jungos \u0161ali\u0173 koalicija pasi\u016bl\u0117 su\u0161velninti kai kuriuos apribojimus, kad Ukraina gal\u0117t\u0173 panaudoti 90 mlrd.&hellip;\n","protected":false},"author":2,"featured_media":92463,"comment_status":"","ping_status":"","sticky":false,"template":"","format":"standard","meta":{"footnotes":""},"categories":[15],"tags":[25,30,31,194,1068,34,35,13963,24,223,32,33,37,39,36,38,40,23,22,44,28,29,651,2635,119,26,27,360,971,74,75,76],"class_list":{"0":"post-92462","1":"post","2":"type-post","3":"status-publish","4":"format-standard","5":"has-post-thumbnail","7":"category-pasaulis","8":"tag-antrastes","9":"tag-breaking-news","10":"tag-breakingnews","11":"tag-donaldas-trumpas","12":"tag-europos-sajunga","13":"tag-featured-news","14":"tag-featurednews","15":"tag-grenlandija","16":"tag-headlines","17":"tag-jav","18":"tag-latest-news","19":"tag-latestnews","20":"tag-lietuva","21":"tag-lietuviu","22":"tag-lithuania","23":"tag-lithuanian","24":"tag-lt","25":"tag-naujienos","26":"tag-news","27":"tag-pasaulis","28":"tag-populiariausios-naujienos","29":"tag-populiariausiosnaujienos","30":"tag-prancuzija","31":"tag-raketos","32":"tag-rusija","33":"tag-top-stories","34":"tag-topstories","35":"tag-ukraina","36":"tag-volodymyras-zelenskis","37":"tag-world","38":"tag-world-news","39":"tag-worldnews"},"share_on_mastodon":{"url":"https:\/\/pubeurope.com\/@lt\/115964046349358867","error":""},"_links":{"self":[{"href":"https:\/\/www.europesays.com\/lt\/wp-json\/wp\/v2\/posts\/92462","targetHints":{"allow":["GET"]}}],"collection":[{"href":"https:\/\/www.europesays.com\/lt\/wp-json\/wp\/v2\/posts"}],"about":[{"href":"https:\/\/www.europesays.com\/lt\/wp-json\/wp\/v2\/types\/post"}],"author":[{"embeddable":true,"href":"https:\/\/www.europesays.com\/lt\/wp-json\/wp\/v2\/users\/2"}],"replies":[{"embeddable":true,"href":"https:\/\/www.europesays.com\/lt\/wp-json\/wp\/v2\/comments?post=92462"}],"version-history":[{"count":0,"href":"https:\/\/www.europesays.com\/lt\/wp-json\/wp\/v2\/posts\/92462\/revisions"}],"wp:featuredmedia":[{"embeddable":true,"href":"https:\/\/www.europesays.com\/lt\/wp-json\/wp\/v2\/media\/92463"}],"wp:attachment":[{"href":"https:\/\/www.europesays.com\/lt\/wp-json\/wp\/v2\/media?parent=92462"}],"wp:term":[{"taxonomy":"category","embeddable":true,"href":"https:\/\/www.europesays.com\/lt\/wp-json\/wp\/v2\/categories?post=92462"},{"taxonomy":"post_tag","embeddable":true,"href":"https:\/\/www.europesays.com\/lt\/wp-json\/wp\/v2\/tags?post=92462"}],"curies":[{"name":"wp","href":"https:\/\/api.w.org\/{rel}","templated":true}]}}