{"id":92611,"date":"2026-01-27T07:05:37","date_gmt":"2026-01-27T07:05:37","guid":{"rendered":"https:\/\/www.europesays.com\/lt\/92611\/"},"modified":"2026-01-27T07:05:37","modified_gmt":"2026-01-27T07:05:37","slug":"prezidentas-antradieni-saukia-valstybes-gynimo-tarybos-posedi-respublika-lt","status":"publish","type":"post","link":"https:\/\/www.europesays.com\/lt\/92611\/","title":{"rendered":"Prezidentas antradien\u012f \u0161aukia Valstyb\u0117s gynimo tarybos pos\u0117d\u012f &#8211; Respublika.lt"},"content":{"rendered":"<p><img loading=\"lazy\" decoding=\"async\" src=\"https:\/\/www.respublika.lt\/lt\/naujienos\/lietuva\/lietuvos_politika\/prezidentas-antradieni-saukia-valstybes-gynimo-tarybos-posedi\/images\/ico_camera_white.gif\" class=\"camera\" width=\"22\" height=\"15\" alt=\"nuotr.\" style=\"position:relative; top:-2px; right:2px;\"\/> 1 nuotr.<\/p>\n<p>Gitanas Naus\u0117da. Eltos nuotr.<\/p>\n<p style=\"text-align: justify;\">Antradien\u012f \u0161alies vadovas Gitanas Naus\u0117da Prezident\u016broje \u0161aukia Valstyb\u0117s gynimo tarybos pos\u0117d\u012f (VGT). Tai numatyta oficialioje prezidento darbotvark\u0117je.\u00a0<\/p>\n<p style=\"text-align: justify;\" class=\"desktop_banner\">\u00a0<\/p>\n<p style=\"text-align: justify;\">Prezident\u016bros teigimu, pos\u0117dyje bus aptarta \u017evalgybos tarnyb\u0173 veiklos strategijos, Nacionalinio saugumo strategijos projektas ir transportin\u0117s aviacijos vystymas.<\/p>\n<p style=\"text-align: justify;\">\u201eRytoj prezidentas kvie\u010dia reguliar\u0173 Valstyb\u0117s gynimo tarybos pos\u0117d\u012f, kuriame bus ap\u017evelgta saugumo situacija regione, svarstomos \u017evalgybos tarnyb\u0173 veiklos strategijos, Nacionalinio saugumo strategijos projektas, transportin\u0117s aviacijos vystymas, kiti valstyb\u0117s gynybos klausimai\u201c, \u2013 Eltai nurod\u0117 \u0161alies vadovo patar\u0117jas Ridas Jasiulionis.\u00a0<\/p>\n<p style=\"text-align: justify;\">Pastar\u0105j\u012f kart\u0105 VGT pos\u0117dis buvo rengtas gruod\u017eio 15 d.<\/p>\n<p style=\"text-align: justify;\">Tada buvo priimtas daug diskusij\u0173 vie\u0161ojoje erdv\u0117je suk\u0117l\u0119s sprendimas steigti brigados dyd\u017eio Kap\u010diamies\u010dio poligon\u0105 Lazdij\u0173 savivaldyb\u0117je.<\/p>\n<p>Naujausios \u017einios<\/p>\n<p><\/p>\n<p>        <a href=\"https:\/\/www.respublika.lt\/lt\/naujienos\/mokslas\/mokslas\/specialistai-gasdina---arteja-nauja-pandemija\/\" rel=\"nofollow noopener\" target=\"_blank\"><img decoding=\"async\" oncontextmenu=\"return false\" class=\"block_item_newest_photo\" src=\"https:\/\/www.respublika.lt\/lt\/naujienos\/lietuva\/lietuvos_politika\/prezidentas-antradieni-saukia-valstybes-gynimo-tarybos-posedi\/uploads\/img\/catalog\/1\/photo_for_homepage_1_32846910.jpg\" alt=\"\" width=\"240\" height=\"154.45\"\/><\/a><\/p>\n<p>        <a href=\"https:\/\/www.respublika.lt\/lt\/naujienos\/lietuva\/lietuvos_politika\/prezidentura-apie-trumpo-taikos-taryba-velnias-slypi-detalese\/\" rel=\"nofollow noopener\" target=\"_blank\"><img decoding=\"async\" oncontextmenu=\"return false\" class=\"block_item_newest_photo\" src=\"https:\/\/www.respublika.lt\/lt\/naujienos\/lietuva\/lietuvos_politika\/prezidentas-antradieni-saukia-valstybes-gynimo-tarybos-posedi\/uploads\/img\/catalog\/1\/photo_for_homepage_1_26291063.jpg\" alt=\"\" width=\"240\" height=\"154.45\"\/><\/a><\/p>\n<p>Patiko straipsnis? Leisk mums apie tai su\u017einoti. Nepamir\u0161k pasidalinti Facebook! <\/p>\n<p><img loading=\"lazy\" decoding=\"async\" class=\"p2_social_circle_icon\" src=\"https:\/\/www.respublika.lt\/images\/thumbs_up.svg\" width=\"21\" height=\"22\" alt=\"L\"\/><\/p>\n<p><img loading=\"lazy\" decoding=\"async\" class=\"p2_social_circle_icon\" src=\"https:\/\/www.respublika.lt\/images\/facebook.svg\" alt=\"F\" width=\"22\" height=\"22\" style=\"filter: invert(37%) sepia(55%) saturate(2351%) hue-rotate(187deg) brightness(102%) contrast(106%);\"\/><\/p>\n<p>&#13;<br \/>\n\tNesutinkate &#8211; diskutuokime!<br \/>&#13;<br \/>\n\tNepykite komentatoriai, bet komentarai su keiksma\u017eod\u017eiais bus \u0161alinami automati\u0161kai, be atsipra\u0161ymo.\n    <\/p>\n<p>&#13;<br \/>\n              Respublika.lt pasilieka teis\u0119 pa\u0161alinti nekult\u016bringus, keiksma\u017eod\u017eiais pagardintus, su tema nesusijusius, kito asmens vardu pasira\u0161ytus, \u012fstatymus pa\u017eeid\u017eian\u010dius, \u0161lam\u0161t\u0105 reklamuojan\u010dius ar nusikalsti kurstan\u010dius komentarus. Jei kurstysite smurt\u0105, rasin\u0119, tautin\u0119, religin\u0119 ar kitokio pob\u016bd\u017eio neapykant\u0105, \u017evirbliu i\u0161skrid\u0119 j\u016bs\u0173 \u017eod\u017eiai gr\u012f\u017edami gali virsti ton\u0105 sverian\u010diu jau\u010diu &#8211; specialiosioms Lietuvos tarnyboms pareikalavus suteiksime j\u016bs\u0173 duomenis.\n            <\/p>\n","protected":false},"excerpt":{"rendered":"1 nuotr. Gitanas Naus\u0117da. Eltos nuotr. Antradien\u012f \u0161alies vadovas Gitanas Naus\u0117da Prezident\u016broje \u0161aukia Valstyb\u0117s gynimo tarybos pos\u0117d\u012f (VGT).&hellip;\n","protected":false},"author":2,"featured_media":92612,"comment_status":"","ping_status":"","sticky":false,"template":"","format":"standard","meta":{"footnotes":""},"categories":[6],"tags":[25,30,31,34,35,24,32,33,37,39,36,38,40,23,417,22,28,29,456,26,27,2270],"class_list":{"0":"post-92611","1":"post","2":"type-post","3":"status-publish","4":"format-standard","5":"has-post-thumbnail","7":"category-antrastes","8":"tag-antrastes","9":"tag-breaking-news","10":"tag-breakingnews","11":"tag-featured-news","12":"tag-featurednews","13":"tag-headlines","14":"tag-latest-news","15":"tag-latestnews","16":"tag-lietuva","17":"tag-lietuviu","18":"tag-lithuania","19":"tag-lithuanian","20":"tag-lt","21":"tag-naujienos","22":"tag-nauseda","23":"tag-news","24":"tag-populiariausios-naujienos","25":"tag-populiariausiosnaujienos","26":"tag-prezidentura","27":"tag-top-stories","28":"tag-topstories","29":"tag-vgt"},"share_on_mastodon":{"url":"https:\/\/pubeurope.com\/@lt\/115965796200731929","error":""},"_links":{"self":[{"href":"https:\/\/www.europesays.com\/lt\/wp-json\/wp\/v2\/posts\/92611","targetHints":{"allow":["GET"]}}],"collection":[{"href":"https:\/\/www.europesays.com\/lt\/wp-json\/wp\/v2\/posts"}],"about":[{"href":"https:\/\/www.europesays.com\/lt\/wp-json\/wp\/v2\/types\/post"}],"author":[{"embeddable":true,"href":"https:\/\/www.europesays.com\/lt\/wp-json\/wp\/v2\/users\/2"}],"replies":[{"embeddable":true,"href":"https:\/\/www.europesays.com\/lt\/wp-json\/wp\/v2\/comments?post=92611"}],"version-history":[{"count":0,"href":"https:\/\/www.europesays.com\/lt\/wp-json\/wp\/v2\/posts\/92611\/revisions"}],"wp:featuredmedia":[{"embeddable":true,"href":"https:\/\/www.europesays.com\/lt\/wp-json\/wp\/v2\/media\/92612"}],"wp:attachment":[{"href":"https:\/\/www.europesays.com\/lt\/wp-json\/wp\/v2\/media?parent=92611"}],"wp:term":[{"taxonomy":"category","embeddable":true,"href":"https:\/\/www.europesays.com\/lt\/wp-json\/wp\/v2\/categories?post=92611"},{"taxonomy":"post_tag","embeddable":true,"href":"https:\/\/www.europesays.com\/lt\/wp-json\/wp\/v2\/tags?post=92611"}],"curies":[{"name":"wp","href":"https:\/\/api.w.org\/{rel}","templated":true}]}}