{"id":92623,"date":"2026-01-27T07:12:09","date_gmt":"2026-01-27T07:12:09","guid":{"rendered":"https:\/\/www.europesays.com\/lt\/92623\/"},"modified":"2026-01-27T07:12:09","modified_gmt":"2026-01-27T07:12:09","slug":"karaliskoje-seimoje-netiketos-skyrybos-po-25-metu-santuokos-byra-princo-ir-princeses-seima","status":"publish","type":"post","link":"https:\/\/www.europesays.com\/lt\/92623\/","title":{"rendered":"Karali\u0161koje \u0161eimoje \u2013 netik\u0117tos skyrybos: po 25 met\u0173 santuokos byra princo ir princes\u0117s \u0161eima"},"content":{"rendered":"<p>\u201eToliau bendrai r\u016bpinsim\u0117s savo trimis vaikais. Nepaisant to, tai sunkus \u017eingsnis, tod\u0117l pra\u0161ome supratimo ir pagarbos m\u016bs\u0173 privatumui\u201c, \u2013 prid\u016br\u0117 jie. Parei\u0161kim\u0105 pasira\u0161\u0117 Bernhardas van Oranje ir Annette Sekr\u00e8ve.<\/p>\n<p>Princes\u0117s Margriet ir Pieterio van Vollenhoveno antrasis s\u016bnus su psichologe susituok\u0117 2000 m. liepos 6 d. Utrechte, Nyderlanduose. Po dviej\u0173 dien\u0173 pora gavo ba\u017enytin\u012f palaiminim\u0105 Domo ba\u017eny\u010dioje, taip pat Utrechte. Jie turi tris vaikus: Izabel\u0119 (2002 m.), Samuel\u012f (2004 m.) ir Benjamin\u0105 (2008 m.).<\/p>\n<p>Princas Bernhardas yra karaliaus Vilemo Aleksandro pusbrolis. Po vestuvi\u0173 jis ir Annette gyveno Amsterdame ir Nyderland\u0173 karali\u0161kojoje \u0161eimoje buvo laikomi stabilia ir \u017eemi\u0161ka pora.<\/p>\n<p>    <img decoding=\"async\" src=\"https:\/\/www.europesays.com\/lt\/wp-content\/uploads\/2026\/01\/289202c3-23b2-47f5-8e41-11d329c702ed.jpg\" loading=\"lazy\" alt=\"Princas Bernhardas ir princes\u0117 Annette\"\/>      <\/p>\n<p>Liepos m\u0117nes\u012f pora min\u0117jo 25-\u0105sias vestuvi\u0173 metines. 56 met\u0173 Bernhardas \u201eInstagram Stories\u201c paskelb\u0117 savo ir 53 met\u0173 Annette nuotrauk\u0105 su priera\u0161u \u201e25 metai\u201c bei prid\u0117jo \u0161irdel\u0119.<\/p>\n<p>Bernhardas ir Annette neturi oficiali\u0173 vie\u0161\u0173 vaidmen\u0173. 2013 m. buvo pavie\u0161inta, kad Bernhardas turi rimt\u0173 sveikatos problem\u0173. Nepaisant to, jis aktyviai dalyvauja verslo, labdaros ir sporto veikloje.<\/p>\n<p>\u201eRijksvoorlichtingsdienst\u201c teigia, kad po skyryb\u0173 Annette nebetur\u0117s princes\u0117s titulo. Ankstesnis jos titulas \u201eJos Didenyb\u0117 Annette, Oranje-Nasau, van Vollenhoven-Sekr\u00e8ve princes\u0117\u201c buvo mandagumo titulas, kur\u012f ji tur\u0117jo kaip princo Bernhardo sutuoktin\u0117.<\/p>\n<p>Skyrybos Nyderland\u0173 karali\u0161kojoje \u0161eimoje yra ne\u012fprastas rei\u0161kinys, ta\u010diau j\u0173 yra buv\u0119 ir anks\u010diau.<\/p>\n","protected":false},"excerpt":{"rendered":"\u201eToliau bendrai r\u016bpinsim\u0117s savo trimis vaikais. Nepaisant to, tai sunkus \u017eingsnis, tod\u0117l pra\u0161ome supratimo ir pagarbos m\u016bs\u0173 privatumui\u201c,&hellip;\n","protected":false},"author":2,"featured_media":92624,"comment_status":"","ping_status":"","sticky":false,"template":"","format":"standard","meta":{"footnotes":""},"categories":[21],"tags":[113,37,39,36,38,40,114,19016,5373,953],"class_list":{"0":"post-92623","1":"post","2":"type-post","3":"status-publish","4":"format-standard","5":"has-post-thumbnail","7":"category-pramogos","8":"tag-entertainment","9":"tag-lietuva","10":"tag-lietuviu","11":"tag-lithuania","12":"tag-lithuanian","13":"tag-lt","14":"tag-pramogos","15":"tag-princas","16":"tag-princese","17":"tag-skyrybos"},"share_on_mastodon":{"url":"https:\/\/pubeurope.com\/@lt\/115965823810872951","error":""},"_links":{"self":[{"href":"https:\/\/www.europesays.com\/lt\/wp-json\/wp\/v2\/posts\/92623","targetHints":{"allow":["GET"]}}],"collection":[{"href":"https:\/\/www.europesays.com\/lt\/wp-json\/wp\/v2\/posts"}],"about":[{"href":"https:\/\/www.europesays.com\/lt\/wp-json\/wp\/v2\/types\/post"}],"author":[{"embeddable":true,"href":"https:\/\/www.europesays.com\/lt\/wp-json\/wp\/v2\/users\/2"}],"replies":[{"embeddable":true,"href":"https:\/\/www.europesays.com\/lt\/wp-json\/wp\/v2\/comments?post=92623"}],"version-history":[{"count":0,"href":"https:\/\/www.europesays.com\/lt\/wp-json\/wp\/v2\/posts\/92623\/revisions"}],"wp:featuredmedia":[{"embeddable":true,"href":"https:\/\/www.europesays.com\/lt\/wp-json\/wp\/v2\/media\/92624"}],"wp:attachment":[{"href":"https:\/\/www.europesays.com\/lt\/wp-json\/wp\/v2\/media?parent=92623"}],"wp:term":[{"taxonomy":"category","embeddable":true,"href":"https:\/\/www.europesays.com\/lt\/wp-json\/wp\/v2\/categories?post=92623"},{"taxonomy":"post_tag","embeddable":true,"href":"https:\/\/www.europesays.com\/lt\/wp-json\/wp\/v2\/tags?post=92623"}],"curies":[{"name":"wp","href":"https:\/\/api.w.org\/{rel}","templated":true}]}}