{"id":92654,"date":"2026-01-27T07:49:09","date_gmt":"2026-01-27T07:49:09","guid":{"rendered":"https:\/\/www.europesays.com\/lt\/92654\/"},"modified":"2026-01-27T07:49:09","modified_gmt":"2026-01-27T07:49:09","slug":"ziniasklaida-vilniaus-prekyba-svarsto-pletra-uz-baltijos-saliu-rinkos-ribu","status":"publish","type":"post","link":"https:\/\/www.europesays.com\/lt\/92654\/","title":{"rendered":"\u017diniasklaida: \u201eVilniaus prekyba\u201c svarsto pl\u0117tr\u0105 u\u017e Baltijos \u0161ali\u0173 rinkos rib\u0173"},"content":{"rendered":"<p>\u201eVeiklos rinkas u\u017e Baltijos \u0161ali\u0173 rib\u0173 vertiname kaip reik\u0161mingo tolesnio augimo potencial\u0105. Ten norime aktyviau investuoti, taip pat \u012f\u017evelgiame strategin\u0117s pl\u0117tros bei partnerys\u010di\u0173 galimybi\u0173, tokiu keliu jau esame nu\u0117j\u0119 \u0160vedijoje\u201c, \u2013 portalui sak\u0117 \u201eVilniaus prekybos\u201c direktorius Paulius Mencas.<\/p>\n<p>Anot jo, \u012fgyvendinus min\u0117t\u0105 pertvark\u0105, verslai, veikiantys ne Baltijos \u0161alyse, bus valdomi naujos kontroliuojan\u010diosios bendrov\u0117s Nyderlanduose \u201eParetas B.V.\u201c, o verslai Baltijos \u0161alyse toliau bus valdomi bendrov\u0117s \u201eVilniaus prekyba\u201c ir jos antrini\u0173 \u012fmoni\u0173.<\/p>\n<p>Konkre\u010di\u0173 investicij\u0173 sum\u0173 ar sri\u010di\u0173, kurias \u201eVilniaus prekyba\u201c svarsto, direktorius kol kas ne\u012fvardijo, bet pabr\u0117\u017e\u0117, kad grup\u0117s prioritetu i\u0161lieka Baltijos \u0161alys.<\/p>\n<p>\u201eVilniaus prekyba\u201c per antrines \u012fmones, tarp kuri\u0173 yra bendrov\u0117s \u201eNDX Group\u201c \u201eMaxima grup\u0117\u201c, \u201eAkropolis Group\u201c, \u201eErmi Group\u201c ir kt., valdo parduotuvi\u0173 ir vaistini\u0173, prekybos centrus, nekilnojamojo turto projekt\u0173 vystymo ir nuomos paslaug\u0173 \u012fmones. Bendrov\u0117 savo veikl\u0105 vykdo Baltijos \u0161alyse, Lenkijoje, Bulgarijoje ir \u0160vedijoje.<\/p>\n<p>Grup\u0117 taip pat veik\u0117 kavini\u0173 ir restoran\u0173 sektoriuje, ta\u010diau gruod\u017eio m\u0117nes\u012f ji pardav\u0117 paskutines savo valdomas fran\u0161izes \u0161ioje srityje \u2013 restoran\u0173 tinkl\u0105 \u201eRestoranas 12\u201c ir kavini\u0173 tinkl\u0105 \u201eCaif Cafe\u201c \u2013 ir pasitrauk\u0117 i\u0161 rinkos.<\/p>\n","protected":false},"excerpt":{"rendered":"\u201eVeiklos rinkas u\u017e Baltijos \u0161ali\u0173 rib\u0173 vertiname kaip reik\u0161mingo tolesnio augimo potencial\u0105. Ten norime aktyviau investuoti, taip pat&hellip;\n","protected":false},"author":2,"featured_media":92655,"comment_status":"","ping_status":"","sticky":false,"template":"","format":"standard","meta":{"footnotes":"","_share_on_mastodon":"0"},"categories":[17],"tags":[2285,81,37,39,36,38,40,46,10545],"class_list":["post-92654","post","type-post","status-publish","format-standard","has-post-thumbnail","category-verslas","tag-baltija","tag-business","tag-lietuva","tag-lietuviu","tag-lithuania","tag-lithuanian","tag-lt","tag-verslas","tag-vilniaus-prekyba"],"share_on_mastodon":{"url":"https:\/\/pubeurope.com\/@lt\/115965969287891075","error":""},"_links":{"self":[{"href":"https:\/\/www.europesays.com\/lt\/wp-json\/wp\/v2\/posts\/92654","targetHints":{"allow":["GET"]}}],"collection":[{"href":"https:\/\/www.europesays.com\/lt\/wp-json\/wp\/v2\/posts"}],"about":[{"href":"https:\/\/www.europesays.com\/lt\/wp-json\/wp\/v2\/types\/post"}],"author":[{"embeddable":true,"href":"https:\/\/www.europesays.com\/lt\/wp-json\/wp\/v2\/users\/2"}],"replies":[{"embeddable":true,"href":"https:\/\/www.europesays.com\/lt\/wp-json\/wp\/v2\/comments?post=92654"}],"version-history":[{"count":0,"href":"https:\/\/www.europesays.com\/lt\/wp-json\/wp\/v2\/posts\/92654\/revisions"}],"wp:featuredmedia":[{"embeddable":true,"href":"https:\/\/www.europesays.com\/lt\/wp-json\/wp\/v2\/media\/92655"}],"wp:attachment":[{"href":"https:\/\/www.europesays.com\/lt\/wp-json\/wp\/v2\/media?parent=92654"}],"wp:term":[{"taxonomy":"category","embeddable":true,"href":"https:\/\/www.europesays.com\/lt\/wp-json\/wp\/v2\/categories?post=92654"},{"taxonomy":"post_tag","embeddable":true,"href":"https:\/\/www.europesays.com\/lt\/wp-json\/wp\/v2\/tags?post=92654"}],"curies":[{"name":"wp","href":"https:\/\/api.w.org\/{rel}","templated":true}]}}