{"id":92689,"date":"2026-01-27T08:21:07","date_gmt":"2026-01-27T08:21:07","guid":{"rendered":"https:\/\/www.europesays.com\/lt\/92689\/"},"modified":"2026-01-27T08:21:07","modified_gmt":"2026-01-27T08:21:07","slug":"suzeistuju-per-rusijos-dronu-ataka-odesoje-padaugejo-iki-22","status":"publish","type":"post","link":"https:\/\/www.europesays.com\/lt\/92689\/","title":{"rendered":"Su\u017eeist\u0173j\u0173 per Rusijos dron\u0173 atak\u0105 Odesoje padaug\u0117jo iki 22"},"content":{"rendered":"<p>\u201ePer nakt\u012f prie\u0161as sureng\u0117 didelio masto Odesos puolim\u0105, panaudoj\u0119s smogiamuosius bepilo\u010dius orlaivius. Per ap\u0161audym\u0105 buvo apgadintas infrastrukt\u016bros objektas, gyvenamieji pastatai, dar\u017eelis, parduotuv\u0117 ir statybviet\u0117. Su\u017eeisti 22 \u017emon\u0117s, 14 i\u0161 j\u0173 patyr\u0117 lengvus su\u017ealojimus, jiems medicinos pagalba buvo suteikta vietoje\u201c, \u2013 prane\u0161\u0117 jis. <\/p>\n<p>Pasak S. Lysako, nuo nakties sm\u016bgio vietose dirbo visos gelb\u0117jimo tarnybos. Buvo dislokuoti operacij\u0173 \u0161tabai, \u017emon\u0117ms teikiama visa reikalinga pagalba. Savivaldyb\u0117s tarnybos likviduoja atakos padarinius. Apgadint\u0173 pastat\u0173 gyventojams padedama tvarkyti dokumentus, kad gaut\u0173 kompensacij\u0105 pagal valstybin\u0119 atk\u016brimo program\u0105 \u201eeVidnovlennia\u201c, taip pat i\u0161 miesto biud\u017eeto. <\/p>\n<p>Prane\u0161ta, kad per naktin\u0119 dron\u0173 atak\u0105 Odesoje nukent\u0117jo civilin\u0117 infrastrukt\u016bra ir kilo dideli gaisrai.<\/p>\n","protected":false},"excerpt":{"rendered":"\u201ePer nakt\u012f prie\u0161as sureng\u0117 didelio masto Odesos puolim\u0105, panaudoj\u0119s smogiamuosius bepilo\u010dius orlaivius. Per ap\u0161audym\u0105 buvo apgadintas infrastrukt\u016bros objektas,&hellip;\n","protected":false},"author":2,"featured_media":92690,"comment_status":"","ping_status":"","sticky":false,"template":"","format":"standard","meta":{"footnotes":"","_share_on_mastodon":"0"},"categories":[15],"tags":[25,30,31,34,35,24,32,33,37,39,36,38,40,23,22,3215,44,28,29,119,26,27,74,75,76],"class_list":["post-92689","post","type-post","status-publish","format-standard","has-post-thumbnail","category-pasaulis","tag-antrastes","tag-breaking-news","tag-breakingnews","tag-featured-news","tag-featurednews","tag-headlines","tag-latest-news","tag-latestnews","tag-lietuva","tag-lietuviu","tag-lithuania","tag-lithuanian","tag-lt","tag-naujienos","tag-news","tag-odesa","tag-pasaulis","tag-populiariausios-naujienos","tag-populiariausiosnaujienos","tag-rusija","tag-top-stories","tag-topstories","tag-world","tag-world-news","tag-worldnews"],"share_on_mastodon":{"url":"https:\/\/pubeurope.com\/@lt\/115966095014735488","error":""},"_links":{"self":[{"href":"https:\/\/www.europesays.com\/lt\/wp-json\/wp\/v2\/posts\/92689","targetHints":{"allow":["GET"]}}],"collection":[{"href":"https:\/\/www.europesays.com\/lt\/wp-json\/wp\/v2\/posts"}],"about":[{"href":"https:\/\/www.europesays.com\/lt\/wp-json\/wp\/v2\/types\/post"}],"author":[{"embeddable":true,"href":"https:\/\/www.europesays.com\/lt\/wp-json\/wp\/v2\/users\/2"}],"replies":[{"embeddable":true,"href":"https:\/\/www.europesays.com\/lt\/wp-json\/wp\/v2\/comments?post=92689"}],"version-history":[{"count":0,"href":"https:\/\/www.europesays.com\/lt\/wp-json\/wp\/v2\/posts\/92689\/revisions"}],"wp:featuredmedia":[{"embeddable":true,"href":"https:\/\/www.europesays.com\/lt\/wp-json\/wp\/v2\/media\/92690"}],"wp:attachment":[{"href":"https:\/\/www.europesays.com\/lt\/wp-json\/wp\/v2\/media?parent=92689"}],"wp:term":[{"taxonomy":"category","embeddable":true,"href":"https:\/\/www.europesays.com\/lt\/wp-json\/wp\/v2\/categories?post=92689"},{"taxonomy":"post_tag","embeddable":true,"href":"https:\/\/www.europesays.com\/lt\/wp-json\/wp\/v2\/tags?post=92689"}],"curies":[{"name":"wp","href":"https:\/\/api.w.org\/{rel}","templated":true}]}}