{"id":92921,"date":"2026-01-27T12:47:14","date_gmt":"2026-01-27T12:47:14","guid":{"rendered":"https:\/\/www.europesays.com\/lt\/92921\/"},"modified":"2026-01-27T12:47:14","modified_gmt":"2026-01-27T12:47:14","slug":"vilniaus-vandenys-perspejo-gyventojus-del-salanciu-vamzdziu-ka-reikia-padaryti","status":"publish","type":"post","link":"https:\/\/www.europesays.com\/lt\/92921\/","title":{"rendered":"\u201eVilniaus vandenys\u201c persp\u0117jo gyventojus d\u0117l \u0161\u0105lan\u010di\u0173 vamzd\u017ei\u0173: k\u0105 reikia padaryti"},"content":{"rendered":"<p class=\"x_MsoNormal\">Kaip ra\u0161oma prane\u0161ime \u017einiasklaidai,[persp\u0117jim\u0105 \u201eVilniaus vandenims\u201c i\u0161manieji \u0161alto vandens apskaitos prietaisai siun\u010dia, jei \u012f b\u016bst\u0105 atitekan\u010dio vandens temperat\u016bra nukrenta iki \u017eemesn\u0117s nei 4 laipsni\u0173 temperat\u016bros \u2013 taip gali nutikti, jei patalpa, kurioje \u012frengtas skaitiklis, n\u0117ra pakankamai apsaugota nuo \u0161al\u010dio arba joje nepalaikoma teigiama temperat\u016bra. <\/p>\n<p class=\"x_MsoNormal\">Tokiais atvejais klientams rekomenduojama patikrinti, ar vidaus sistemos veikia tinkamai, ir ap\u0161iltinti skaitikl\u012f ir \u0161alto vandens vamzdynus.<\/p>\n<p class=\"x_MsoNormal\">\u201eVilniaus vanden\u0173\u201c Klient\u0173 aptarnavimo tarnybos vadovas Martynas Augaitis sako, kad vidaus vamzdyn\u0173 sistem\u0173 u\u017e\u0161alimo atvej\u0173 gyventoj\u0173 b\u016bstuose pasitaikydavo kasmet, ta\u010diau \u0161iemet d\u0117l ilgai u\u017esit\u0119susi\u0173 \u0161al\u010di\u0173 tokia tikimyb\u0117 padid\u0117jo.<\/p>\n<p class=\"x_MsoNormal\">\u201eM\u016bs\u0173 valdomi centralizuoti vandentiekio tinklai neu\u017e\u0161\u0105la, nes yra \u012frengti giliai po \u017eeme ir \u012f\u0161alas j\u0173 nepasiekia. Rizika gyventojams \u0161iuo metu kyla tik d\u0117l pastat\u0173 vidaus vamzdyn\u0173. \u0160iuolaikin\u0117s technologijos leid\u017eia realiuoju laiku steb\u0117ti tinkl\u0173 b\u016bkl\u0119 ir identifikuoti galimus sutrikimus net ir vidaus tinkle, tod\u0117l siekiame veikti proaktyviai \u2013 laiku informuoti gyventojus ir pad\u0117ti jiems i\u0161vengti galim\u0173 nuostoli\u0173\u201c, \u2013 sako M. Augaitis.<\/p>\n<p class=\"x_MsoNormal\">Anot o, i\u0161manieji skaitikliai taip pat fiksuoja ir persp\u0117ja apie didesn\u012f nei \u012fprasta momentin\u012f vandens suvartojim\u0105. Tokiu atveju \u201eVilniaus vandenys\u201c klientams i\u0161siun\u010dia prane\u0161imas apie galim\u0105 avarin\u0119 situacij\u0105 arba pastato vidaus tinklo problemas.<\/p>\n<p class=\"x_MsoNormal\">I\u0161 viso bendrov\u0117 jau yra \u012fdiegusi 224 t\u016bkst. itin tiksliai duomenis fiksuojan\u010di\u0173 i\u0161mani\u0173j\u0173 skaitikli\u0173, tad jie veikia ma\u017edaug kas antro vilnie\u010dio namuose.<\/p>\n<p>K\u0105 daryti vamzd\u017eiams u\u017e\u0161alus?<\/p>\n<p class=\"x_MsoNormal\">M. Augaitis teigia, kad vamzd\u017eiai da\u017eniausiai u\u017e\u0161\u0105la ne\u0161ildomose, ma\u017eiau naudojamose patalpose. Rizika padid\u0117ja, jei vamzd\u017eiai prastai izoliuoti ir per ply\u0161ius juos veikia \u0161altas oras. Tai ypa\u010d b\u016bdinga tu\u0161tiems <a rel=\"noopener nofollow\" target=\"_blank\" href=\"https:\/\/www.delfi.lt\/temos\/bustas\" tag-id=\"39591251\">b\u016bstams<\/a>, sodo nameliams ir senesn\u0117s statybos pastatams.<\/p>\n<p class=\"x_MsoNormal\">Toki\u0173 pastat\u0173 savininkai vis\u0173 pirma tur\u0117t\u0173 pasir\u016bpinti vamzd\u017ei\u0173 izoliacija ne\u0161ildomose patalpose, kruop\u0161\u010diai u\u017esandarinti angas, palaikyti bent minimali\u0105 teigiam\u0105 temperat\u016br\u0105. Nenaudojamuose b\u016bstuose prie\u0161 \u017eiem\u0105 taip pat patartina i\u0161 vamzd\u017ei\u0173 i\u0161leisti vanden\u012f. Esant dideliems \u0161al\u010diams der\u0117t\u0173 reguliariai atsukti vanden\u012f ir leisti jam kur\u012f laik\u0105 tek\u0117ti \u2013 judantis vanduo u\u017e\u0161\u0105la sunkiau.<\/p>\n<p class=\"x_MsoNormal\">Jei vamzd\u017eiai vis d\u0117lto u\u017e\u0161alo, \u201eVilniaus vanden\u0173\u201c atstovas pirmiausia pirma pataria kreiptis \u012f pastato administratori\u0173 ar kvalifikuot\u0105 santechnik\u0105 \u2013 jie geriausiai \u012fvertins sistem\u0173 b\u016bkl\u0119 ir parinks racionaliausi\u0105 sprendim\u0105.<\/p>\n<p class=\"x_MsoNormal\">Gyventojus jis persp\u0117ja u\u017e\u0161alusi\u0173 vamzd\u017ei\u0173 jokiu b\u016bdu nebandyti \u0161ildyti atvira liepsna \u2013 tai labai pavojinga ir gali baigtis ne tik vamzdyn\u0173 sugadinimu, bet ir gaisru.<\/p>\n<p class=\"x_MsoNormal\">\u201eTaip pat nerekomenduojama vamzd\u017ei\u0173 kaitinti verdan\u010diu vandeniu ar dau\u017eyti u\u017e\u0161alusi\u0173 viet\u0173 mechaniniu b\u016bdu, nes abiem atvejais kyla labai didel\u0117 rizika prisidaryti dar dideli\u0173 nuostoli\u0173. Vamzd\u017eius rekomenduojama at\u0161ildyti palaipsniui: galima naudoti \u0161ilt\u0105 vanden\u012f, o jei u\u017e\u0161alimas prieinamoje vietoje \u2013 palengva kaitinti plauk\u0173 d\u017eiovintuvu ar \u0161ildytuvu. Prie\u0161 tai darant vanden\u012f reik\u0117t\u0173 u\u017esukti\u201c, \u2013 pataria M. Augaitis.<\/p>\n","protected":false},"excerpt":{"rendered":"Kaip ra\u0161oma prane\u0161ime \u017einiasklaidai,[persp\u0117jim\u0105 \u201eVilniaus vandenims\u201c i\u0161manieji \u0161alto vandens apskaitos prietaisai siun\u010dia, jei \u012f b\u016bst\u0105 atitekan\u010dio vandens temperat\u016bra&hellip;\n","protected":false},"author":2,"featured_media":92922,"comment_status":"","ping_status":"","sticky":false,"template":"","format":"standard","meta":{"footnotes":""},"categories":[13],"tags":[25,30,31,2324,34,35,24,32,33,37,39,36,38,40,23,22,28,29,26,27,9558],"class_list":{"0":"post-92921","1":"post","2":"type-post","3":"status-publish","4":"format-standard","5":"has-post-thumbnail","7":"category-lietuva","8":"tag-antrastes","9":"tag-breaking-news","10":"tag-breakingnews","11":"tag-bustas","12":"tag-featured-news","13":"tag-featurednews","14":"tag-headlines","15":"tag-latest-news","16":"tag-latestnews","17":"tag-lietuva","18":"tag-lietuviu","19":"tag-lithuania","20":"tag-lithuanian","21":"tag-lt","22":"tag-naujienos","23":"tag-news","24":"tag-populiariausios-naujienos","25":"tag-populiariausiosnaujienos","26":"tag-top-stories","27":"tag-topstories","28":"tag-vilniaus-vandenys"},"share_on_mastodon":{"url":"https:\/\/pubeurope.com\/@lt\/115967140962881830","error":""},"_links":{"self":[{"href":"https:\/\/www.europesays.com\/lt\/wp-json\/wp\/v2\/posts\/92921","targetHints":{"allow":["GET"]}}],"collection":[{"href":"https:\/\/www.europesays.com\/lt\/wp-json\/wp\/v2\/posts"}],"about":[{"href":"https:\/\/www.europesays.com\/lt\/wp-json\/wp\/v2\/types\/post"}],"author":[{"embeddable":true,"href":"https:\/\/www.europesays.com\/lt\/wp-json\/wp\/v2\/users\/2"}],"replies":[{"embeddable":true,"href":"https:\/\/www.europesays.com\/lt\/wp-json\/wp\/v2\/comments?post=92921"}],"version-history":[{"count":0,"href":"https:\/\/www.europesays.com\/lt\/wp-json\/wp\/v2\/posts\/92921\/revisions"}],"wp:featuredmedia":[{"embeddable":true,"href":"https:\/\/www.europesays.com\/lt\/wp-json\/wp\/v2\/media\/92922"}],"wp:attachment":[{"href":"https:\/\/www.europesays.com\/lt\/wp-json\/wp\/v2\/media?parent=92921"}],"wp:term":[{"taxonomy":"category","embeddable":true,"href":"https:\/\/www.europesays.com\/lt\/wp-json\/wp\/v2\/categories?post=92921"},{"taxonomy":"post_tag","embeddable":true,"href":"https:\/\/www.europesays.com\/lt\/wp-json\/wp\/v2\/tags?post=92921"}],"curies":[{"name":"wp","href":"https:\/\/api.w.org\/{rel}","templated":true}]}}