{"id":93164,"date":"2026-01-27T20:36:14","date_gmt":"2026-01-27T20:36:14","guid":{"rendered":"https:\/\/www.europesays.com\/lt\/93164\/"},"modified":"2026-01-27T20:36:14","modified_gmt":"2026-01-27T20:36:14","slug":"zemaitaicio-susitikime-kaune-protestas","status":"publish","type":"post","link":"https:\/\/www.europesays.com\/lt\/93164\/","title":{"rendered":"\u017demaitai\u010dio susitikime Kaune \u2013 protestas"},"content":{"rendered":"<p>Susitikime Kaune, verslo centre \u201eMagnum\u201c, taip pat dalyvauja R. \u017demaitai\u010dio bendrapartie\u010diai Seimo nariai \u2013 Saulius Bucevi\u010dius ir Art\u016bras Skard\u017eius. Privatus verslo centras priklauso verslininkui ir politikui \u0160ar\u016bnui Matijo\u0161ai\u010diui, Kauno mero s\u016bnui.<\/p>\n<p>\u012e rengin\u012f atvyko ir i\u0161 kult\u016bros ministro pareig\u0173 atsistatydin\u0119s Ignotas Adomavi\u010dius, dabar dirbantis R. \u017demaitai\u010dio patar\u0117ju, visuomen\u0117s veik\u0117jas Antanas Kandrotas, \u017einomas Celofano pravarde.<\/p>\n<p>    <img decoding=\"async\" src=\"https:\/\/www.europesays.com\/lt\/wp-content\/uploads\/2026\/01\/f2c882cf-5f80-4fdf-a169-4cac29106e6e.jpg\" loading=\"lazy\" alt=\"I. Adomavi\u010dius, R. \u017demaitaitis, A. Kandrotas\"\/>    <\/p>\n<p>Antradien\u012f prie verslo centro bud\u0117jo du policijos ekipa\u017eai. Atvyk\u0119s R. \u017demaitaitis prie\u0161 rengin\u012f kalb\u0117damasis su pareig\u016bnais min\u0117jo, kad \u012f susitikimus susirenkantys etatiniai protestuotojai, kurie bando juos sabotuoti.<\/p>\n<p>\u012e rengin\u012f atvyko apie \u0161imtas \u017emoni\u0173. Prieigose jo dalyvius pasitiko b\u016brelis jaunimo, atvyk\u0119s su plakatais, tokiais kaip \u201eNelegali parama \u2013 ne\u0161vari politika\u201c ar \u201eTeistas antisemitas melagis\u201c. Kai kurie \u012f susitikim\u0105 atvykusieji piktinosi, kad tokioje iniciatyvoje dalyvauja nepilname\u010diai, ragino apie tai prane\u0161ti Vaik\u0173 teis\u0117ms.<\/p>\n<p>       <img decoding=\"async\" src=\"https:\/\/www.europesays.com\/lt\/wp-content\/uploads\/2026\/01\/bae25d23-6009-4185-88c5-db177ff85f58.jpg\" loading=\"lazy\" alt=\"Susitikimas su LR Seimo nariais Remigijumi \u017demaitai\u010diu, Sauliumi Bucevi\u010diumi ir Art\u016bru Skard\u017eiumi\"\/>      <\/p>\n<p>Neleido dalyvauti nepilname\u010diams<\/p>\n<p>Tarp protesto dalyvi\u0173 ir R. \u017demaitai\u010dio palaikytoj\u0173 kilo gin\u010d\u0173 d\u0117l galimyb\u0117s dalyvauti renginyje. Dalis jaunuoli\u0173, kurie atrod\u0117 kaip nepilname\u010diai ir netur\u0117jo t\u0117v\u0173 leidim\u0173, \u012f rengin\u012f \u012fleisti nebuvo: su plakatais liko u\u017e dur\u0173. Jaunimas piktinosi, kad yra ne\u012fleid\u017eiami \u012f vie\u0161\u0105 rengin\u012f, tuo metu renginio dalyviai juos smerk\u0117 d\u0117l to, kad kelia triuk\u0161m\u0105 ir trukdo susitikimams. <\/p>\n<p>Protestuotojai pabr\u0117\u017e\u0117, kad jie nekelia triuk\u0161mo, ta\u010diau vis viena jiems neleid\u017eiama i\u0161reik\u0161ti pilietin\u0117s pozicijos. \u201eNemuno au\u0161ros\u201c palaikytojai savo ruo\u017etu liejo apmaud\u0105, kad \u012f protestus kituose miestuose atvyk\u0119 \u017emon\u0117s triuk\u0161mavo, demonstravo nepagarb\u0105.<\/p>\n<p>    <img decoding=\"async\" src=\"https:\/\/www.europesays.com\/lt\/wp-content\/uploads\/2026\/01\/598ee545-58a6-4c68-b05b-69c08117abfc.jpg\" loading=\"lazy\" alt=\"Susitikimas su LR Seimo nariais Remigijumi \u017demaitai\u010diu, Sauliumi Bucevi\u010diumi ir Art\u016bru Skard\u017eiumi\"\/>    <\/p>\n<p>\u012e renginio viet\u0105 atvyk\u0119 policijos pareig\u016bnai nurod\u0117 protestuotojams patalp\u0105 palikti, nes yra nepageidaujami.<\/p>\n<p>\u201eMums buvo pasakyta, kad renginio organizatoriai nenori m\u016bs\u0173 \u012fsileisti, buvo i\u0161kviesta policija, tiesa, vis dar ne\u017einau kokiu pagrindu. Bet buvome i\u0161varyti i\u0161 renginio d\u0117l to, kad esame nepilname\u010diai\u201c, \u2013 kalb\u0117jo viena protestavusi\u0173 mergin\u0173.<\/p>\n<p>\u201eRenginys yra vie\u0161as, mes at\u0117jome \u010dia savanori\u0161kai, \u010dia yra pilietin\u0119 veikla ir mes turime piln\u0105 teis\u0119 \u010dia b\u016bti\u201c, \u2013 kalb\u0117jo kita protesto dalyv\u0117.<\/p>\n<p>    <img decoding=\"async\" src=\"https:\/\/www.europesays.com\/lt\/wp-content\/uploads\/2026\/01\/f7b88b7d-e562-45f8-bcd0-cc9c8be36ea7.jpg\" loading=\"lazy\" alt=\"Susitikimas su LR Seimo nariais Remigijumi \u017demaitai\u010diu, Sauliumi Bucevi\u010diumi ir Art\u016bru Skard\u017eiumi\"\/>    <\/p>\n<p>Protestuotojai teig\u0117 nesuprantantys, kod\u0117l, nors ir yra nepilname\u010diai, netur\u0117t\u0173 tur\u0117ti teis\u0117s pasi\u0161nek\u0117ti su \u017emogumi, kuris valdo j\u0173 \u0161al\u012f.<\/p>\n<p>\u201eMums vis d\u0117lto negalima sakyti, kad jaunimas nesir\u016bpina savo t\u0117vyne, jeigu mums net neleid\u017eiama ateiti \u012f vie\u0161\u0105 diskusij\u0105 su \u017emogumi, kuris t\u0105 \u0161al\u012f valdo. A\u0161 manau, kad tai labai nepagr\u012fsta\u201c, \u2013 kalb\u0117jo protesto dalyv\u0117.<\/p>\n<p>Jie teig\u0117, kad pirm\u0105 kart\u0105 tenka susidurti su tokiu policijos po\u017ei\u016briu ir sak\u0117 to nesitik\u0117j\u0119.<\/p>\n<p>\u012e R. \u017demaitai\u010dio renginyje galiojan\u010dias grie\u017etas taisykles ironi\u0161kai sureagavo ir Seimo nar\u0117 Agn\u0117 \u0160irinskien\u0117.<\/p>\n<p>\u201eRegis, dr\u0105sa zuikeliui baig\u0117si, kad jau va\u017ein\u0117jant po regionus reikia toki\u0105 sargyb\u0105 statytis nuo vaik\u0173 ir jaunimo su plakatais\u201c, \u2013 feisbuke ra\u0161\u0117 politik\u0117.<\/p>\n<p>U\u017edavin\u0117jo nepatogius klausimus<\/p>\n<p>Dalis protestuotoj\u0173 su plakatais liko sal\u0117je. Be to, kai kurie \u012f rengin\u012f at\u0117j\u0119 dalyviai R. \u017demaitai\u010diui tur\u0117jo nepatogi\u0173 klausim\u0173: pavyzd\u017eiui, ar jis turi leidim\u0105 dirbti su slapta informacija.<\/p>\n<p>\u201eA\u0161 neturiu vienintel\u0117s vietos, kad negaliu dirbti su ypatingai slapta med\u017eiaga. &lt;&#8230;&gt; Esu Seimo narys ir man r\u016bpi tvarka valstyb\u0117j, kad a\u0161 gyven\u010diau saugiai. Ir nelabai nor\u0117\u010diau, kad penktakolonininkai ir visi parazitai, kurie u\u017esiimin\u0117ja valstyb\u0117s griovimu ir organizuot\u0173 valstyb\u0117s nuvertim\u0105. A\u0161 negavau pa\u017eymos d\u0117l vieno paprasto dalyko: tod\u0117l, kad Konstitucinio Teismo yra pasakyta, sulau\u017e\u0119s konstitucin\u0119 priesaik\u0105\u201c, \u2013 atsakin\u0117damas ai\u0161kino R. \u017demaitaitis, tikindamas, kad tam, k\u0105 jis dirba, pa\u017eymos nereikia.<\/p>\n<p>       <img decoding=\"async\" src=\"https:\/\/www.europesays.com\/lt\/wp-content\/uploads\/2026\/01\/d43f25e8-5fe4-4445-87ce-d4c97859ab5b.jpg\" loading=\"lazy\" alt=\"Susitikimas su LR Seimo nariais Remigijumi \u017demaitai\u010diu, Sauliumi Bucevi\u010diumi ir Art\u016bru Skard\u017eiumi\"\/>    <\/p>\n<p>V\u0117liau R. \u017demaitis leidosi \u012f diskusij\u0105 apie nacionalin\u012f transliuotoj\u0105 bei jo valdym\u0105 bei piktinosi, kad LRT transliuoja \u201epriva\u010di\u0173 UAB&#8217;\u0173\u201c sukurtas laidas geriausiu laiku ir galimos reklamos laidose. Kaip pavyzd\u017eius jis min\u0117jo \u201eBeatos virtuv\u0117\u201c ar Edmundo Jakilai\u010dio vedamas laidas.<\/p>\n<p>R. \u017demaitaitis taip pat komentavo biud\u017eeto pri\u0117mimo peripetijas, kritikuodamas konservatorius, kad \u0161ie balsavo prie\u0161, nors reik\u0117jo patvirtinti rekordin\u012f gynybos biud\u017eet\u0105.<\/p>\n<p>    <img decoding=\"async\" src=\"https:\/\/www.europesays.com\/lt\/wp-content\/uploads\/2026\/01\/6f937263-1c3b-498d-9bc3-d2fdc5feb392.jpg\" loading=\"lazy\" alt=\"Susitikimas su LR Seimo nariais Remigijumi \u017demaitai\u010diu, Sauliumi Bucevi\u010diumi ir Art\u016bru Skard\u017eiumi\"\/>    <\/p>\n<p>\u201eI\u0161 karto pasisakysiu, a\u0161 nesu j\u016bs\u0173 m\u0117g\u0117jas, a\u0161 nesu j\u016bs\u0173 gerb\u0117jas, \u2013 \u012f R. \u017demaitait\u012f kreip\u0117si \u012f rengin\u012f at\u0117j\u0119s vyras, prisistat\u0119s Dariumi. \u2013 Bet a\u0161 paaukojau savo laik\u0105 ateiti paklausyti j\u016bs\u0173. &lt;&#8230;&gt; A\u0161 m\u0117g\u010diau, kad \u010dia neb\u016bt\u0173 keliama tokia i\u0161 tono \u012ftampa, kaip j\u016bs sakote, nesiskirstome, mes visi esame lietuviai. Mes turime skirting\u0173 nuomoni\u0173, ir tai yra normalu, bet i\u0161 j\u016bs\u0173 i\u0161eina pakankamai daug \u012ftampos, kas, mano nuomone, mus labai suprie\u0161ina.\u201c<\/p>\n<p>\u201eMes tur\u0117tume suprasti, kad mes visi esame \u017emon\u0117s ir mes tur\u0117tume gerbti vienas kit\u0105 ir neskirstyti, ka\u017eko neleisti ne\u012feiti\u201c, \u2013 \u0161nek\u0117jo jis.<\/p>\n<p>Vyro pasisakym\u0105 palyd\u0117jo plojimai, bet ir replikos, kad \u201elandsbergiai \u017emones r\u016b\u0161iuoja\u201c.<\/p>\n<p>R. \u017demaitaitis savo ruo\u017etu atsakydamas klaus\u0117, ar normalu \u012f\u017eeid\u016bs plakatai.<\/p>\n<p>Klaus\u0117, kiek kaunie\u010di\u0173 nor\u0117t\u0173 poligono<\/p>\n<p>Kariuomen\u0117s vado bendravim\u0105 su Kap\u010diamies\u010dio gyventojais, protestuojan\u010diais prie\u0161 poligon\u0105 kritikav\u0119s R. \u017demaitaitis paklaus\u0117 susirinkusi\u0173j\u0173, ar nor\u0117t\u0173 poligono.<\/p>\n<p>\u201e\u010cia mes esame kaunie\u010diai, kas i\u0161 ka\u017ekur atva\u017eiav\u0119, kas i\u0161 kit\u0173 rajon\u0173. Kaip j\u016bs nor\u0117tum\u0117t, jeigu Kaune, \u012fsivaizduokit, b\u016bt\u0173 seni\u016bnija, ne miestas, arba rajonas, kad b\u016bt\u0173 \u012frengtas poligonas. Pakelkite rank\u0105, kiek \u010dia \u017emoni\u0173 nor\u0117t\u0173 poligono\u201c, \u2013 klaus\u0117 jis.<\/p>\n<p>\u201eVa, jaunim\u0117lis kelia\u201c, \u2013 ap\u017evelg\u0119s, kas pak\u0117l\u0117 rankas, replikavo politikas.<\/p>\n<p>Klausimas sal\u0117je suk\u0117l\u0117 \u0161urmul\u012f ir diskusijas.<\/p>\n<p>\u201e\u0160iandien\u0105 daugiau kaip pus\u0117 Lietuvos nepritaria tam. O nepritaria, tod\u0117l, kad pirmiausia buvo parodyta nepagarba ten gyvenantiems \u017emon\u0117ms\u201c, \u2013 kalb\u0117jo R. \u017demaitaitis.<\/p>\n<p>\u012e tai politikas tuojau sulauk\u0117 klausimo, kas atliko apklaus\u0105, kad nepritaria toks skai\u010dius \u017emoni\u0173. Jis tvirtino, kad tai nustat\u0117 labai paprastai: visur, kur va\u017eiuoja, u\u017eduota \u0161\u012f klausim\u0105, ir poligono id\u0117j\u0105 palaikanti ma\u017euma.<\/p>\n<p>Policija: gautas \u017eodinis prane\u0161imas<\/p>\n<p>I\u0161 renginio policija i\u0161sived\u0117 vien\u0105 \u017emog\u0173. <\/p>\n<p>\u201eA\u0161 diskutavau, diskutavau\u201c, \u2013 vedamas kartojo vyras.<\/p>\n<p>D\u0117l jo elgesio \u012f policij\u0105 kreip\u0119sis renginio dalyvis, buv\u0119s susitikimo prieigose, tvirtino, kad \u0161is buvo agresyvus, r\u0117k\u0117, \u012f\u017eeidin\u0117jo, rod\u0117 nepadorius gestus. Jis planavo para\u0161yti parei\u0161kim\u0105 policijai.<\/p>\n<p>Kaip \u201eDelfi\u201c informavo Kauno apskrities policija, buvo gautas \u017eodinis prane\u0161imas, kad asmuo \u012f\u017eeidin\u0117ja kit\u0105 asmen\u012f.  <\/p>\n<p>Pareig\u016bnai asmen\u012f nusived\u0117 \u012f tarnybin\u012f automobil\u012f i\u0161siai\u0161kinti aplinkybes. Daugiau pretenzij\u0173 vieni kitiems netur\u0117jo, parei\u0161kimas negautas, pa\u017eeidim\u0173  ar administracini\u0173 nusi\u017eengim\u0173 nefiksuota.<\/p>\n<p>    <img decoding=\"async\" src=\"https:\/\/www.europesays.com\/lt\/wp-content\/uploads\/2026\/01\/074b292a-5180-4847-91f9-2d64b8089c17.jpg\" loading=\"lazy\" alt=\"Prie\u0161 R. \u017demaitai\u010dio susitikim\u0105 Kaune prie pastato budi policija\"\/>         <\/p>\n<p>R. \u017demaitaitis savo ruo\u017etu yra u\u017esimin\u0119s, kad susirinkimuose u\u017efiksuoja \u017emones ir v\u0117liau <a rel=\"noopener follow nofollow\" target=\"_blank\" href=\"https:\/\/www.delfi.lt\/naujienos\/politika\/is-zemaitaicio-keistas-prisipazinimas-staigiai-susifotografavom-zmones-120201122\" data-rel-date-range=\"[]\">renka informacij\u0105 apie tuos<\/a>, kurie rei\u0161kia nepasitenkinim\u0105.<\/p>\n","protected":false},"excerpt":{"rendered":"Susitikime Kaune, verslo centre \u201eMagnum\u201c, taip pat dalyvauja R. \u017demaitai\u010dio bendrapartie\u010diai Seimo nariai \u2013 Saulius Bucevi\u010dius ir Art\u016bras&hellip;\n","protected":false},"author":2,"featured_media":93165,"comment_status":"","ping_status":"","sticky":false,"template":"","format":"standard","meta":{"footnotes":""},"categories":[6],"tags":[25,30,31,34,35,24,32,33,37,39,36,38,40,23,22,28,29,68,26,27],"class_list":{"0":"post-93164","1":"post","2":"type-post","3":"status-publish","4":"format-standard","5":"has-post-thumbnail","7":"category-antrastes","8":"tag-antrastes","9":"tag-breaking-news","10":"tag-breakingnews","11":"tag-featured-news","12":"tag-featurednews","13":"tag-headlines","14":"tag-latest-news","15":"tag-latestnews","16":"tag-lietuva","17":"tag-lietuviu","18":"tag-lithuania","19":"tag-lithuanian","20":"tag-lt","21":"tag-naujienos","22":"tag-news","23":"tag-populiariausios-naujienos","24":"tag-populiariausiosnaujienos","25":"tag-remigijus-zemaitaitis","26":"tag-top-stories","27":"tag-topstories"},"share_on_mastodon":{"url":"https:\/\/pubeurope.com\/@lt\/115968985185426866","error":""},"_links":{"self":[{"href":"https:\/\/www.europesays.com\/lt\/wp-json\/wp\/v2\/posts\/93164","targetHints":{"allow":["GET"]}}],"collection":[{"href":"https:\/\/www.europesays.com\/lt\/wp-json\/wp\/v2\/posts"}],"about":[{"href":"https:\/\/www.europesays.com\/lt\/wp-json\/wp\/v2\/types\/post"}],"author":[{"embeddable":true,"href":"https:\/\/www.europesays.com\/lt\/wp-json\/wp\/v2\/users\/2"}],"replies":[{"embeddable":true,"href":"https:\/\/www.europesays.com\/lt\/wp-json\/wp\/v2\/comments?post=93164"}],"version-history":[{"count":0,"href":"https:\/\/www.europesays.com\/lt\/wp-json\/wp\/v2\/posts\/93164\/revisions"}],"wp:featuredmedia":[{"embeddable":true,"href":"https:\/\/www.europesays.com\/lt\/wp-json\/wp\/v2\/media\/93165"}],"wp:attachment":[{"href":"https:\/\/www.europesays.com\/lt\/wp-json\/wp\/v2\/media?parent=93164"}],"wp:term":[{"taxonomy":"category","embeddable":true,"href":"https:\/\/www.europesays.com\/lt\/wp-json\/wp\/v2\/categories?post=93164"},{"taxonomy":"post_tag","embeddable":true,"href":"https:\/\/www.europesays.com\/lt\/wp-json\/wp\/v2\/tags?post=93164"}],"curies":[{"name":"wp","href":"https:\/\/api.w.org\/{rel}","templated":true}]}}