{"id":93562,"date":"2026-01-28T10:10:17","date_gmt":"2026-01-28T10:10:17","guid":{"rendered":"https:\/\/www.europesays.com\/lt\/93562\/"},"modified":"2026-01-28T10:10:17","modified_gmt":"2026-01-28T10:10:17","slug":"sausio-28-d-vardadieniai-ir-kitos-idomybes-respublika-lt","status":"publish","type":"post","link":"https:\/\/www.europesays.com\/lt\/93562\/","title":{"rendered":"Sausio 28 d. vardadieniai ir kitos \u012fdomyb\u0117s &#8211; Respublika.lt"},"content":{"rendered":"<p style=\"text-align: justify;\" class=\"desktop_banner\">\u00a0<\/p>\n<p style=\"text-align: justify;\">Savo vardadienius \u0161iandien \u0161ven\u010dia Gedautas, Leonida, Leonidas, Leonid\u0117, Manfredas, Nijol\u0117, Sambangas, Sambartas, Sambart\u0117.<\/p>\n<p style=\"text-align: justify;\">Sausio 28-oji \u2013 Europos duomen\u0173 apsaugos diena.<\/p>\n<p style=\"text-align: justify;\">***<\/p>\n<p style=\"text-align: justify;\">Dangaus k\u016bnai:<\/p>\n<p style=\"text-align: justify;\">Saul\u0117 \u0161iandien teka 8.18, leid\u017eiasi 16.46. Dienos ilgumas \u2013 8.28.<\/p>\n<p style=\"text-align: justify;\">\u0160iandien \u2013 ketvirtoji M\u0117nulio prie\u0161pilnio diena.<\/p>\n<p style=\"text-align: justify;\">Saul\u0117 Vandenio \u017eenkle.<\/p>\n<p style=\"text-align: justify;\">***<\/p>\n<p style=\"text-align: justify;\">\u0160i\u0105 dien\u0105:<\/p>\n<p style=\"text-align: justify;\">1588 m. Krokuvos Seime patvirtintas Tre\u010diasis Lietuvos statutas, kuris v\u0117liau buvo i\u0161spausdintas slav\u0173 kalba Vilniuje. Daugiau kaip 200 met\u0173 jis buvo pagrindinis Lietuvos teis\u0117s kodeksas.<\/p>\n<p>1928 m. Vokietija ir Lietuva sudar\u0117 sutart\u012f, kuria Vokietija oficialiai pripa\u017eino Klaip\u0117dos kra\u0161t\u0105 Lietuvai.<\/p>\n<p>1994 m. \u012fsteigta Lietuvos kaimo ra\u0161ytoj\u0173 s\u0105junga.<\/p>\n<p>2002 m. premjeras Algirdas Brazauskas pri\u0117m\u0117 Amerikos \u017eyd\u0173 komiteto tarptautini\u0173 reikal\u0173 direktori\u0173 Andrew Baker\u012f. Jis pad\u0117kojo u\u017e 309 Lietuvoje saugot\u0173 tor\u0173 perdavim\u0105 Izraelio \u017eyd\u0173 religinio ir dvasinio paveldo organizacijai \u201eHechal Shlomo&#8221;.<\/p>\n<p>2004 m. Kauno medicinos universiteto klinikose pirm\u0105 kart\u0105 Lietuvoje atlikta kraujo valymo proced\u016bra &#8211; selektyvi imunosorbcija. \u0160i proced\u016bra atliekama tik keliuose did\u017eiuosiuose Europos medicinos centruose.<\/p>\n<p>2008 m. \u012f Lietuv\u0105 pargabentas ir Generalin\u0117je prokurat\u016broje apklaustas Latvijoje su\u010diuptas \u012ftariamasis Medinink\u0173 \u017eudyni\u0173 byloje, buv\u0119s SSRS Vidaus reikal\u0173 ministerijos ypatingosios paskirties milicijos b\u016brio OMON smogikas Konstantinas Nikulinas.<\/p>\n<p>2009 m. u\u017e Lietuvos vardo garsinim\u0105 U\u017esienio reikal\u0173 ministerijos garb\u0117s \u017eenklu \u201eLietuvos t\u016bkstantme\u010dio \u017evaig\u017ed\u0117&#8221; apdovanotas re\u017eisierius Ar\u016bnas Matelis.<\/p>\n<p>2011 m. eidamas 73-iuosius metus Vilniuje staiga mir\u0117 \u017einomas Lietuvos fotografijos, televizijos ir kino kritikas, menotyrininkas Skirmantas Valiulis.<\/p>\n<p>2011 m. Kaune, K\u0119stu\u010dio gatv\u0117je, atidengta atminimo lenta \u017eymiam lietuvi\u0173 ir lenk\u0173 kult\u016br\u0173 bei visuomen\u0117s veik\u0117jui, ra\u0161ytojui, literat\u016bros kritikui, tautinio atgimimo puosel\u0117tojui Juozapui Albinui Herba\u010diauskui.<\/p>\n<p>2011 m. Kazl\u0173 R\u016bdoje \u012fam\u017eintas kompozitoriaus, pedagogo, kult\u016bros ir meno veik\u0117jo, Lietuvos muzik\u0173 s\u0105jungos prezidento profesoriaus Rimvydo \u017digai\u010dio (1933-2010) atminimas &#8211; atidengta memorialin\u0117 lenta ant R. \u017digai\u010dio gimtojo namo, taip pat i\u0161kaba ant Kazl\u0173 R\u016bdos Rimvydo \u017digai\u010dio men\u0173 mokyklos pastato.<\/p>\n<p>2014 m. Lietuvos bankas \u012f apyvart\u0105 i\u0161leido 50 lit\u0173 kolekcin\u0119 (progin\u0119) monet\u0105, skirt\u0105 Kristijono Donelai\u010dio 300-osioms gimimo metin\u0117ms.<\/p>\n<p>\u00a0<\/p>\n","protected":false},"excerpt":{"rendered":"\u00a0 Savo vardadienius \u0161iandien \u0161ven\u010dia Gedautas, Leonida, Leonidas, Leonid\u0117, Manfredas, Nijol\u0117, Sambangas, Sambartas, Sambart\u0117. Sausio 28-oji \u2013 Europos&hellip;\n","protected":false},"author":2,"featured_media":93563,"comment_status":"","ping_status":"","sticky":false,"template":"","format":"standard","meta":{"footnotes":""},"categories":[15],"tags":[25,30,31,187,192,34,35,24,186,189,188,32,33,37,39,36,38,40,191,190,23,22,44,28,29,16383,193,26,27,185,74,75,76],"class_list":{"0":"post-93562","1":"post","2":"type-post","3":"status-publish","4":"format-standard","5":"has-post-thumbnail","7":"category-pasaulis","8":"tag-antrastes","9":"tag-breaking-news","10":"tag-breakingnews","11":"tag-citatos","12":"tag-dienos","13":"tag-featured-news","14":"tag-featurednews","15":"tag-headlines","16":"tag-idomybes","17":"tag-istorija","18":"tag-ivykiai","19":"tag-latest-news","20":"tag-latestnews","21":"tag-lietuva","22":"tag-lietuviu","23":"tag-lithuania","24":"tag-lithuanian","25":"tag-lt","26":"tag-metai","27":"tag-naujieji","28":"tag-naujienos","29":"tag-news","30":"tag-pasaulis","31":"tag-populiariausios-naujienos","32":"tag-populiariausiosnaujienos","33":"tag-sausis","34":"tag-savaite","35":"tag-top-stories","36":"tag-topstories","37":"tag-vardadieniai","38":"tag-world","39":"tag-world-news","40":"tag-worldnews"},"share_on_mastodon":{"url":"https:\/\/pubeurope.com\/@lt\/115972186061833757","error":""},"_links":{"self":[{"href":"https:\/\/www.europesays.com\/lt\/wp-json\/wp\/v2\/posts\/93562","targetHints":{"allow":["GET"]}}],"collection":[{"href":"https:\/\/www.europesays.com\/lt\/wp-json\/wp\/v2\/posts"}],"about":[{"href":"https:\/\/www.europesays.com\/lt\/wp-json\/wp\/v2\/types\/post"}],"author":[{"embeddable":true,"href":"https:\/\/www.europesays.com\/lt\/wp-json\/wp\/v2\/users\/2"}],"replies":[{"embeddable":true,"href":"https:\/\/www.europesays.com\/lt\/wp-json\/wp\/v2\/comments?post=93562"}],"version-history":[{"count":0,"href":"https:\/\/www.europesays.com\/lt\/wp-json\/wp\/v2\/posts\/93562\/revisions"}],"wp:featuredmedia":[{"embeddable":true,"href":"https:\/\/www.europesays.com\/lt\/wp-json\/wp\/v2\/media\/93563"}],"wp:attachment":[{"href":"https:\/\/www.europesays.com\/lt\/wp-json\/wp\/v2\/media?parent=93562"}],"wp:term":[{"taxonomy":"category","embeddable":true,"href":"https:\/\/www.europesays.com\/lt\/wp-json\/wp\/v2\/categories?post=93562"},{"taxonomy":"post_tag","embeddable":true,"href":"https:\/\/www.europesays.com\/lt\/wp-json\/wp\/v2\/tags?post=93562"}],"curies":[{"name":"wp","href":"https:\/\/api.w.org\/{rel}","templated":true}]}}