{"id":93724,"date":"2026-01-28T12:33:09","date_gmt":"2026-01-28T12:33:09","guid":{"rendered":"https:\/\/www.europesays.com\/lt\/93724\/"},"modified":"2026-01-28T12:33:09","modified_gmt":"2026-01-28T12:33:09","slug":"indija-puola-naujas-mirtinas-virusas-respublika-lt","status":"publish","type":"post","link":"https:\/\/www.europesays.com\/lt\/93724\/","title":{"rendered":"Indij\u0105 puola naujas mirtinas virusas &#8211; Respublika.lt"},"content":{"rendered":"<p><img loading=\"lazy\" decoding=\"async\" src=\"https:\/\/www.respublika.lt\/lt\/naujienos\/sveikata\/sveikata\/indija-puola-naujas-mirtinas-virusas\/images\/ico_camera_white.gif\" class=\"camera\" width=\"22\" height=\"15\" alt=\"nuotr.\" style=\"position:relative; top:-2px; right:2px;\"\/> 2 nuotr.<\/p>\n<p>Indij\u0105 puola naujas mirtinas virusas. EPA-Eltos nuotr.<\/p>\n<p style=\"text-align: justify;\" class=\"desktop_banner\">\u00a0<\/p>\n<p>Tarp pacient\u0173 yra dvi slaugytojos i\u0161 priva\u010dios klinikos netoli Kolkatos. Viena i\u0161 j\u0173 yra kritin\u0117s b\u016bkl\u0117s, j\u0105 i\u0161tiko koma.<\/p>\n<p>\u201ePeople&#8221; nurodo, kad abi moterys dirbo kartu nuo gruod\u017eio 28 iki 30 d.<\/p>\n<p>Po keli\u0173 dien\u0173 joms pakilo temperat\u016bra ir pasirei\u0161k\u0117 sunk\u016bs kv\u0117pavimo tak\u0173 simptomus. Sausio 4 d. slaugytoj\u0173 b\u016bkl\u0117 pablog\u0117jo, ir jos buvo hospitalizuotos ligonin\u0117s, kurioje dirbo, intensyviosios terapijos skyriuje.<\/p>\n<p>Remiantis preliminariais duomenimis, infekcijos \u0161altinis buvo pacientas, turintis sunki\u0173 kv\u0117pavimo tak\u0173 simptom\u0173, kuris anks\u010diau buvo gydomas \u0161ioje klinikoje ir mir\u0117 prie\u0161 tyrimus.<\/p>\n<p>Sausio 20 d. duomenimis, regione buvo i\u0161tirti 180 \u017emoni\u0173 &#8211; visi testai buvo neigiami.<\/p>\n<p>Dar 20 \u017emoni\u0173, tur\u0117jusi\u0173 glaud\u0173 kontakt\u0105 su pacientais, buvo 21 d. u\u017edaryti \u012f karantin\u0105 ir v\u0117liau bus i\u0161 naujo tiriami.<\/p>\n<p>Taip pat ekspertai tikrina galim\u0105 nat\u016bral\u0173 viruso \u0161altin\u012f: buvo paimti Kolkatos Aliporos zoologijos sode gyvenan\u010di\u0173 \u0161ik\u0161nosparni\u0173 m\u0117giniai, PGR tyrimai atliekami ir kitose valstijos rajonuose.<\/p>\n<p>Vald\u017eia pabr\u0117\u017eia, kad pagrindo panikuoti n\u0117ra.<\/p>\n<p>PSO pa\u017eymi, kad Nipah virusas gali sukelti sunkias ligas &#8211; nuo \u016bmin\u0117s kv\u0117pavimo tak\u0173 infekcijos iki mirtino encefalito.<\/p>\n<p>Vakcinos nuo \u0161io viruso, kaip ir specialaus gydymo, n\u0117ra &#8211; gydytojai gali tik palengvinti simptomus.<\/p>\n<p>Infekcija persiduoda tiek nuo gyv\u016bn\u0173 \u017emon\u0117ms, tiek ir tarp \u017emoni\u0173.<\/p>\n","protected":false},"excerpt":{"rendered":"2 nuotr. Indij\u0105 puola naujas mirtinas virusas. EPA-Eltos nuotr. \u00a0 Tarp pacient\u0173 yra dvi slaugytojos i\u0161 priva\u010dios klinikos&hellip;\n","protected":false},"author":2,"featured_media":93725,"comment_status":"","ping_status":"","sticky":false,"template":"","format":"standard","meta":{"footnotes":""},"categories":[15],"tags":[25,19156,30,31,34,35,24,247,14408,32,33,37,39,36,38,40,19154,23,22,19153,44,28,29,5628,19155,26,27,3016,74,75,76],"class_list":{"0":"post-93724","1":"post","2":"type-post","3":"status-publish","4":"format-standard","5":"has-post-thumbnail","7":"category-pasaulis","8":"tag-antrastes","9":"tag-bengalija","10":"tag-breaking-news","11":"tag-breakingnews","12":"tag-featured-news","13":"tag-featurednews","14":"tag-headlines","15":"tag-indija","16":"tag-kolkata","17":"tag-latest-news","18":"tag-latestnews","19":"tag-lietuva","20":"tag-lietuviu","21":"tag-lithuania","22":"tag-lithuanian","23":"tag-lt","24":"tag-mirtinas","25":"tag-naujienos","26":"tag-news","27":"tag-nipah","28":"tag-pasaulis","29":"tag-populiariausios-naujienos","30":"tag-populiariausiosnaujienos","31":"tag-pso","32":"tag-siksnosparniai","33":"tag-top-stories","34":"tag-topstories","35":"tag-virusas","36":"tag-world","37":"tag-world-news","38":"tag-worldnews"},"share_on_mastodon":{"url":"https:\/\/pubeurope.com\/@lt\/115972748372243881","error":""},"_links":{"self":[{"href":"https:\/\/www.europesays.com\/lt\/wp-json\/wp\/v2\/posts\/93724","targetHints":{"allow":["GET"]}}],"collection":[{"href":"https:\/\/www.europesays.com\/lt\/wp-json\/wp\/v2\/posts"}],"about":[{"href":"https:\/\/www.europesays.com\/lt\/wp-json\/wp\/v2\/types\/post"}],"author":[{"embeddable":true,"href":"https:\/\/www.europesays.com\/lt\/wp-json\/wp\/v2\/users\/2"}],"replies":[{"embeddable":true,"href":"https:\/\/www.europesays.com\/lt\/wp-json\/wp\/v2\/comments?post=93724"}],"version-history":[{"count":0,"href":"https:\/\/www.europesays.com\/lt\/wp-json\/wp\/v2\/posts\/93724\/revisions"}],"wp:featuredmedia":[{"embeddable":true,"href":"https:\/\/www.europesays.com\/lt\/wp-json\/wp\/v2\/media\/93725"}],"wp:attachment":[{"href":"https:\/\/www.europesays.com\/lt\/wp-json\/wp\/v2\/media?parent=93724"}],"wp:term":[{"taxonomy":"category","embeddable":true,"href":"https:\/\/www.europesays.com\/lt\/wp-json\/wp\/v2\/categories?post=93724"},{"taxonomy":"post_tag","embeddable":true,"href":"https:\/\/www.europesays.com\/lt\/wp-json\/wp\/v2\/tags?post=93724"}],"curies":[{"name":"wp","href":"https:\/\/api.w.org\/{rel}","templated":true}]}}