{"id":93826,"date":"2026-01-28T14:58:14","date_gmt":"2026-01-28T14:58:14","guid":{"rendered":"https:\/\/www.europesays.com\/lt\/93826\/"},"modified":"2026-01-28T14:58:14","modified_gmt":"2026-01-28T14:58:14","slug":"pusnuogiai-rusu-kariai-priristi-prie-medziu-zemyn-galva","status":"publish","type":"post","link":"https:\/\/www.europesays.com\/lt\/93826\/","title":{"rendered":"pusnuogiai rus\u0173 kariai priri\u0161ti prie med\u017ei\u0173 \u017eemyn galva"},"content":{"rendered":"<p>28 sekund\u017ei\u0173 trukm\u0117s vaizdo \u012fra\u0161\u0105 \u201eTelegram\u201c patalpino proukrainieti\u0161kas \u201eExilenova+\u201c kanalas, ra\u0161o \u201eTVP World\u201c.<\/p>\n<p>Filmuotoje med\u017eiagoje matyti, kaip pusnuogiai vyrai priri\u0161ti prie med\u017ei\u0173 mi\u0161ke, vienas j\u0173 kabo auk\u0161tyn galva. Tuo tarpu vyras u\u017e kadro kaltina kareivius bandymu palikti savo postus be leidimo ir nevykdant \u012fsakym\u0173.\u00a0<\/p>\n<p>\u201e\u0160ie idiotai band\u0117 palikti savo pozicijas be leidimo, atsisakydami vykdyti \u012fsakymus\u201c, \u2013 vaizdo \u012fra\u0161e \u0161aukia tariamas vadas.<\/p>\n<p>Tada jis, regis, priver\u010dia vien\u0105 i\u0161 kareivi\u0173 ka\u017ek\u0105 suvalgyti, pana\u0161u, snieg\u0105, \u0161aukdamas \u201eValgyk! Valgyk!\u201c.<\/p>\n<p>Tuo metu kareiviai maldauja atleidimo.<\/p>\n<p>Vadas atsako reikalaudamas paklusnumo, \u0161aukdamas, kad jie privalo \u201edirbti tinkamai ir be pasiteisinim\u0173\u201c.<\/p>\n<p>Anot \u201eThe Sun\u201c, Ukrainos karinis analitikas ir tinklara\u0161tininkas Jurijus Butusovas teig\u0117, kad vaizdo \u012fra\u0161e rodomas \u201elauko tribunolas\u201c, kuriame Rusijos paj\u0117gos \u201emokomos elgtis viena su kita kaip su gyvuliais, kad v\u0117liau elgt\u0173si su visais kitais \u017emon\u0117mis kaip su gyvuliais\u201c.<\/p>\n<p>\u201eTVP World\u201c negal\u0117jo patvirtinti vaizdo \u012fra\u0161o autenti\u0161kumo, taip pat nurodyti, kur ir kada jis buvo \u012fra\u0161ytas.<\/p>\n<p>Rusijos nepriklausoma \u017einiasklaidos priemon\u0117 \u201eVerstka\u201c, remdamasi buvusi\u0173 kari\u0173 liudijimais, 2025 m. spal\u012f prane\u0161\u0117, kad kareiviai, kurie bando nepaklusti \u012fsakymams, yra mu\u0161ami, \u017eeminami ar kitaip kankinami.<\/p>\n","protected":false},"excerpt":{"rendered":"28 sekund\u017ei\u0173 trukm\u0117s vaizdo \u012fra\u0161\u0105 \u201eTelegram\u201c patalpino proukrainieti\u0161kas \u201eExilenova+\u201c kanalas, ra\u0161o \u201eTVP World\u201c. Filmuotoje med\u017eiagoje matyti, kaip pusnuogiai&hellip;\n","protected":false},"author":2,"featured_media":93827,"comment_status":"","ping_status":"","sticky":false,"template":"","format":"standard","meta":{"footnotes":""},"categories":[6],"tags":[25,30,31,34,35,24,32,33,37,39,36,38,40,23,22,28,29,26,27],"class_list":{"0":"post-93826","1":"post","2":"type-post","3":"status-publish","4":"format-standard","5":"has-post-thumbnail","7":"category-antrastes","8":"tag-antrastes","9":"tag-breaking-news","10":"tag-breakingnews","11":"tag-featured-news","12":"tag-featurednews","13":"tag-headlines","14":"tag-latest-news","15":"tag-latestnews","16":"tag-lietuva","17":"tag-lietuviu","18":"tag-lithuania","19":"tag-lithuanian","20":"tag-lt","21":"tag-naujienos","22":"tag-news","23":"tag-populiariausios-naujienos","24":"tag-populiariausiosnaujienos","25":"tag-top-stories","26":"tag-topstories"},"share_on_mastodon":{"url":"https:\/\/pubeurope.com\/@lt\/115973318451497874","error":""},"_links":{"self":[{"href":"https:\/\/www.europesays.com\/lt\/wp-json\/wp\/v2\/posts\/93826","targetHints":{"allow":["GET"]}}],"collection":[{"href":"https:\/\/www.europesays.com\/lt\/wp-json\/wp\/v2\/posts"}],"about":[{"href":"https:\/\/www.europesays.com\/lt\/wp-json\/wp\/v2\/types\/post"}],"author":[{"embeddable":true,"href":"https:\/\/www.europesays.com\/lt\/wp-json\/wp\/v2\/users\/2"}],"replies":[{"embeddable":true,"href":"https:\/\/www.europesays.com\/lt\/wp-json\/wp\/v2\/comments?post=93826"}],"version-history":[{"count":0,"href":"https:\/\/www.europesays.com\/lt\/wp-json\/wp\/v2\/posts\/93826\/revisions"}],"wp:featuredmedia":[{"embeddable":true,"href":"https:\/\/www.europesays.com\/lt\/wp-json\/wp\/v2\/media\/93827"}],"wp:attachment":[{"href":"https:\/\/www.europesays.com\/lt\/wp-json\/wp\/v2\/media?parent=93826"}],"wp:term":[{"taxonomy":"category","embeddable":true,"href":"https:\/\/www.europesays.com\/lt\/wp-json\/wp\/v2\/categories?post=93826"},{"taxonomy":"post_tag","embeddable":true,"href":"https:\/\/www.europesays.com\/lt\/wp-json\/wp\/v2\/tags?post=93826"}],"curies":[{"name":"wp","href":"https:\/\/api.w.org\/{rel}","templated":true}]}}