{"id":93857,"date":"2026-01-28T15:19:14","date_gmt":"2026-01-28T15:19:14","guid":{"rendered":"https:\/\/www.europesays.com\/lt\/93857\/"},"modified":"2026-01-28T15:19:14","modified_gmt":"2026-01-28T15:19:14","slug":"arklys-pakliuvo-i-mirtinus-ledo-spastus","status":"publish","type":"post","link":"https:\/\/www.europesays.com\/lt\/93857\/","title":{"rendered":"arklys pakliuvo \u012f mirtinus ledo sp\u0105stus"},"content":{"rendered":"<p>Plung\u0117s prie\u0161gaisrin\u0117s gelb\u0117jimo tarnybos ugniagesiai gelb\u0117tojai i\u0161kviesti \u012f Keturaki\u0173 kaimo (apie 19 kilometr\u0173 nuo Plung\u0117s) apylinkes.<\/p>\n<p>J\u0173 pagalbos prireik\u0117 \u017eiemos speigo sukaustytuose ir sniegu nuklotuose laukuose.<\/p>\n<p>\u012e u\u017e\u0161alusiame vandens telkinyje i\u0161kirst\u0105 eket\u0119, i\u0161 kurios semiamas vanduo galvijams girdyti, \u012fkrito nemenkas arklys.<\/p>\n<p>Pasak Klaip\u0117dos prie\u0161gaisrin\u0117s gelb\u0117jimo valdybos atstov\u0117s Aurelijos Maslauskien\u0117s, \u0161is \u012fvykis tapo tikru i\u0161\u0161\u016bkiu vietos ugniagesiams gelb\u0117tojams.<\/p>\n<p>Arklys \u012f ledin\u012f vanden\u012f eket\u0117je paniro iki priekini\u0173 koj\u0173, tad gelb\u0117tojams teko ne tik gerokai pavargti, bet ir pasukti galv\u0105, kaip j\u012f i\u0161traukti.<\/p>\n<p>Teigiama, kad situacija buvo ypa\u010d pavojinga: didelis gyv\u016bno svoris, \u0161altas vanduo ir kiekviena minut\u0117, gal\u0117jusi kainuoti gyvyb\u0119.<\/p>\n<p>Ta\u010diau ugniagesiai gelb\u0117tojai su i\u0161\u0161\u016bkiu susitvark\u0117 s\u0117kmingai \u2013 arklys i\u0161gelb\u0117tas.<\/p>\n<p>\u201eUgniagesi\u0173 meistri\u0161kumas ir profesionalumas, koordinuotas darbas, pasitelkiant sunkiasvor\u0119 technik\u0105 ir gyventoj\u0173 pagalb\u0105, leido atlikti tai, kas atrod\u0117 beveik ne\u012fmanoma \u2013 arklys s\u0117kmingai i\u0161trauktas. Nuo\u0161irdi pad\u0117ka visiems, prisid\u0117jusiems prie \u0161ios gelb\u0117jimo operacijos\u201c, \u2013 pasid\u017eiaug\u0117 Klaip\u0117dos prie\u0161gaisrin\u0117 gelb\u0117jimo valdyba.<\/p>\n<p>Gyv\u016bn\u0105 i\u0161gelb\u0117j\u0119 ugniagesiai teigia, jog tokioms situacijoms pasiruo\u0161ti i\u0161 anksto ne\u012fmanoma.<\/p>\n<p>Tai yra visi\u0161ka improvizacija, pasitelkiant turimas \u017einias, patirt\u012f ir sumanum\u0105.<\/p>\n","protected":false},"excerpt":{"rendered":"Plung\u0117s prie\u0161gaisrin\u0117s gelb\u0117jimo tarnybos ugniagesiai gelb\u0117tojai i\u0161kviesti \u012f Keturaki\u0173 kaimo (apie 19 kilometr\u0173 nuo Plung\u0117s) apylinkes. J\u0173 pagalbos&hellip;\n","protected":false},"author":2,"featured_media":93858,"comment_status":"","ping_status":"","sticky":false,"template":"","format":"standard","meta":{"footnotes":""},"categories":[6],"tags":[25,30,31,34,35,24,32,33,37,39,36,38,40,23,22,28,29,26,27],"class_list":{"0":"post-93857","1":"post","2":"type-post","3":"status-publish","4":"format-standard","5":"has-post-thumbnail","7":"category-antrastes","8":"tag-antrastes","9":"tag-breaking-news","10":"tag-breakingnews","11":"tag-featured-news","12":"tag-featurednews","13":"tag-headlines","14":"tag-latest-news","15":"tag-latestnews","16":"tag-lietuva","17":"tag-lietuviu","18":"tag-lithuania","19":"tag-lithuanian","20":"tag-lt","21":"tag-naujienos","22":"tag-news","23":"tag-populiariausios-naujienos","24":"tag-populiariausiosnaujienos","25":"tag-top-stories","26":"tag-topstories"},"share_on_mastodon":{"url":"https:\/\/pubeurope.com\/@lt\/115973401021534697","error":""},"_links":{"self":[{"href":"https:\/\/www.europesays.com\/lt\/wp-json\/wp\/v2\/posts\/93857","targetHints":{"allow":["GET"]}}],"collection":[{"href":"https:\/\/www.europesays.com\/lt\/wp-json\/wp\/v2\/posts"}],"about":[{"href":"https:\/\/www.europesays.com\/lt\/wp-json\/wp\/v2\/types\/post"}],"author":[{"embeddable":true,"href":"https:\/\/www.europesays.com\/lt\/wp-json\/wp\/v2\/users\/2"}],"replies":[{"embeddable":true,"href":"https:\/\/www.europesays.com\/lt\/wp-json\/wp\/v2\/comments?post=93857"}],"version-history":[{"count":0,"href":"https:\/\/www.europesays.com\/lt\/wp-json\/wp\/v2\/posts\/93857\/revisions"}],"wp:featuredmedia":[{"embeddable":true,"href":"https:\/\/www.europesays.com\/lt\/wp-json\/wp\/v2\/media\/93858"}],"wp:attachment":[{"href":"https:\/\/www.europesays.com\/lt\/wp-json\/wp\/v2\/media?parent=93857"}],"wp:term":[{"taxonomy":"category","embeddable":true,"href":"https:\/\/www.europesays.com\/lt\/wp-json\/wp\/v2\/categories?post=93857"},{"taxonomy":"post_tag","embeddable":true,"href":"https:\/\/www.europesays.com\/lt\/wp-json\/wp\/v2\/tags?post=93857"}],"curies":[{"name":"wp","href":"https:\/\/api.w.org\/{rel}","templated":true}]}}