{"id":93861,"date":"2026-01-28T15:24:07","date_gmt":"2026-01-28T15:24:07","guid":{"rendered":"https:\/\/www.europesays.com\/lt\/93861\/"},"modified":"2026-01-28T15:24:07","modified_gmt":"2026-01-28T15:24:07","slug":"baltarusijos-opozicijos-atstove-kalesnikava-kritiskai-vertina-sankcijas-jos-saliai","status":"publish","type":"post","link":"https:\/\/www.europesays.com\/lt\/93861\/","title":{"rendered":"Baltarusijos opozicijos atstov\u0117 Kalesnikava kriti\u0161kai vertina sankcijas jos \u0161aliai"},"content":{"rendered":"<p>Diplomatin\u0117s iniciatyvos tikslai turi b\u016bti politini\u0173 kalini\u0173 i\u0161laisvinimas ir represij\u0173 Baltarusijoje nutraukimas, kalb\u0117jo opozicionier\u0117. Ji teig\u0117 kriti\u0161kai vertinanti sankcijas \u0161aliai. Sankcijos, pasak M. Kalesnikavos, paveikia paprastus \u017emones, \u012fskaitant j\u0105 pa\u010di\u0105, ta\u010diau ne A. Luka\u0161enk\u0105.<\/p>\n<p>M. Kalesnikava buvo viena masini\u0173 protest\u0173, kilusi\u0173 Baltarusijoje po suklastot\u0173 2020 m. prezidento rinkim\u0173, lyderi\u0173. Opozicijos atstov\u0117 buvo sulaikyta 2020\u00a0m. rugs\u0117j\u012f. Daugiau kaip penkerius metus M. Kalesnikava buvo kalinama, beveik pustre\u010di\u0173 met\u0173 visi\u0161kai izoliuota, gyveno, kaip ji sako, be lai\u0161k\u0173 ir skambu\u010di\u0173.<\/p>\n<p>Ta\u010diau moteris pabr\u0117\u017e\u0117 niekada nesijautusi vieni\u0161a. Ji per t\u0105 laik\u0105 perskai\u010diusi \u0161imtus knyg\u0173, o su tokiais autoriais, kaip Shakespeare&#8217;as, Schilleris ir \u00a0Goethe, \u201evisada tur\u0117jusi ger\u0105 draug\u0173 rat\u0105\u201c.<\/p>\n<p>M. Kalesnikava sak\u0117, kad, nepaisant siaubingos patirties, jos po\u017ei\u016bris \u012f gyvenim\u0105 nepasikeit\u0117 \u2013 ji liko optimist\u0117.<\/p>\n<p>\u0160iuo metu Berlyne gyvenanti M. Kalesnikava nori \u010dia pasilikti ir \u012fgyvendinti id\u0117jas kult\u016bros srityje, kurios, kaip ji sako, tiesia tiltus.<\/p>\n","protected":false},"excerpt":{"rendered":"Diplomatin\u0117s iniciatyvos tikslai turi b\u016bti politini\u0173 kalini\u0173 i\u0161laisvinimas ir represij\u0173 Baltarusijoje nutraukimas, kalb\u0117jo opozicionier\u0117. Ji teig\u0117 kriti\u0161kai vertinanti&hellip;\n","protected":false},"author":2,"featured_media":93862,"comment_status":"","ping_status":"","sticky":false,"template":"","format":"standard","meta":{"footnotes":""},"categories":[15],"tags":[2229,25,30,31,194,3346,34,35,24,32,33,37,39,36,38,40,23,22,44,28,29,26,27,74,75,76],"class_list":{"0":"post-93861","1":"post","2":"type-post","3":"status-publish","4":"format-standard","5":"has-post-thumbnail","7":"category-pasaulis","8":"tag-aliaksandras-lukasenka","9":"tag-antrastes","10":"tag-breaking-news","11":"tag-breakingnews","12":"tag-donaldas-trumpas","13":"tag-elta-uzsienio-naujiena","14":"tag-featured-news","15":"tag-featurednews","16":"tag-headlines","17":"tag-latest-news","18":"tag-latestnews","19":"tag-lietuva","20":"tag-lietuviu","21":"tag-lithuania","22":"tag-lithuanian","23":"tag-lt","24":"tag-naujienos","25":"tag-news","26":"tag-pasaulis","27":"tag-populiariausios-naujienos","28":"tag-populiariausiosnaujienos","29":"tag-top-stories","30":"tag-topstories","31":"tag-world","32":"tag-world-news","33":"tag-worldnews"},"share_on_mastodon":{"url":"https:\/\/pubeurope.com\/@lt\/115973420712067467","error":""},"_links":{"self":[{"href":"https:\/\/www.europesays.com\/lt\/wp-json\/wp\/v2\/posts\/93861","targetHints":{"allow":["GET"]}}],"collection":[{"href":"https:\/\/www.europesays.com\/lt\/wp-json\/wp\/v2\/posts"}],"about":[{"href":"https:\/\/www.europesays.com\/lt\/wp-json\/wp\/v2\/types\/post"}],"author":[{"embeddable":true,"href":"https:\/\/www.europesays.com\/lt\/wp-json\/wp\/v2\/users\/2"}],"replies":[{"embeddable":true,"href":"https:\/\/www.europesays.com\/lt\/wp-json\/wp\/v2\/comments?post=93861"}],"version-history":[{"count":0,"href":"https:\/\/www.europesays.com\/lt\/wp-json\/wp\/v2\/posts\/93861\/revisions"}],"wp:featuredmedia":[{"embeddable":true,"href":"https:\/\/www.europesays.com\/lt\/wp-json\/wp\/v2\/media\/93862"}],"wp:attachment":[{"href":"https:\/\/www.europesays.com\/lt\/wp-json\/wp\/v2\/media?parent=93861"}],"wp:term":[{"taxonomy":"category","embeddable":true,"href":"https:\/\/www.europesays.com\/lt\/wp-json\/wp\/v2\/categories?post=93861"},{"taxonomy":"post_tag","embeddable":true,"href":"https:\/\/www.europesays.com\/lt\/wp-json\/wp\/v2\/tags?post=93861"}],"curies":[{"name":"wp","href":"https:\/\/api.w.org\/{rel}","templated":true}]}}