{"id":93912,"date":"2026-01-28T16:28:21","date_gmt":"2026-01-28T16:28:21","guid":{"rendered":"https:\/\/www.europesays.com\/lt\/93912\/"},"modified":"2026-01-28T16:28:21","modified_gmt":"2026-01-28T16:28:21","slug":"seb-nekeicia-siu-metu-lietuvos-bvp-augimo-prognozes-sieks-32-proc","status":"publish","type":"post","link":"https:\/\/www.europesays.com\/lt\/93912\/","title":{"rendered":"SEB nekei\u010dia \u0161i\u0173 met\u0173 Lietuvos BVP augimo prognoz\u0117s \u2013 sieks 3,2 proc."},"content":{"rendered":"<p>SEB nekei\u010dia \u0161i\u0173 ir ateinan\u010di\u0173 met\u0173 \u0161alies bendrojo vidaus produkto (BVP) augimo prognoz\u0117s \u2013 jis sieks atitinkamai 3,2 proc. ir 2,1 proc., skelbia bankas naujausioje makroekonomikos ap\u017evalgoje \u201eNordic Outlook\u201c.<\/p>\n<p>Prognozuojama, kad infliacija pirm\u0105j\u012f met\u0173 ketvirt\u012f kiek ma\u017e\u0117s \u2013 nukris \u017eemiau 3 proc., v\u0117liau augs did\u0117jant vartojimui, o 2027 m. v\u0117l nukris iki 3 proc.<\/p>\n<p>Paslaug\u0173 infliacija \u0161iemet tur\u0117t\u0173 suma\u017e\u0117ti nuo 5,9 iki 5,5 proc., maisto kain\u0173 infliacija \u2013 gerokai sul\u0117t\u0117ti.<\/p>\n<p>Tuo metu energijos kainos, planuojama, did\u0117s spar\u010diau, i\u0161augus prid\u0117tin\u0117s vert\u0117s mokes\u010dio (PVM) tarifui \u0161ildymui, did\u0117jant akcizams degalams.<\/p>\n<p>Banko analitikai tikisi, kad vartojimas \u0161iemet padid\u0117s laikinai, kai nuo sausio \u012fsigaliojus reformai gyventojai prad\u0117s leisti i\u0161 pensij\u0173 fond\u0173 atsiimtas sukauptas l\u0117\u0161as, o kitais metais v\u0117l susilpn\u0117s.<\/p>\n<p>Pirmoji \u0161io vartojimo banga tur\u0117t\u0173 prasid\u0117ti baland\u012f, SEB numato, kad gyventojai atsiims 35 proc. pensij\u0173 fonduose sukaupt\u0173 l\u0117\u0161\u0173, o 60 proc. \u0161ios sumos bus i\u0161leista vartojimui \u2013 prek\u0117ms ir paslaugoms \u012fsigyti.<\/p>\n<p>\u201eVartotoj\u0173 pasitik\u0117jimas i\u0161lieka istori\u0161kai auk\u0161tame lygyje, ta\u010diau matome didel\u0119 jo pablog\u0117jimo rizik\u0105 antroje met\u0173 pus\u0117je, pasibaigus po pensij\u0173 reformos kilusiam entuziazmui\u201c, \u2013 ra\u0161oma banko ap\u017evalgoje.<\/p>\n<p>Visgi pagrindiniu \u0161alies BVP augimo varikliu, prognozuojama, i\u0161liks investicijos.<\/p>\n<p>Nedarbo lygis tur\u0117t\u0173 ma\u017e\u0117ti palaipsniui \u2013 \u0161iemet siekti 6,8 proc., kitais metais \u2013 6,7 proc. Anot analitik\u0173, nors pernai u\u017eimtumo augimas sul\u0117t\u0117jo d\u0117l silpnesnio u\u017esienio darbuotoj\u0173 atvykimo, u\u017eimtumo lygis i\u0161lieka artimas rekordin\u0117ms auk\u0161tumoms.<\/p>\n<p>Tikimasi, kad \u0161iais ir ateinan\u010diais metais realus darbo u\u017emokes\u010dio augimas sul\u0117t\u0117s \u2013 \u0161iemet sieks 7,7 proc., kitais metais \u2013 7 proc.<\/p>\n<p>2026 m. prognozuojamas nedidelis eksporto apim\u010di\u0173 augimas \u2013 \u0161iemet sudarys 3,3 proc., kitais metais \u2013 3,1 proc.<\/p>\n<p>Eksporto paklaus\u0105 tur\u0117t\u0173 palaikyti pager\u0117jusi ekonomin\u0117 veikla \u0160vedijoje ir kitose kaimynin\u0117se \u0161alyse, tuo metu paslaug\u0173 eksportas toliau augs dvi\u017eenkliu tempu, tai skatins verslo aktyvumas IT ir finans\u0173 sektoriuose.<\/p>\n<p>Pernai pramon\u0117s pasitik\u0117jimo rodikliai i\u0161liko pana\u0161iame lygyje, nors antr\u0105j\u012f met\u0173 pusmet\u012f gamyba susilpn\u0117jo d\u0117l didesn\u0117s konkurencijos i\u0161 Kinijos ir ma\u017eesnio eksporto \u012f Jungtines Valstijas, taip pat ma\u017e\u0117jo nauj\u0173 tiesiogini\u0173 u\u017esienio investicij\u0173 srautai.<\/p>\n<p>D\u0117l pensij\u0173 reformos, ma\u017eesni\u0173 pal\u016bkan\u0173 norm\u0173 ir ma\u017eesnio pradinio \u012fna\u0161o reikalavim\u0173 \u0161iemet numatomas didesnis aktyvumas nekilnojamojo turto rinkoje \u2013 SEB analitikai nesitiki, kad ji atv\u0117s anks\u010diau 2027 m., nes b\u016bsto kainos toliau kyla spar\u010diau nei gyventoj\u0173 pajamos, o \u012fperkamumas prast\u0117ja.<\/p>\n<p>Vertinant Lietuvos fiskalin\u0119 politik\u0105, SEB pabr\u0117\u017eia \u0161iemet iki 5,4 proc. nuo BVP augsian\u010dias Lietuvos i\u0161laidas gynybai, kartu numatant 2,8 proc. arba 5 proc. BVP biud\u017eeto deficit\u0105 (\u012fskaitant i\u0161ankstinius mok\u0117jimus u\u017e karin\u0119 \u012frang\u0105).<\/p>\n<p>\u201e2027 m. biud\u017eeto sudarymo procesas grei\u010diausiai bus sud\u0117tingas, smarkiai skiriantis politik\u0173 po\u017ei\u016briui \u012f tinkam\u0105 biud\u017eeto deficito dyd\u012f\u201c, \u2013 nurodoma ap\u017evalgoje.<\/p>\n<p>\t\t\t\t\t\t\t\t\t\t\t\t <img decoding=\"async\" src=\"https:\/\/www.europesays.com\/lt\/wp-content\/uploads\/2026\/01\/elta.png\"\/><\/p>\n","protected":false},"excerpt":{"rendered":"SEB nekei\u010dia \u0161i\u0173 ir ateinan\u010di\u0173 met\u0173 \u0161alies bendrojo vidaus produkto (BVP) augimo prognoz\u0117s \u2013 jis sieks atitinkamai 3,2&hellip;\n","protected":false},"author":2,"featured_media":93913,"comment_status":"","ping_status":"","sticky":false,"template":"","format":"standard","meta":{"footnotes":""},"categories":[17],"tags":[81,2233,37,39,36,38,40,46],"class_list":{"0":"post-93912","1":"post","2":"type-post","3":"status-publish","4":"format-standard","5":"has-post-thumbnail","7":"category-verslas","8":"tag-business","9":"tag-bvp","10":"tag-lietuva","11":"tag-lietuviu","12":"tag-lithuania","13":"tag-lithuanian","14":"tag-lt","15":"tag-verslas"},"share_on_mastodon":{"url":"https:\/\/pubeurope.com\/@lt\/115973672369349729","error":""},"_links":{"self":[{"href":"https:\/\/www.europesays.com\/lt\/wp-json\/wp\/v2\/posts\/93912","targetHints":{"allow":["GET"]}}],"collection":[{"href":"https:\/\/www.europesays.com\/lt\/wp-json\/wp\/v2\/posts"}],"about":[{"href":"https:\/\/www.europesays.com\/lt\/wp-json\/wp\/v2\/types\/post"}],"author":[{"embeddable":true,"href":"https:\/\/www.europesays.com\/lt\/wp-json\/wp\/v2\/users\/2"}],"replies":[{"embeddable":true,"href":"https:\/\/www.europesays.com\/lt\/wp-json\/wp\/v2\/comments?post=93912"}],"version-history":[{"count":0,"href":"https:\/\/www.europesays.com\/lt\/wp-json\/wp\/v2\/posts\/93912\/revisions"}],"wp:featuredmedia":[{"embeddable":true,"href":"https:\/\/www.europesays.com\/lt\/wp-json\/wp\/v2\/media\/93913"}],"wp:attachment":[{"href":"https:\/\/www.europesays.com\/lt\/wp-json\/wp\/v2\/media?parent=93912"}],"wp:term":[{"taxonomy":"category","embeddable":true,"href":"https:\/\/www.europesays.com\/lt\/wp-json\/wp\/v2\/categories?post=93912"},{"taxonomy":"post_tag","embeddable":true,"href":"https:\/\/www.europesays.com\/lt\/wp-json\/wp\/v2\/tags?post=93912"}],"curies":[{"name":"wp","href":"https:\/\/api.w.org\/{rel}","templated":true}]}}