{"id":94234,"date":"2026-01-29T07:08:13","date_gmt":"2026-01-29T07:08:13","guid":{"rendered":"https:\/\/www.europesays.com\/lt\/94234\/"},"modified":"2026-01-29T07:08:13","modified_gmt":"2026-01-29T07:08:13","slug":"karas-ukrainoje-analitikai-ivertino-jav-spaudima-ukrainai-tai-butu-strategine-klaida-lrytas","status":"publish","type":"post","link":"https:\/\/www.europesays.com\/lt\/94234\/","title":{"rendered":"Karas Ukrainoje. Analitikai \u012fvertino JAV spaudim\u0105 Ukrainai: tai b\u016bt\u0173 strategin\u0117 klaida &#8211; Lrytas"},"content":{"rendered":"<ol>\n<li><a href=\"https:\/\/news.google.com\/rss\/articles\/CBMipAJBVV95cUxOSWkzQm9PTkZYSlVLZTRSMUNwakhKSUZxVmJLVWZxbXBYdmpNclVjQmdTOWJaMEtBUHlXMlJhbndrWmswTFNoUDBQTU9kRnQ0Ri01ejJVY1hPb2VUVXRINVJjZGtQZUI3RUZrc09WandYX0FFU2dLWUlvS2ZtZk8wRUlmck1tdklMaXFfQmh2SXFFdUVGQUt2YnZoTlR1dFBfblhZbEFrdnlqblM3c19neTU4ZnZPTkpwdzhSSkVuaHE1TzlFbC13MzJIUGpsY2RJcUsyTUFzZGZBaGtiRG96MTVKZjBwYU1rOGc0OWpSN0g1T2xfemxPdmE4Y1FnamhILXVzaFNfaU84WWRhM2dvMGlZbDFKa3h6b3FfdGkwWVhueXNv?oc=5\" target=\"_blank\" rel=\"nofollow noopener\">Karas Ukrainoje. Analitikai \u012fvertino JAV spaudim\u0105 Ukrainai: tai b\u016bt\u0173 strategin\u0117 klaida<\/a>&nbsp;&nbsp;Lrytas<\/li>\n<li><a href=\"https:\/\/news.google.com\/rss\/articles\/CBMirgFBVV95cUxQWS1pOTM1MEpzWWN2SmNNNWFqcG82YkhKV2UtQlNqbms3TXV2ZHBodEpReWY4Q1IwTjZhbUZzR3RRVm1nUlE4UWZnUm1rX3daemZOQlZNU2VLV2o4THhWaXZmdDBxc0tKbURkNjZ4MlBnblNFVmhOamlMZVRzN2NhZnFYRWxkMllMbDdCSFljOFhvbTFYcTFSblN6OXlOOVJVZkdFYUhPZXdna1BORVE?oc=5\" target=\"_blank\" rel=\"nofollow noopener\">Karas Ukrainoje. Rusija v\u0117l kvie\u010dia Zelensk\u012f atvykti \u012f Maskv\u0105<\/a>&nbsp;&nbsp;LRT<\/li>\n<li><a href=\"https:\/\/news.google.com\/rss\/articles\/CBMivwFBVV95cUxNUXVGZllvX1gtVEhrWjcyeUtCT2piclhRNzZhdmlqRmQ1UTZGd2hobmVwYm9qendnaEVaSEt0RUFBa2lqRmVCckM3Ql81VXh3OEtsMXBWclRKdkxtaUs3MHg2eGZRQlhVNERaZU9ZaTFZcXl4QTl6YkZwcV9RS2ZFYXYxUzlCeWl0eXRaT00wNkdHT1V1NXFPelNmUUFMSlR0Q0dtektwMXJ1c3JJVmFaNlc2QjdtYjZ5bDduUF9rOA?oc=5\" target=\"_blank\" rel=\"nofollow noopener\">Kremlius kvie\u010dia Zelensk\u012f \u012f Maskv\u0105: prisiek\u0117 Putino garb\u0117s \u017eod\u017eiu<\/a>&nbsp;&nbsp;15min.lt<\/li>\n<li><a href=\"https:\/\/news.google.com\/rss\/articles\/CBMi8gFBVV95cUxNVGNjUm5TLWpBZTAzbzZBdWczbE94ajFnMmNBbk1aOENsWEZYNW41bWQ0Nmd2OEdUV19VYm9mTjJqazJWcWxPc2tsTVE5cmlnOVBZUHJpRV9nRFVDWkZ2UDNVWkVZODVKcHNnRFpCWDl6WkFaSk9jZUk4cEJ2X1JTaUFvbU9fOUc3eE1rYndybThkRi1iWUwydzJKWVpHTnBxempwWXBPZFNoYjZYZDRyeDUwdEFwMkxqU2xndnBWSXJjenZSMHVhUkwxdGtMVWdUYWlrRHRoSFRDRUtYOGFVT2lHUEFfdjRHU1lqaUJzNngxUQ?oc=5\" target=\"_blank\" rel=\"nofollow noopener\">V. Zelenskis \u012fsp\u0117ja \u2013 Rusija ruo\u0161iasi naujam sm\u016bgiui<\/a>&nbsp;&nbsp;Lrytas<\/li>\n<li><a href=\"https:\/\/news.google.com\/rss\/articles\/CBMiswFBVV95cUxQRmtWN2FETk5FRktqNVNKbEZpS0FiRndPVGQzc3F4SnNRUGMwZkU1ZE9ONTVqRjJVRGlaN1QyaEhRQVBUcmRnYlJuaHNZd2pYRUM0UlZvMXo1R0gzeC1GRjM1Rmg4X1huQTFfNVplM1lKZ2U3Nzg5OWh6Y0xfakRuYUdzUzhuY0VPdkJjcTA3b2Jpb0N3YzMyT0ZxNHNFc2ZuUzJoWVhocG04bm1DVnhmTEpUWQ?oc=5\" target=\"_blank\" rel=\"nofollow noopener\">Ukrainos UR ministras: Zelenskis pasireng\u0119s susitikti su Putinu<\/a>&nbsp;&nbsp;Delfi<\/li>\n<\/ol>\n","protected":false},"excerpt":{"rendered":"Karas Ukrainoje. Analitikai \u012fvertino JAV spaudim\u0105 Ukrainai: tai b\u016bt\u0173 strategin\u0117 klaida&nbsp;&nbsp;Lrytas Karas Ukrainoje. Rusija v\u0117l kvie\u010dia Zelensk\u012f atvykti&hellip;\n","protected":false},"author":2,"featured_media":94235,"comment_status":"","ping_status":"","sticky":false,"template":"","format":"standard","meta":{"footnotes":""},"categories":[15],"tags":[25,30,31,34,35,24,32,33,37,39,36,38,40,23,22,44,28,29,26,27,74,75,76],"class_list":{"0":"post-94234","1":"post","2":"type-post","3":"status-publish","4":"format-standard","5":"has-post-thumbnail","7":"category-pasaulis","8":"tag-antrastes","9":"tag-breaking-news","10":"tag-breakingnews","11":"tag-featured-news","12":"tag-featurednews","13":"tag-headlines","14":"tag-latest-news","15":"tag-latestnews","16":"tag-lietuva","17":"tag-lietuviu","18":"tag-lithuania","19":"tag-lithuanian","20":"tag-lt","21":"tag-naujienos","22":"tag-news","23":"tag-pasaulis","24":"tag-populiariausios-naujienos","25":"tag-populiariausiosnaujienos","26":"tag-top-stories","27":"tag-topstories","28":"tag-world","29":"tag-world-news","30":"tag-worldnews"},"share_on_mastodon":{"url":"https:\/\/pubeurope.com\/@lt\/115977132631322888","error":""},"_links":{"self":[{"href":"https:\/\/www.europesays.com\/lt\/wp-json\/wp\/v2\/posts\/94234","targetHints":{"allow":["GET"]}}],"collection":[{"href":"https:\/\/www.europesays.com\/lt\/wp-json\/wp\/v2\/posts"}],"about":[{"href":"https:\/\/www.europesays.com\/lt\/wp-json\/wp\/v2\/types\/post"}],"author":[{"embeddable":true,"href":"https:\/\/www.europesays.com\/lt\/wp-json\/wp\/v2\/users\/2"}],"replies":[{"embeddable":true,"href":"https:\/\/www.europesays.com\/lt\/wp-json\/wp\/v2\/comments?post=94234"}],"version-history":[{"count":0,"href":"https:\/\/www.europesays.com\/lt\/wp-json\/wp\/v2\/posts\/94234\/revisions"}],"wp:featuredmedia":[{"embeddable":true,"href":"https:\/\/www.europesays.com\/lt\/wp-json\/wp\/v2\/media\/94235"}],"wp:attachment":[{"href":"https:\/\/www.europesays.com\/lt\/wp-json\/wp\/v2\/media?parent=94234"}],"wp:term":[{"taxonomy":"category","embeddable":true,"href":"https:\/\/www.europesays.com\/lt\/wp-json\/wp\/v2\/categories?post=94234"},{"taxonomy":"post_tag","embeddable":true,"href":"https:\/\/www.europesays.com\/lt\/wp-json\/wp\/v2\/tags?post=94234"}],"curies":[{"name":"wp","href":"https:\/\/api.w.org\/{rel}","templated":true}]}}