{"id":94275,"date":"2026-01-29T07:57:52","date_gmt":"2026-01-29T07:57:52","guid":{"rendered":"https:\/\/www.europesays.com\/lt\/94275\/"},"modified":"2026-01-29T07:57:52","modified_gmt":"2026-01-29T07:57:52","slug":"etikos-sargai-atidejo-sprendima-del-tyrimo-zemaitaicio-atzvilgiu-isvadu","status":"publish","type":"post","link":"https:\/\/www.europesays.com\/lt\/94275\/","title":{"rendered":"Etikos sargai atid\u0117jo sprendim\u0105 d\u0117l tyrimo \u017demaitai\u010dio at\u017evilgiu i\u0161vad\u0173"},"content":{"rendered":"<p>Tyrimas buvo prad\u0117tas, siekiant i\u0161siai\u0161kinti, ar \u201eOpTV\u201c laidoje bei asmenin\u0117je socialinio tinklo \u201eFacebook\u201c paskyroje apie moksleivi\u0173 dalyvavim\u0105 kult\u016bros bendruomen\u0117s organizuotose protestuose kalb\u0117j\u0119s \u201eNemuno au\u0161ros\u201c vadovas nenusi\u017eeng\u0117 Politik\u0173 elgesio kodeksui.<\/p>\n<p>Vis d\u0117lto tre\u010diadien\u012f vykusio pos\u0117d\u017eio metu, prista\u010dius tyrimo i\u0161vad\u0173 projektus, buvo nuspr\u0119sta prie \u0161io klausimo gr\u012f\u017eti v\u0117liau, sulaukus valstyb\u0117s institucij\u0173, \u012f kurias buvo kreiptasi, verdikto.\u00a0<\/p>\n<p>Kaip skelbta, vienoje i\u0161 \u201eOpTV\u201c laid\u0173 R. \u017demaitaitis teig\u0117, jog u\u017e kult\u016brinink\u0173 mai\u0161to slypi korupcin\u0117s schemos. \u0160i laida \u201eYouTube\u201c platformoje pasirod\u0117 rugs\u0117jo pabaigoje, prasid\u0117jus kult\u016bros bendruomen\u0117s protestams d\u0117l \u201eNemuno au\u0161rai\u201c perleistos Kult\u016bros ministerijos bei jos vadovu paskirto Ignoto Adomavi\u010diaus.\u00a0<\/p>\n<p>Tuo metu lapkri\u010dio m\u0117nes\u012f R. \u017demaitaitis savo asmenin\u0117je socialinio tinklo \u201eFacebook\u201c paskyroje pasidalino \u012fra\u0161u, kuriame kritikavo lapkri\u010dio 21 d. planuojam\u0105 kult\u016bros bendruomen\u0117s miting\u0105.\u00a0Prie \u0161io \u012fra\u0161o politikas prid\u0117jo ekrano nuotrauk\u0105, kurioje buvo matomas gimnazijos mokini\u0173, vyksian\u010di\u0173 \u012f miting\u0105, s\u0105ra\u0161as su j\u0173 vardais, pavard\u0117mis bei mokytojo asmens duomenimis.<\/p>\n<p>Tiesa, v\u0117liau politikas \u012fra\u0161\u0105 pakoregavo, pasl\u0117pdamas moksleivi\u0173 asmens duomenis.<\/p>\n","protected":false},"excerpt":{"rendered":"Tyrimas buvo prad\u0117tas, siekiant i\u0161siai\u0161kinti, ar \u201eOpTV\u201c laidoje bei asmenin\u0117je socialinio tinklo \u201eFacebook\u201c paskyroje apie moksleivi\u0173 dalyvavim\u0105 kult\u016bros&hellip;\n","protected":false},"author":2,"featured_media":86535,"comment_status":"","ping_status":"","sticky":false,"template":"","format":"standard","meta":{"footnotes":""},"categories":[13],"tags":[25,30,31,34,35,24,32,33,37,39,36,38,40,23,22,28,29,68,26,27],"class_list":{"0":"post-94275","1":"post","2":"type-post","3":"status-publish","4":"format-standard","5":"has-post-thumbnail","7":"category-lietuva","8":"tag-antrastes","9":"tag-breaking-news","10":"tag-breakingnews","11":"tag-featured-news","12":"tag-featurednews","13":"tag-headlines","14":"tag-latest-news","15":"tag-latestnews","16":"tag-lietuva","17":"tag-lietuviu","18":"tag-lithuania","19":"tag-lithuanian","20":"tag-lt","21":"tag-naujienos","22":"tag-news","23":"tag-populiariausios-naujienos","24":"tag-populiariausiosnaujienos","25":"tag-remigijus-zemaitaitis","26":"tag-top-stories","27":"tag-topstories"},"share_on_mastodon":{"url":"https:\/\/pubeurope.com\/@lt\/115977329255278268","error":""},"_links":{"self":[{"href":"https:\/\/www.europesays.com\/lt\/wp-json\/wp\/v2\/posts\/94275","targetHints":{"allow":["GET"]}}],"collection":[{"href":"https:\/\/www.europesays.com\/lt\/wp-json\/wp\/v2\/posts"}],"about":[{"href":"https:\/\/www.europesays.com\/lt\/wp-json\/wp\/v2\/types\/post"}],"author":[{"embeddable":true,"href":"https:\/\/www.europesays.com\/lt\/wp-json\/wp\/v2\/users\/2"}],"replies":[{"embeddable":true,"href":"https:\/\/www.europesays.com\/lt\/wp-json\/wp\/v2\/comments?post=94275"}],"version-history":[{"count":0,"href":"https:\/\/www.europesays.com\/lt\/wp-json\/wp\/v2\/posts\/94275\/revisions"}],"wp:featuredmedia":[{"embeddable":true,"href":"https:\/\/www.europesays.com\/lt\/wp-json\/wp\/v2\/media\/86535"}],"wp:attachment":[{"href":"https:\/\/www.europesays.com\/lt\/wp-json\/wp\/v2\/media?parent=94275"}],"wp:term":[{"taxonomy":"category","embeddable":true,"href":"https:\/\/www.europesays.com\/lt\/wp-json\/wp\/v2\/categories?post=94275"},{"taxonomy":"post_tag","embeddable":true,"href":"https:\/\/www.europesays.com\/lt\/wp-json\/wp\/v2\/tags?post=94275"}],"curies":[{"name":"wp","href":"https:\/\/api.w.org\/{rel}","templated":true}]}}