{"id":94295,"date":"2026-01-29T08:23:14","date_gmt":"2026-01-29T08:23:14","guid":{"rendered":"https:\/\/www.europesays.com\/lt\/94295\/"},"modified":"2026-01-29T08:23:14","modified_gmt":"2026-01-29T08:23:14","slug":"marco-rubio-jav-sia-savaite-gali-prisijungti-prie-nauju-rusijos-ir-ukrainos-derybu","status":"publish","type":"post","link":"https:\/\/www.europesays.com\/lt\/94295\/","title":{"rendered":"Marco Rubio: JAV \u0161i\u0105 savait\u0119 gali prisijungti prie nauj\u0173 Rusijos ir Ukrainos deryb\u0173"},"content":{"rendered":"<p>\n                JAV valstyb\u0117s sekretorius Marco Rubio tre\u010diadien\u012f parei\u0161k\u0117, kad Jungtin\u0117s Valstijos \u0161i\u0105 savait\u0119 gali prisijungti prie nauj\u0173 Rusijos ir Ukrainos deryb\u0173 ir kad teritorij\u0173 klausimas i\u0161lieka pagrindinis gin\u010d\u0173 objektas.            <\/p>\n<p>\u0160io straipsnio \u012fgarsinimo gali klausyti tik 15min prenumeratoriai<\/p>\n<p>        <a onclick=\"$('html,body').animate({scrollTop: ($('.paid-content-text').offset().top - 150)}, 'slow'); gaTagEvent('navigation', 'nav_article', 'audio_prenumeruoti');\">Prenumeruoti<\/a><\/p>\n<p>\t\t\t\t<a href=\"https:\/\/s1.15min.lt\/images\/photos\/2026\/01\/29\/original\/marco-rubio-michael-brochstein-zumapresscom-697af5c1155a4.jpg\" title=\" Marco Rubio \/ Michael Brochstein \/ ZUMAPRESS.com\" class=\"image-link\" rel=\"nofollow noopener\" target=\"_blank\"><br \/>\n\t\t\t<img decoding=\"async\" alt=\"Marco Rubio \/ Michael Brochstein \/ ZUMAPRESS.com\" src=\"https:\/\/www.europesays.com\/lt\/wp-content\/uploads\/2026\/01\/marco-rubio-michael-brochstein-zumapresscom-697af5c1155a4.jpg\" itemprop=\"image\" width=\"970\" height=\"580\" fetchpriority=\"high\"\/>\t\t\t\t\t<\/a><\/p>\n<p>\n        Marco Rubio \/ Michael Brochstein \/ ZUMAPRESS.com \t<\/p>\n","protected":false},"excerpt":{"rendered":"JAV valstyb\u0117s sekretorius Marco Rubio tre\u010diadien\u012f parei\u0161k\u0117, kad Jungtin\u0117s Valstijos \u0161i\u0105 savait\u0119 gali prisijungti prie nauj\u0173 Rusijos ir&hellip;\n","protected":false},"author":2,"featured_media":94296,"comment_status":"","ping_status":"","sticky":false,"template":"","format":"standard","meta":{"footnotes":""},"categories":[15],"tags":[25,30,31,34,35,24,32,33,37,39,36,38,40,23,22,44,28,29,26,27,74,75,76],"class_list":{"0":"post-94295","1":"post","2":"type-post","3":"status-publish","4":"format-standard","5":"has-post-thumbnail","7":"category-pasaulis","8":"tag-antrastes","9":"tag-breaking-news","10":"tag-breakingnews","11":"tag-featured-news","12":"tag-featurednews","13":"tag-headlines","14":"tag-latest-news","15":"tag-latestnews","16":"tag-lietuva","17":"tag-lietuviu","18":"tag-lithuania","19":"tag-lithuanian","20":"tag-lt","21":"tag-naujienos","22":"tag-news","23":"tag-pasaulis","24":"tag-populiariausios-naujienos","25":"tag-populiariausiosnaujienos","26":"tag-top-stories","27":"tag-topstories","28":"tag-world","29":"tag-world-news","30":"tag-worldnews"},"share_on_mastodon":{"url":"https:\/\/pubeurope.com\/@lt\/115977427519112022","error":""},"_links":{"self":[{"href":"https:\/\/www.europesays.com\/lt\/wp-json\/wp\/v2\/posts\/94295","targetHints":{"allow":["GET"]}}],"collection":[{"href":"https:\/\/www.europesays.com\/lt\/wp-json\/wp\/v2\/posts"}],"about":[{"href":"https:\/\/www.europesays.com\/lt\/wp-json\/wp\/v2\/types\/post"}],"author":[{"embeddable":true,"href":"https:\/\/www.europesays.com\/lt\/wp-json\/wp\/v2\/users\/2"}],"replies":[{"embeddable":true,"href":"https:\/\/www.europesays.com\/lt\/wp-json\/wp\/v2\/comments?post=94295"}],"version-history":[{"count":0,"href":"https:\/\/www.europesays.com\/lt\/wp-json\/wp\/v2\/posts\/94295\/revisions"}],"wp:featuredmedia":[{"embeddable":true,"href":"https:\/\/www.europesays.com\/lt\/wp-json\/wp\/v2\/media\/94296"}],"wp:attachment":[{"href":"https:\/\/www.europesays.com\/lt\/wp-json\/wp\/v2\/media?parent=94295"}],"wp:term":[{"taxonomy":"category","embeddable":true,"href":"https:\/\/www.europesays.com\/lt\/wp-json\/wp\/v2\/categories?post=94295"},{"taxonomy":"post_tag","embeddable":true,"href":"https:\/\/www.europesays.com\/lt\/wp-json\/wp\/v2\/tags?post=94295"}],"curies":[{"name":"wp","href":"https:\/\/api.w.org\/{rel}","templated":true}]}}