{"id":94326,"date":"2026-01-29T09:12:07","date_gmt":"2026-01-29T09:12:07","guid":{"rendered":"https:\/\/www.europesays.com\/lt\/94326\/"},"modified":"2026-01-29T09:12:07","modified_gmt":"2026-01-29T09:12:07","slug":"stambi-baldu-gamybos-imone-atsisako-dalies-etatu-darbo-neteks-99-darbuotojai","status":"publish","type":"post","link":"https:\/\/www.europesays.com\/lt\/94326\/","title":{"rendered":"Stambi bald\u0173 gamybos \u012fmon\u0117 atsisako dalies etat\u0173: darbo neteks 99 darbuotojai"},"content":{"rendered":"<p>Tok\u012f sprendim\u0105 l\u0117m\u0117 tiek vykdomos investicijos \u012f modernesnes ir efektyvesnes gamybos linijas, tiek ir tai, kad dalis produkt\u0173 pasiek\u0117 savo nat\u016bralaus gyvavimo ciklo pabaig\u0105.<\/p>\n<p>\u201eSuprantame, kad \u0161ie poky\u010diai kelia daug asmenini\u0173 ir profesini\u0173 i\u0161\u0161\u016bki\u0173, tod\u0117l tai nebuvo lengvas sprendimas. Mums svarbu, kad kiekvienas darbuotojas jaust\u0173si informuotas ir gerbiamas \u0161io proceso metu.<\/p>\n<p>Ateityje planuojame prad\u0117ti gaminti naujus bald\u0173 modelius, ta\u010diau \u0161iuo pereinamuoju laikotarpiu \u012fvertinome dabartin\u0119 gamybini\u0173 linij\u0173 apkrov\u0105 ir pri\u0117m\u0117me sprendim\u0105 ma\u017einti etat\u0173 skai\u010di\u0173\u201c, \u2013 sako \u201eVisagino linijos\u201c direktorius Justas Baltru\u0161is-Baltru\u0161aitis.<\/p>\n<p>Pasak jo, \u012fmon\u0117s veikla yra stabili, o ateityje prad\u0117jus gaminti naujus bald\u0173 modelius bei i\u0161augus gamybos apimtims, etat\u0173 skai\u010dius gamykloje v\u0117l potencialiai gal\u0117t\u0173 prad\u0117ti augti.<\/p>\n<p>Bendrov\u0117 pabr\u0117\u017eia, kad visi darbuotojai, kuriuos palies \u0161ie poky\u010diai, buvo informuoti individualiai, o su jais bus atsiskaitoma visa apimtimi, laikantis galiojan\u010di\u0173 teis\u0117s akt\u0173. \u012emon\u0117 taip pat siekia, kad pereinamasis laikotarpis b\u016bt\u0173 kuo sklandesnis tiek darbuotojams, tiek gamybos procesams.<\/p>\n","protected":false},"excerpt":{"rendered":"Tok\u012f sprendim\u0105 l\u0117m\u0117 tiek vykdomos investicijos \u012f modernesnes ir efektyvesnes gamybos linijas, tiek ir tai, kad dalis produkt\u0173&hellip;\n","protected":false},"author":2,"featured_media":94327,"comment_status":"","ping_status":"","sticky":false,"template":"","format":"standard","meta":{"footnotes":""},"categories":[6],"tags":[25,30,31,34,35,24,32,33,37,39,36,38,40,23,22,28,29,26,27],"class_list":{"0":"post-94326","1":"post","2":"type-post","3":"status-publish","4":"format-standard","5":"has-post-thumbnail","7":"category-antrastes","8":"tag-antrastes","9":"tag-breaking-news","10":"tag-breakingnews","11":"tag-featured-news","12":"tag-featurednews","13":"tag-headlines","14":"tag-latest-news","15":"tag-latestnews","16":"tag-lietuva","17":"tag-lietuviu","18":"tag-lithuania","19":"tag-lithuanian","20":"tag-lt","21":"tag-naujienos","22":"tag-news","23":"tag-populiariausios-naujienos","24":"tag-populiariausiosnaujienos","25":"tag-top-stories","26":"tag-topstories"},"share_on_mastodon":{"url":"https:\/\/pubeurope.com\/@lt\/115977620215155533","error":""},"_links":{"self":[{"href":"https:\/\/www.europesays.com\/lt\/wp-json\/wp\/v2\/posts\/94326","targetHints":{"allow":["GET"]}}],"collection":[{"href":"https:\/\/www.europesays.com\/lt\/wp-json\/wp\/v2\/posts"}],"about":[{"href":"https:\/\/www.europesays.com\/lt\/wp-json\/wp\/v2\/types\/post"}],"author":[{"embeddable":true,"href":"https:\/\/www.europesays.com\/lt\/wp-json\/wp\/v2\/users\/2"}],"replies":[{"embeddable":true,"href":"https:\/\/www.europesays.com\/lt\/wp-json\/wp\/v2\/comments?post=94326"}],"version-history":[{"count":0,"href":"https:\/\/www.europesays.com\/lt\/wp-json\/wp\/v2\/posts\/94326\/revisions"}],"wp:featuredmedia":[{"embeddable":true,"href":"https:\/\/www.europesays.com\/lt\/wp-json\/wp\/v2\/media\/94327"}],"wp:attachment":[{"href":"https:\/\/www.europesays.com\/lt\/wp-json\/wp\/v2\/media?parent=94326"}],"wp:term":[{"taxonomy":"category","embeddable":true,"href":"https:\/\/www.europesays.com\/lt\/wp-json\/wp\/v2\/categories?post=94326"},{"taxonomy":"post_tag","embeddable":true,"href":"https:\/\/www.europesays.com\/lt\/wp-json\/wp\/v2\/tags?post=94326"}],"curies":[{"name":"wp","href":"https:\/\/api.w.org\/{rel}","templated":true}]}}