{"id":94578,"date":"2026-01-29T14:37:07","date_gmt":"2026-01-29T14:37:07","guid":{"rendered":"https:\/\/www.europesays.com\/lt\/94578\/"},"modified":"2026-01-29T14:37:07","modified_gmt":"2026-01-29T14:37:07","slug":"ar-pateisinamas-premjeres-ingos-ruginienes-elgesys-misiose-respublika-lt","status":"publish","type":"post","link":"https:\/\/www.europesays.com\/lt\/94578\/","title":{"rendered":"Ar pateisinamas premjer\u0117s Ingos Ruginien\u0117s elgesys Mi\u0161iose? &#8211; Respublika.lt"},"content":{"rendered":"<p style=\"text-align: justify;\" class=\"desktop_banner\">\u00a0<\/p>\n<p>Nesiek\u0117 nieko \u012f\u017eeisti<\/p>\n<p>Vie\u0161oje erdv\u0117je pasipyl\u0117 komentarai, vertinantys premjer\u0117s pozicij\u0105 Mi\u0161iose. Kai kurie politikai tok\u012f elges\u012f vadino nepagarbiu ir chami\u0161ku bei svarst\u0117, kad tokiu atveju premjer\u0117 gal\u0117jo visai nedalyvauti Mi\u0161iose.<\/p>\n<p>Ministr\u0117s pirminink\u0117s patar\u0117jas Ignas Algirdas Dobrovolskas \u201eVakaro \u017einioms&#8221; ai\u0161kino, kad premjer\u0117 Mi\u0161i\u0173 metu kartu su tikin\u010diaisiais tiek stojosi, tiek s\u0117d\u0117jo, tai matyti ir vie\u0161oje transliacijoje. \u201eVis d\u0117lto vis\u0173 religini\u0173 apeig\u0173 ji neatliko, nes yra nepraktikuojanti katalik\u0117 ir taip pat d\u0117l asmenini\u0173 sveikatos prie\u017eas\u010di\u0173, premjer\u0117 netoleruoja smilkal\u0173.<\/p>\n<p>Ministr\u0117 pirminink\u0117 savo elgesiu nesiek\u0117 nieko \u012f\u017eeisti ar demonstruoti nepagarbos. Ji dalyvavo renginyje pagerbdama 1863-1864 met\u0173 sukilimo dalyvius, laik\u0117si nustatyto protokolo ir elg\u0117si pagal savo asmeninius \u012fsitikinimus bei savijaut\u0105&#8221;, &#8211; kalb\u0117jo jis.<\/p>\n<p>Galioja bendras pagarbos principas<\/p>\n<p>\u201eVakaro \u017einios&#8221; pasidom\u0117jo, kokia yra Ba\u017eny\u010dios pozicija, jei Mi\u0161iose dalyvauja \u017emogus, kuris neatlieka religini\u0173 apeig\u0173, bet yra Mi\u0161iose, nes, matyt, to \u201ereikalauja&#8221; einamos pareigos ir pan.<\/p>\n<p><img loading=\"lazy\" decoding=\"async\" src=\"https:\/\/www.europesays.com\/lt\/wp-content\/uploads\/2026\/01\/photo_970580.jpg\" alt=\"\" width=\"580\" height=\"216\"\/><\/p>\n<p>Vilniaus arkivyskupijos kurijos komunikacijos koordinatorius kun. Mykolas SOTNI\u010cENKA paai\u0161kina, kad Ba\u017eny\u010dia yra atvira visiems ir laukia vis\u0173. \u201eLaukiami ir tikintys, ir abejojantys, ir ie\u0161kantys, ir netikintys \u017emon\u0117s. Vis d\u0117lto netikintiesiems n\u0117ra jokio b\u016btinumo dalyvauti pamaldose. Jei asmeniui religin\u0117s apeigos kelia vidin\u012f diskomfort\u0105 ar prie\u0161tarauja jo \u012fsitikinimams, galima pasirinkti jose nedalyvauti&#8221;, &#8211; teig\u0117 kunigas.<\/p>\n<p>Jis atkreip\u0117 d\u0117mes\u012f, kad asmenys, kurie n\u0117ra praktikuojantys katalikai, n\u0117ra \u012fpareigoti atlikti liturgini\u0173 gest\u0173 &#8211; kl\u016bp\u0117ti, \u017eegnotis, kalb\u0117ti maldas ar priimti \u0160v. Komunij\u0105.<\/p>\n<p>Vis d\u0117lto, pasak kun. M.Sotni\u010denkos, net ir netikintiems galioja bendras pagarbos principas: dalyvaujant erdv\u0117je, kuri kitiems yra \u0161venta, dera elgtis tarsi sve\u010diuose &#8211; ramiai, sant\u016briai, taip, kaip nor\u0117tum, kad b\u016bt\u0173 elgiamasi tau svarbioje sakralioje erdv\u0117je. Tylus, pagarbus steb\u0117jimas, netrukdant apeigoms yra pakankama laikysena.<\/p>\n<p>Vykstant liturgijai esminis dalykas yra pagarba bendruomenei.<\/p>\n<p>\u201e2025 metais Vatikane vyko popie\u017eiaus Pranci\u0161kaus laidotuv\u0117s ir i\u0161rinktojo popie\u017eiaus Leono XIV ingresas. J\u0173 metu susirinko ne vien katalikai ar krik\u0161\u010dionys, bet ir kit\u0173 religij\u0173 \u017emon\u0117s, taip pat ir agnostikai. Tose Mi\u0161iose dalyvavo bene vis\u0173 diplomatini\u0173 misij\u0173 prie \u0160ventojo Sosto vadovai. Jie laik\u0117si pagarbos susirinkusiai bendruomenei etiketo.<\/p>\n<p>Tai yra demonstratyviai nei\u0161siskirti i\u0161 aplinkini\u0173 ir gerbti susirinkusi\u0105 katalik\u0173 bendruomen\u0119&#8221;, &#8211; \u201eVakaro \u017einioms&#8221; pasakojo Vilniaus arkivyskupijos kurijos komunikacijos koordinatorius ir prid\u016br\u0117, kad neb\u016btina \u017eegnotis, kalb\u0117ti mald\u0173, klauptis.<\/p>\n<p>Ta\u010diau i\u0161 pagarbos susirinkusiems katalikams stovima, kai visi stovi, ir s\u0117dima, kai visi s\u0117di.<\/p>\n<p>Kunigas akcentavo, kad ne vien atvejais Vatikane, bet ir pamaldose per valstybines ar istorines Mi\u0161ias &#8211; kur susikerta religija, politika ir simbolika &#8211; tikimasi didesnio sant\u016brumo ir svarbu laikytis bendro ritmo &#8211; stov\u0117ti, kai stovi visi, s\u0117d\u0117ti, kai s\u0117di visi &#8211; ne kaip tik\u0117jimo i\u0161rai\u0161kos, bet kaip kult\u016brin\u0117s pagarbos gesto.<\/p>\n<p>Apie k\u0105 Ba\u017eny\u010dia jau\u010dia pareig\u0105 kalb\u0117ti<\/p>\n<p>Da\u017enai ir atlaid\u0173 metu meld\u017eiamasi u\u017e politikus. Ir dalis politik\u0173 tokiose Mi\u0161iose aktyviai dalyvauja. Galime i\u0161girsti net toki\u0173 pasteb\u0117jim\u0173, es\u0105 tokios maldos yra religijos ir politikos painiojimas.<\/p>\n<p>Kun. M.Sotni\u010denka, sumi\u0161usiems d\u0117l tokios praktikos, paai\u0161kina: tokiose Mi\u0161iose meld\u017eiamasi ne u\u017e konkre\u010dius sprendimus ar partines kryptis, bet u\u017e pa\u010dius asmenis: j\u0173 i\u0161mint\u012f, atsakomyb\u0119, s\u0105\u017einingum\u0105, geb\u0117jim\u0105 tarnauti bendrajam g\u0117riui, taip pat u\u017e taik\u0105 ir teisingum\u0105.<\/p>\n<p>\u201eBa\u017eny\u010dia ai\u0161kiai skiria politik\u0105 nuo vertybini\u0173 klausim\u0173. Taika, \u017emogaus orumas ir teis\u0117s, gyvyb\u0117s apsauga, socialinis teisingumas &#8211; tai universalios vertyb\u0117s, apie kurias Ba\u017eny\u010dia jau\u010dia pareig\u0105 kalb\u0117ti, &#8211; tikina kun. M.Sotni\u010denka. &#8211; Katalik\u0173 Ba\u017eny\u010dios socialinis mokymas teigia, kad kiekvienas \u017emogus turi Dievo duot\u0105 orum\u0105. Kai politiniai sprendimai kelia gr\u0117sm\u0119 ypa\u010d pa\u017eeid\u017eiamiausiems, Ba\u017eny\u010dia turi moralin\u0119 pareig\u0105 prabilti &#8211; da\u017enai kaip balsas tiems, kurie neturi balso.&#8221;<\/p>\n<p>Kunigas akcentuoja, kad Ba\u017eny\u010dia savo pozicij\u0105 i\u0161rei\u0161kia ne tod\u0117l, kad jai r\u016bp\u0117t\u0173 rinkim\u0173 rezultatai ar partij\u0173 politika, bet tam, kad \u012fstatymai ir politika gerbt\u0173 \u017emogaus orum\u0105, teisingum\u0105 ir solidarum\u0105, kad liudyt\u0173 moralin\u0119 ties\u0105, saugot\u0173 pagrindines laisves ir skatint\u0173 bendr\u0105j\u012f g\u0117r\u012f.<\/p>\n<p>\u201eBa\u017eny\u010dios praktika rodo, kad dvasininkai da\u017enai tampa pa\u0161nekovais, dvasios t\u0117vais ir patar\u0117jais ne tik eiliniams tikintiesiems, bet ir vie\u0161as pareigas einantiems asmenims. Tokie pokalbiai vyksta priva\u010diai ir apima ne politines strategijas, o \u017emogi\u0161kus ir dvasinio gyvenimo i\u0161\u0161\u016bkius &#8211; \u0161eim\u0105, atsakomyb\u0117s na\u0161t\u0105, moralines dilemas. Tai yra asmeninio pasitik\u0117jimo santykis, kuris egzistuoja tiek su politikais, tiek su bet kuriuo kitu \u017emogumi&#8221;, &#8211; kad politikai neretai ie\u0161ko atsakym\u0173 pas dvasininkus, patvirtina kunigas Mykolas.<\/p>\n","protected":false},"excerpt":{"rendered":"\u00a0 Nesiek\u0117 nieko \u012f\u017eeisti Vie\u0161oje erdv\u0117je pasipyl\u0117 komentarai, vertinantys premjer\u0117s pozicij\u0105 Mi\u0161iose. Kai kurie politikai tok\u012f elges\u012f vadino&hellip;\n","protected":false},"author":2,"featured_media":94579,"comment_status":"","ping_status":"","sticky":false,"template":"","format":"standard","meta":{"footnotes":""},"categories":[13],"tags":[25,19279,2779,30,31,5631,34,35,24,32,33,37,39,36,38,40,10391,23,22,28,29,412,19278,26,27],"class_list":{"0":"post-94578","1":"post","2":"type-post","3":"status-publish","4":"format-standard","5":"has-post-thumbnail","7":"category-lietuva","8":"tag-antrastes","9":"tag-arkikatedra","10":"tag-baznycia","11":"tag-breaking-news","12":"tag-breakingnews","13":"tag-dobrovolskas","14":"tag-featured-news","15":"tag-featurednews","16":"tag-headlines","17":"tag-latest-news","18":"tag-latestnews","19":"tag-lietuva","20":"tag-lietuviu","21":"tag-lithuania","22":"tag-lithuanian","23":"tag-lt","24":"tag-misios","25":"tag-naujienos","26":"tag-news","27":"tag-populiariausios-naujienos","28":"tag-populiariausiosnaujienos","29":"tag-ruginiene","30":"tag-sotnicenka","31":"tag-top-stories","32":"tag-topstories"},"share_on_mastodon":{"url":"https:\/\/pubeurope.com\/@lt\/115978898253024321","error":""},"_links":{"self":[{"href":"https:\/\/www.europesays.com\/lt\/wp-json\/wp\/v2\/posts\/94578","targetHints":{"allow":["GET"]}}],"collection":[{"href":"https:\/\/www.europesays.com\/lt\/wp-json\/wp\/v2\/posts"}],"about":[{"href":"https:\/\/www.europesays.com\/lt\/wp-json\/wp\/v2\/types\/post"}],"author":[{"embeddable":true,"href":"https:\/\/www.europesays.com\/lt\/wp-json\/wp\/v2\/users\/2"}],"replies":[{"embeddable":true,"href":"https:\/\/www.europesays.com\/lt\/wp-json\/wp\/v2\/comments?post=94578"}],"version-history":[{"count":0,"href":"https:\/\/www.europesays.com\/lt\/wp-json\/wp\/v2\/posts\/94578\/revisions"}],"wp:featuredmedia":[{"embeddable":true,"href":"https:\/\/www.europesays.com\/lt\/wp-json\/wp\/v2\/media\/94579"}],"wp:attachment":[{"href":"https:\/\/www.europesays.com\/lt\/wp-json\/wp\/v2\/media?parent=94578"}],"wp:term":[{"taxonomy":"category","embeddable":true,"href":"https:\/\/www.europesays.com\/lt\/wp-json\/wp\/v2\/categories?post=94578"},{"taxonomy":"post_tag","embeddable":true,"href":"https:\/\/www.europesays.com\/lt\/wp-json\/wp\/v2\/tags?post=94578"}],"curies":[{"name":"wp","href":"https:\/\/api.w.org\/{rel}","templated":true}]}}