{"id":94600,"date":"2026-01-29T14:59:09","date_gmt":"2026-01-29T14:59:09","guid":{"rendered":"https:\/\/www.europesays.com\/lt\/94600\/"},"modified":"2026-01-29T14:59:09","modified_gmt":"2026-01-29T14:59:09","slug":"kariuomenes-vadas-irano-kariuomene-turi-1-tukst-nauju-dronu-ir-zada-triuskinanti-atsaka","status":"publish","type":"post","link":"https:\/\/www.europesays.com\/lt\/94600\/","title":{"rendered":"Kariuomen\u0117s vadas: Irano kariuomen\u0117 turi 1 t\u016bkst. nauj\u0173 dron\u0173 ir \u017eada \u201etriu\u0161kinant\u012f atsak\u0105\u201c"},"content":{"rendered":"<p>\n                Pary\u017eius, sausio 29 d. (AFP-BNS).\u00a0Irano kariuomen\u0117 ketvirtadien\u012f papild\u0117 savo kovinius pulkus 1 t\u016bkst. dron\u0173, o jos vadas pa\u017ead\u0117jo \u201etriu\u0161kinant\u012f atsak\u0105\u201c \u012f bet kok\u012f puolim\u0105, prane\u0161\u0117 valstybin\u0117 televizija, Jungtin\u0117ms Valstijoms dislokavus smogiam\u0105j\u0105 grup\u0119 regioniniuose vandenyse.            <\/p>\n<p>                    <img decoding=\"async\" src=\"https:\/\/www.15min.lt\/assets\/images\/bns\/bns-desktop.svg\" alt=\"BNS\"\/><\/p>\n<p>\t\t\t\t<a href=\"https:\/\/s1.15min.lt\/images\/photos\/2026\/01\/29\/original\/irano-kariuomene-iranian-army-office-zumapresscom-697b43197eb2d.jpg\" title=\" Irano kariuomen\u0117 \/ Iranian Army Office \/ ZUMAPRESS.com\" class=\"image-link\" rel=\"nofollow noopener\" target=\"_blank\"><br \/>\n\t\t\t<img decoding=\"async\" alt=\"Irano kariuomen\u0117 \/ Iranian Army Office \/ ZUMAPRESS.com\" src=\"https:\/\/www.europesays.com\/lt\/wp-content\/uploads\/2026\/01\/irano-kariuomene-iranian-army-office-zumapresscom-697b43197eb2d.jpg\" itemprop=\"image\" width=\"970\" height=\"580\" fetchpriority=\"high\"\/>\t\t\t\t\t<\/a><\/p>\n<p>\n        Irano kariuomen\u0117 \/ Iranian Army Office \/ ZUMAPRESS.com \t<\/p>\n","protected":false},"excerpt":{"rendered":"Pary\u017eius, sausio 29 d. (AFP-BNS).\u00a0Irano kariuomen\u0117 ketvirtadien\u012f papild\u0117 savo kovinius pulkus 1 t\u016bkst. dron\u0173, o jos vadas pa\u017ead\u0117jo&hellip;\n","protected":false},"author":2,"featured_media":94601,"comment_status":"","ping_status":"","sticky":false,"template":"","format":"standard","meta":{"footnotes":""},"categories":[15],"tags":[25,30,31,34,35,24,32,33,37,39,36,38,40,23,22,44,28,29,26,27,74,75,76],"class_list":{"0":"post-94600","1":"post","2":"type-post","3":"status-publish","4":"format-standard","5":"has-post-thumbnail","7":"category-pasaulis","8":"tag-antrastes","9":"tag-breaking-news","10":"tag-breakingnews","11":"tag-featured-news","12":"tag-featurednews","13":"tag-headlines","14":"tag-latest-news","15":"tag-latestnews","16":"tag-lietuva","17":"tag-lietuviu","18":"tag-lithuania","19":"tag-lithuanian","20":"tag-lt","21":"tag-naujienos","22":"tag-news","23":"tag-pasaulis","24":"tag-populiariausios-naujienos","25":"tag-populiariausiosnaujienos","26":"tag-top-stories","27":"tag-topstories","28":"tag-world","29":"tag-world-news","30":"tag-worldnews"},"share_on_mastodon":{"url":"https:\/\/pubeurope.com\/@lt\/115978984846990597","error":""},"_links":{"self":[{"href":"https:\/\/www.europesays.com\/lt\/wp-json\/wp\/v2\/posts\/94600","targetHints":{"allow":["GET"]}}],"collection":[{"href":"https:\/\/www.europesays.com\/lt\/wp-json\/wp\/v2\/posts"}],"about":[{"href":"https:\/\/www.europesays.com\/lt\/wp-json\/wp\/v2\/types\/post"}],"author":[{"embeddable":true,"href":"https:\/\/www.europesays.com\/lt\/wp-json\/wp\/v2\/users\/2"}],"replies":[{"embeddable":true,"href":"https:\/\/www.europesays.com\/lt\/wp-json\/wp\/v2\/comments?post=94600"}],"version-history":[{"count":0,"href":"https:\/\/www.europesays.com\/lt\/wp-json\/wp\/v2\/posts\/94600\/revisions"}],"wp:featuredmedia":[{"embeddable":true,"href":"https:\/\/www.europesays.com\/lt\/wp-json\/wp\/v2\/media\/94601"}],"wp:attachment":[{"href":"https:\/\/www.europesays.com\/lt\/wp-json\/wp\/v2\/media?parent=94600"}],"wp:term":[{"taxonomy":"category","embeddable":true,"href":"https:\/\/www.europesays.com\/lt\/wp-json\/wp\/v2\/categories?post=94600"},{"taxonomy":"post_tag","embeddable":true,"href":"https:\/\/www.europesays.com\/lt\/wp-json\/wp\/v2\/tags?post=94600"}],"curies":[{"name":"wp","href":"https:\/\/api.w.org\/{rel}","templated":true}]}}