{"id":94610,"date":"2026-01-29T15:08:09","date_gmt":"2026-01-29T15:08:09","guid":{"rendered":"https:\/\/www.europesays.com\/lt\/94610\/"},"modified":"2026-01-29T15:08:09","modified_gmt":"2026-01-29T15:08:09","slug":"vaikai-nemenkai-issigando-mokyklinis-autobusiukas-nuslydo-nuo-kelio","status":"publish","type":"post","link":"https:\/\/www.europesays.com\/lt\/94610\/","title":{"rendered":"\u201eVaikai nemenkai i\u0161sigando\u201c: mokyklinis autobusiukas nuslydo nuo kelio"},"content":{"rendered":"<p>Nuo u\u017epustyto kelio nuva\u017eiavo mokyklinis autobusas. Incidentas baig\u0117si laimingai \u2013 autobusas nenuvirto ant \u0161ono, ta\u010diau ve\u017eami vaikai nemenkai i\u0161sigando.<\/p>\n<p>Redakcijos \u017einiomis, nelaim\u0117 \u012fvyko, kai smarkiai apsnigtame ir nevalytame kelyje prasilenkin\u0117jo du autobusai.<\/p>\n<p> <a href=\"https:\/\/s1.15min.lt\/images\/photos\/2026\/01\/29\/original\/ivykio-vietoje-697b40c7b2b4a.jpg\" rel=\"content-image nofollow noopener\" title=\"\u201eJurbarko \u0161viesos\u201c nuotr.\/\u012evykio vietoje\" target=\"_blank\"><img decoding=\"async\" alt=\"\u201eJurbarko \u0161viesos\u201c nuotr.\/\u012evykio vietoje\" rel=\"content-image\" src=\"https:\/\/www.europesays.com\/lt\/wp-content\/uploads\/2026\/01\/ivykio-vietoje-697b40c7b2b4a.jpg\" style=\"width: auto; height: auto;\"\/><\/a> <\/p>\n<p>\u201eJurbarko \u0161viesos\u201c nuotr.\/\u012evykio vietoje<\/p>\n<p>Mokinius ve\u017e\u0119s vairuotojas galimai ne\u012fvertino situacijos ir per toli pasitrauk\u0117 \u012f kelkra\u0161t\u012f, o tuomet jau \u2013 nesuvald\u0117 slystan\u010dios transporto priemon\u0117s. Mikroautobus\u0105 i\u0161trauk\u0117 vietos \u016bkininkas.<\/p>\n<p>Policija persp\u0117ja vairuotojus esant tokioms oro s\u0105lygoms vengti neb\u016btin\u0173 kelioni\u0173, o va\u017eiuojant atsakingai pasirinkti greit\u012f bei atid\u017eiai vertinti eismo s\u0105lygas.<\/p>\n<p> <a href=\"https:\/\/s1.15min.lt\/images\/photos\/2026\/01\/29\/original\/ivykio-vietoje-697b40c9ae19c.jpg\" rel=\"content-image nofollow noopener\" title=\"\u201eJurbarko \u0161viesos\u201c nuotr.\/\u012evykio vietoje\" target=\"_blank\"><img decoding=\"async\" alt=\"\u201eJurbarko \u0161viesos\u201c nuotr.\/\u012evykio vietoje\" rel=\"content-image\" src=\"https:\/\/www.europesays.com\/lt\/wp-content\/uploads\/2026\/01\/ivykio-vietoje-697b40c9ae19c.jpg\" style=\"width: auto; height: auto;\"\/><\/a> <\/p>\n<p>\u201eJurbarko \u0161viesos\u201c nuotr.\/\u012evykio vietoje<\/p>\n<p>Tuo metu \u0160ilal\u0117s rajone i\u0161 pusnyse <a href=\"https:\/\/www.15min.lt\/naujiena\/aktualu\/nusikaltimaiirnelaimes\/silales-rajone-ugniagesiai-is-pusnyse-istrigusio-autobusiuko-gelbejo-vaikus-59-2611292\" target=\"_blank\" rel=\"nofollow noopener\">u\u017estrigusio autobusiuko vaikus teko vaduoti ugniagesiams<\/a> gelb\u0117tojams.<\/p>\n","protected":false},"excerpt":{"rendered":"Nuo u\u017epustyto kelio nuva\u017eiavo mokyklinis autobusas. Incidentas baig\u0117si laimingai \u2013 autobusas nenuvirto ant \u0161ono, ta\u010diau ve\u017eami vaikai nemenkai&hellip;\n","protected":false},"author":2,"featured_media":94611,"comment_status":"","ping_status":"","sticky":false,"template":"","format":"standard","meta":{"footnotes":""},"categories":[13],"tags":[25,30,31,34,35,24,32,33,37,39,36,38,40,23,22,28,29,26,27],"class_list":{"0":"post-94610","1":"post","2":"type-post","3":"status-publish","4":"format-standard","5":"has-post-thumbnail","7":"category-lietuva","8":"tag-antrastes","9":"tag-breaking-news","10":"tag-breakingnews","11":"tag-featured-news","12":"tag-featurednews","13":"tag-headlines","14":"tag-latest-news","15":"tag-latestnews","16":"tag-lietuva","17":"tag-lietuviu","18":"tag-lithuania","19":"tag-lithuanian","20":"tag-lt","21":"tag-naujienos","22":"tag-news","23":"tag-populiariausios-naujienos","24":"tag-populiariausiosnaujienos","25":"tag-top-stories","26":"tag-topstories"},"share_on_mastodon":{"url":"https:\/\/pubeurope.com\/@lt\/115979020179275948","error":""},"_links":{"self":[{"href":"https:\/\/www.europesays.com\/lt\/wp-json\/wp\/v2\/posts\/94610","targetHints":{"allow":["GET"]}}],"collection":[{"href":"https:\/\/www.europesays.com\/lt\/wp-json\/wp\/v2\/posts"}],"about":[{"href":"https:\/\/www.europesays.com\/lt\/wp-json\/wp\/v2\/types\/post"}],"author":[{"embeddable":true,"href":"https:\/\/www.europesays.com\/lt\/wp-json\/wp\/v2\/users\/2"}],"replies":[{"embeddable":true,"href":"https:\/\/www.europesays.com\/lt\/wp-json\/wp\/v2\/comments?post=94610"}],"version-history":[{"count":0,"href":"https:\/\/www.europesays.com\/lt\/wp-json\/wp\/v2\/posts\/94610\/revisions"}],"wp:featuredmedia":[{"embeddable":true,"href":"https:\/\/www.europesays.com\/lt\/wp-json\/wp\/v2\/media\/94611"}],"wp:attachment":[{"href":"https:\/\/www.europesays.com\/lt\/wp-json\/wp\/v2\/media?parent=94610"}],"wp:term":[{"taxonomy":"category","embeddable":true,"href":"https:\/\/www.europesays.com\/lt\/wp-json\/wp\/v2\/categories?post=94610"},{"taxonomy":"post_tag","embeddable":true,"href":"https:\/\/www.europesays.com\/lt\/wp-json\/wp\/v2\/tags?post=94610"}],"curies":[{"name":"wp","href":"https:\/\/api.w.org\/{rel}","templated":true}]}}