{"id":94614,"date":"2026-01-29T15:13:39","date_gmt":"2026-01-29T15:13:39","guid":{"rendered":"https:\/\/www.europesays.com\/lt\/94614\/"},"modified":"2026-01-29T15:13:39","modified_gmt":"2026-01-29T15:13:39","slug":"turkijai-siemet-prognozuojamas-turistu-srauto-augimas-ka-planuojant-atostogas-verta-zinoti-lietuviams","status":"publish","type":"post","link":"https:\/\/www.europesays.com\/lt\/94614\/","title":{"rendered":"Turkijai \u0161iemet prognozuojamas turist\u0173 srauto augimas: k\u0105 planuojant atostogas verta \u017einoti lietuviams?"},"content":{"rendered":"<p class=\"MsoNormal\">Turkijos turizmo sektorius \u012f 2026-uosius \u017eengia su atsargiu optimizmu. \u0160alies vie\u0161bu\u010di\u0173 savinink\u0173 ir turizmo verslinink\u0173 asociacijos nari\u0173 apklausa rodo, kad 62 proc. j\u0173 tikisi 5\u201310 proc. didesnio turist\u0173 skai\u010diaus nei prie\u0161 metus. Ekspertai pa\u017eymi, kad \u0161iemet augim\u0105 ir toliau skatins tradicin\u0117s Europos rinkos \u2013 Vokietija, Jungtin\u0117 Karalyst\u0117, Skandinavijos \u0161alys.<\/p>\n<p class=\"MsoNormal\">Optimizmo netr\u016bksta ir Turkijos kelioni\u0173 agent\u016br\u0173 asociacijos (TURSAB) vadovui Firuz Baglikaya. Jis prognozuoja, kad 2026 m. Turkijos turizmo pajamos gali siekti 68 mlrd. Jungtini\u0173 Amerikos Valstij\u0173 doleri\u0173, \u0161alis vir\u0161ys pra\u0117jusi\u0173 met\u0173 rodiklius ir dar labiau sustiprins savo, kaip universalios poilsio krypties, pozicijas. <\/p>\n<p class=\"MsoNormal\">Nemenkstant\u012f Turkijos populiarum\u0105 fiksuoja ir Lietuvos kelioni\u0173 organizatoriai. J\u0173 teigimu, Turkijos krypties paklausa i\u0161lieka stabili, \u017emon\u0117s jau dabar aktyviai planuoja 2026 m. atostogas \u0161ioje \u0161alyje. <\/p>\n<p class=\"MsoNormal\">\u201eKeliautoj\u0173 nuomon\u0117s tyrimo duomenimis, Turkija jau de\u0161imtmet\u012f nesitraukia i\u0161 geid\u017eiamiausi\u0173 lietuvi\u0173 atostog\u0173 kryp\u010di\u0173 penketuko. Tai patvirtina ir kelioni\u0173 pardavim\u0173 statistika \u2013 daugiau nei 50 proc. vis\u0173 vasaros sezono parduodam\u0173 kelioni\u0173 paket\u0173 sudaro kelion\u0117s \u012f Turkij\u0105. Be to, nema\u017e\u0117jantis kasmet \u010dia sugr\u012f\u017etan\u010di\u0173 keliautoj\u0173 skai\u010dius rodo, kad \u0161i kryptis atitinka ir patyrusi\u0173 turist\u0173 l\u016bkes\u010dius\u201c, \u2013 pristato Sigita Vaitel\u0117, kelioni\u0173 organizatoriaus \u201eTez Tour\u201c produkto vadov\u0117.<\/p>\n<p class=\"MsoNormal\">Ji dalijasi patarimais, k\u0105 \u0161iais metais svarbu \u012fvertinti lietuviams, planuojantiems atostogas Turkijoje.<\/p>\n<p class=\"MsoNormal\">#1. Neatid\u0117ti planavimo paskutinei minutei<\/p>\n<p class=\"MsoNormal\">S. Vaitel\u0117 atkreipia d\u0117mes\u012f, kad Lietuvos keliautojai d\u0117l geriausi\u0173 pasi\u016blym\u0173 konkuruoja ne tik tarpusavyje, bet ir su turistais i\u0161 kit\u0173 Europos bei tarptautini\u0173 rink\u0173. Augant Turkijos krypties populiarumui, patariama planuoti atostogas kuo anks\u010diau. Tai ypa\u010d aktualu \u0161eimoms ir auk\u0161tesn\u0117s kategorijos vie\u0161bu\u010di\u0173 ie\u0161kantiems keliautojams, nes populiariausi pasirinkimai i\u0161graibstomi pirmiausia. <\/p>\n<p class=\"MsoNormal\">\u201eJau dabar matome, kad tam tikromis datomis, pavyzd\u017eiui, per Velykin\u012f laikotarp\u012f ar moksleivi\u0173 atostogas, populiariausiuose Turkijos vie\u0161bu\u010diuose laisv\u0173 viet\u0173 neb\u0117ra. Ankstyvos rezervacijos leid\u017eia u\u017esitikrinti platesn\u012f vie\u0161bu\u010di\u0173 ir kambari\u0173 pasirinkim\u0105, i\u0161vengti sezono metu kylan\u010di\u0173 kain\u0173. Be to, i\u0161ankstinis planavimas suteikia daugiau laiko ramiai pasiruo\u0161ti kelionei ir apgalvoti visus individualius poreikius\u201c, \u2013 sako S. Vaitel\u0117.<\/p>\n<p class=\"MsoNormal\">#2. Keliauti ir ne sezono piko metu<\/p>\n<p class=\"MsoNormal\">Turkija i\u0161lieka patraukli ne tik vasaros m\u0117nesiais \u2013 vis daugiau keliautoj\u0173 atranda atostog\u0173 pavasar\u012f ir ruden\u012f privalumus. <\/p>\n<p class=\"MsoNormal\">\u201e\u0160iemet pirmasis sezono l\u0117ktuvas \u012f Turkij\u0105 kyla jau kovo 28 d., tad keliautojai gal\u0117s sutikti Velykas \u010dia ir m\u0117gautis \u0161iltesniu oru nei Lietuvoje. Jau pavasario m\u0117nesiais Turkijos kurortuose vyrauja malonus vasari\u0161kas klimatas, o ma\u017eesni turist\u0173 srautai leid\u017eia m\u0117gautis ramesniu poilsiu. Moksleivi\u0173 pavasario atostog\u0173 metu atsip\u016bsti gali visa \u0161eima \u2013 nevargins kar\u0161tis ar minios turist\u0173. Be to, ne sezono \u012fkar\u0161\u010dio m\u0117nesiais da\u017enai si\u016blomos ir palankesn\u0117s kainos\u201c, \u2013 pastebi turizmo atstov\u0117. <\/p>\n<p class=\"MsoNormal\">#3. \u012evardinti atostog\u0173 poreikius<\/p>\n<p class=\"MsoNormal\">Vienas svarbiausi\u0173 planavimo etap\u0173 \u2013 ai\u0161kiai suprasti, kokio poilsio norisi. \u0160eimoms su vaikais aktual\u016bs vie\u0161bu\u010diai su vandens parkais ir animatori\u0173 paslaugomis, tuo metu poros ar draug\u0173 kompanijos da\u017eniau renkasi ramesnius ar suaugusiesiems skirtus kompleksus. <\/p>\n<p class=\"MsoNormal\">\u201eTaip pat verta pagalvoti, ar kelion\u0117s metu daugiausiai laiko bus leid\u017eiama vie\u0161bu\u010dio teritorijoje, ar bus bandomos aktyvios patirtys ir ekskursij\u0173 programa. Toks i\u0161ankstinis prioritet\u0173 i\u0161gryninimas u\u017etikrins, kad l\u016bkes\u010diai neprasilenks su realybe\u201c, \u2013 pataria S. Vaitel\u0117. <\/p>\n<p class=\"MsoNormal\">#4. Atkreipti d\u0117mes\u012f \u012f vie\u0161bu\u010di\u0173 koncepcij\u0105, ne tik \u012f \u017evaig\u017edutes<\/p>\n<p class=\"MsoNormal\">Renkantis vie\u0161but\u012f Turkijoje, vien \u017evaig\u017edu\u010di\u0173 skai\u010dius ne visada atspindi b\u016bsim\u0105 patirt\u012f. Skirtingos vie\u0161bu\u010di\u0173 koncepcijos \u2013 \u201eviskas \u012fskai\u010diuota\u201c, \u0161eimoms, suaugusiesiems ar boutique tipo \u2013 si\u016blo labai skirtingus poilsio formatus. <\/p>\n<p class=\"MsoNormal\">S. Vaitel\u0117 pabr\u0117\u017eia, kad svarbu vertinti ne tik kategorij\u0105, bet ir teikiamas paslaugas, teritorijos dyd\u012f, si\u016blomas pramogas, koki\u0173 \u0161ali\u0173 turistai \u010dia ilsisi da\u017eniausiai \u2013 tai leid\u017eia pasirinkti vie\u0161but\u012f, kuris labiausiai tiks pagal asmeninius norus. <\/p>\n<p class=\"MsoNormal\">#5. \u012evertinti region\u0173 skirtumus<\/p>\n<p class=\"MsoNormal\">\u012evair\u016bs Turkijos paj\u016brio regionai tinka skirting\u0173 atostog\u0173 norintiems turistams. Antalijos pakrant\u0117 da\u017eniau siejama su klasikin\u0117mis atostogomis dideliuose kurortuose, tuo metu Eg\u0117jo j\u016bros regione esantis Bodrumas i\u0161siskiria ramesniu tempu ir europieti\u0161kesne atmosfera. <\/p>\n<p class=\"MsoNormal\">\u201eAtsi\u017evelgus \u012f region\u0173 specifik\u0105, kelion\u0117s patirtis tampa kur kas labiau subalansuota\u201c, \u2013 akcentuoja \u201eTez Tour\u201c atstov\u0117.<\/p>\n<p>\u201eBNS Spaudos centre\u201c skelbiami \u012fvairi\u0173 organizacij\u0173 prane\u0161imai \u017einiasklaidai. U\u017e prane\u0161im\u0173 turin\u012f atsako juos paskelb\u0119 asmenys bei j\u0173 atstovaujamos organizacijos.<\/p>\n","protected":false},"excerpt":{"rendered":"Turkijos turizmo sektorius \u012f 2026-uosius \u017eengia su atsargiu optimizmu. \u0160alies vie\u0161bu\u010di\u0173 savinink\u0173 ir turizmo verslinink\u0173 asociacijos nari\u0173 apklausa&hellip;\n","protected":false},"author":2,"featured_media":94615,"comment_status":"","ping_status":"","sticky":false,"template":"","format":"standard","meta":{"footnotes":""},"categories":[17],"tags":[81,37,39,36,38,40,46],"class_list":{"0":"post-94614","1":"post","2":"type-post","3":"status-publish","4":"format-standard","5":"has-post-thumbnail","7":"category-verslas","8":"tag-business","9":"tag-lietuva","10":"tag-lietuviu","11":"tag-lithuania","12":"tag-lithuanian","13":"tag-lt","14":"tag-verslas"},"share_on_mastodon":{"url":"https:\/\/pubeurope.com\/@lt\/115979039693648824","error":""},"_links":{"self":[{"href":"https:\/\/www.europesays.com\/lt\/wp-json\/wp\/v2\/posts\/94614","targetHints":{"allow":["GET"]}}],"collection":[{"href":"https:\/\/www.europesays.com\/lt\/wp-json\/wp\/v2\/posts"}],"about":[{"href":"https:\/\/www.europesays.com\/lt\/wp-json\/wp\/v2\/types\/post"}],"author":[{"embeddable":true,"href":"https:\/\/www.europesays.com\/lt\/wp-json\/wp\/v2\/users\/2"}],"replies":[{"embeddable":true,"href":"https:\/\/www.europesays.com\/lt\/wp-json\/wp\/v2\/comments?post=94614"}],"version-history":[{"count":0,"href":"https:\/\/www.europesays.com\/lt\/wp-json\/wp\/v2\/posts\/94614\/revisions"}],"wp:featuredmedia":[{"embeddable":true,"href":"https:\/\/www.europesays.com\/lt\/wp-json\/wp\/v2\/media\/94615"}],"wp:attachment":[{"href":"https:\/\/www.europesays.com\/lt\/wp-json\/wp\/v2\/media?parent=94614"}],"wp:term":[{"taxonomy":"category","embeddable":true,"href":"https:\/\/www.europesays.com\/lt\/wp-json\/wp\/v2\/categories?post=94614"},{"taxonomy":"post_tag","embeddable":true,"href":"https:\/\/www.europesays.com\/lt\/wp-json\/wp\/v2\/tags?post=94614"}],"curies":[{"name":"wp","href":"https:\/\/api.w.org\/{rel}","templated":true}]}}