{"id":94616,"date":"2026-01-29T15:22:17","date_gmt":"2026-01-29T15:22:17","guid":{"rendered":"https:\/\/www.europesays.com\/lt\/94616\/"},"modified":"2026-01-29T15:22:17","modified_gmt":"2026-01-29T15:22:17","slug":"ar-pavyks-neptunui-patekti-i-kita-europos-taures-etapa","status":"publish","type":"post","link":"https:\/\/www.europesays.com\/lt\/94616\/","title":{"rendered":"Ar pavyks \u201eNept\u016bnui\u201c patekti \u012f kit\u0105 Europos taur\u0117s etap\u0105?"},"content":{"rendered":"<p>Vis d\u0117lto likus dviems turams iki A grup\u0117s etapo pabaigos, klaip\u0117die\u010di\u0173 likimas \u2013 jau ne vien j\u0173 pa\u010di\u0173 rankose.<\/p>\n<p>Priminsime, jog Rihardo Loma\u017eo ir Arno Veli\u010dkos  dueto tempiamas \u201eNept\u016bnas\u201c sav\u0173 nam\u0173 tvirtov\u0117je  <a rel=\"noopener follow nofollow\" target=\"_blank\" href=\"https:\/\/www.delfi.lt\/krepsinis\/naujienos\/svente-klaipedoje-lomazo-sou-pakyletas-neptunas-patiese-turnyro-lydere-120204657\" data-rel-date-range=\"[]\">98:92 (33:25, 21:30, 23:17, 21:20) <\/a>palau\u017e\u0117 sve\u010dius i\u0161 Izraelio ir i\u0161kovojo gybybi\u0161kai svarbi\u0105 pergal\u0119. <\/p>\n<p>    <img decoding=\"async\" src=\"https:\/\/www.europesays.com\/lt\/wp-content\/uploads\/2026\/01\/b5468efa-bbf1-4a74-a725-fa086827adfb.jpg\" loading=\"lazy\" alt=\"Rihardas Loma\u017eas | Klaip\u0117dos \u201eNept\u016bnas\u201c nuotr.\"\/>    <\/p>\n<p>Iki A grup\u0117s etapo pabaigos liko tik du turai, o \u0161iuo metu klaip\u0117die\u010diai \u017eengia septinti ir yra per plauk\u0105 nuo atkrintam\u0173j\u0173.<\/p>\n<p>Tiesiogin\u012f biliet\u0105 \u012f atkrintam\u0105sias i\u0161kovos \u0161e\u0161ios stipriausios grup\u0117s ekipos. <\/p>\n<p>Viet\u0105 kitame etape jau yra u\u017esitikrin\u0119 ir gali b\u016bt\u0173 ram\u016bs Jeruzal\u0117s \u201eHapoel\u201c (12-4), Stambulo \u201eBah\u010de\u0161ehir\u201c (11-5), Manresos \u201eBAXI\u201c (10-6) ir Liublianos \u201eCedevita Olimpija\u201c (10-6) klubai. <\/p>\n<p>Vienintelis ir palankus \u201eNept\u016bno\u201c scenarijus<\/p>\n<p>Nor\u0117dami prasibrauti \u012f geriausi\u0173j\u0173 \u0161e\u0161etuk\u0105, klaip\u0117die\u010diai privalo laim\u0117ti abi likusias rungtynes. <\/p>\n<p>Pirmiausia,  vasario 4 d.  <a rel=\"noopener nofollow\" target=\"_blank\" href=\"https:\/\/www.delfi.lt\/temos\/gediminas-petrauskas\" tag-id=\"55641263\">Gedimino Petrausko<\/a> aukl\u0117tiniai i\u0161vykoje tur\u0117t\u0173 nugal\u0117ti <a rel=\"noopener nofollow\" target=\"_blank\" href=\"https:\/\/www.delfi.lt\/temos\/saloniku-aris\" tag-id=\"54192659\">Salonik\u0173 \u201eAris\u201c<\/a>, o vasario 11 d. namuose \u201eBah\u010de\u0161ehir\u201c. Ta\u010diau net ir dvi \u0161ios pergal\u0117s dar negarantuot\u0173 vietos atkrintamosiose. <\/p>\n<p>\u201eNept\u016bnui\u201c b\u016btina, kad abu likusius susitikimus pralaim\u0117t\u0173 Klu\u017eo-Napokos \u201eU-BT Transilvania\u201c, kurios gretose rungtyniauja puikiai pa\u017e\u012fstamas veidas 34-eri\u0173 <a rel=\"noopener nofollow\" target=\"_blank\" href=\"https:\/\/www.delfi.lt\/temos\/saulius-kulvietis\" tag-id=\"54976535\">Saulius Kulvietis<\/a>. <\/p>\n<p>    <img decoding=\"async\" src=\"https:\/\/www.europesays.com\/lt\/wp-content\/uploads\/2026\/01\/b4078a0f-2cd5-44d6-b2ab-edc193f7cadc.jpg\" loading=\"lazy\" alt=\"Saulius Kulvietis | Klu\u017eo Napokos \u201eU-BT\u201c nuotr.\"\/>      <\/p>\n<p>Tik tokiu atveju Klaip\u0117dos klubas gal\u0117t\u0173 aplenkti Rumunijos ekip\u0105  A grup\u0117s turnyrin\u0117je lentel\u0117je.<\/p>\n<p>Papildom\u0173 variant\u0173 klaip\u0117die\u010diai jau nebeturi. <\/p>\n<p>Europos taur\u0117je \u201eNept\u016bnas\u201c abu kartus nusileido tiek Venecijos \u201eUmana Reyer\u201c, tiek \u201eU-BT Transilvania\u201c, tod\u0117l esant vienodam pergali\u0173 skai\u010diui prana\u0161umo niekaip netur\u0117t\u0173. <\/p>\n<p>Jei \u201eU-BT Transilvania\u201c, \u201eAris\u201c ir \u201eNept\u016bnas\u201c A grupi\u0173 etap\u0105 u\u017ebaigt\u0173 su 8 pergal\u0117mis, uostamies\u010dio klubas taip pat likt\u0173 u\u017e atkrintam\u0173j\u0173 borto.<\/p>\n<p>\u201eNept\u016bnas\u201c vasario 4 d. i\u0161vykoje \u017eais su \u201eAris\u201c, kurios gretose rungtyniauja <a rel=\"noopener nofollow\" target=\"_blank\" href=\"https:\/\/www.delfi.lt\/temos\/arnoldas-kulboka\" tag-id=\"65654112\">Arnoldas Kulboka<\/a>,  o vasario 11 d. namuose priims \u201eBah\u010de\u0161ehir\u201c ekip\u0105.<\/p>\n<p>Tuo metu Klu\u017eo-Napokos klubas  vasario 4 d. mes i\u0161\u0161\u016bk\u012f turnyro lyderiui \u201eHapoel\u201c, o vasario 11 d. namuose priims Salonik\u0173 \u201eAris\u201c.<\/p>\n","protected":false},"excerpt":{"rendered":"Vis d\u0117lto likus dviems turams iki A grup\u0117s etapo pabaigos, klaip\u0117die\u010di\u0173 likimas \u2013 jau ne vien j\u0173 pa\u010di\u0173&hellip;\n","protected":false},"author":2,"featured_media":94617,"comment_status":"","ping_status":"","sticky":false,"template":"","format":"standard","meta":{"footnotes":""},"categories":[19],"tags":[4289,3445,4828,3986,2427,37,39,36,38,40,6730,11224,47,104],"class_list":{"0":"post-94616","1":"post","2":"type-post","3":"status-publish","4":"format-standard","5":"has-post-thumbnail","7":"category-sportas","8":"tag-arnoldas-kulboka","9":"tag-europos-taure","10":"tag-fiba-europos-taures-turnyras","11":"tag-gediminas-petrauskas","12":"tag-klaipedos-neptunas","13":"tag-lietuva","14":"tag-lietuviu","15":"tag-lithuania","16":"tag-lithuanian","17":"tag-lt","18":"tag-saloniku-aris","19":"tag-saulius-kulvietis","20":"tag-sportas","21":"tag-sports"},"share_on_mastodon":{"url":"https:\/\/pubeurope.com\/@lt\/115979075135035303","error":""},"_links":{"self":[{"href":"https:\/\/www.europesays.com\/lt\/wp-json\/wp\/v2\/posts\/94616","targetHints":{"allow":["GET"]}}],"collection":[{"href":"https:\/\/www.europesays.com\/lt\/wp-json\/wp\/v2\/posts"}],"about":[{"href":"https:\/\/www.europesays.com\/lt\/wp-json\/wp\/v2\/types\/post"}],"author":[{"embeddable":true,"href":"https:\/\/www.europesays.com\/lt\/wp-json\/wp\/v2\/users\/2"}],"replies":[{"embeddable":true,"href":"https:\/\/www.europesays.com\/lt\/wp-json\/wp\/v2\/comments?post=94616"}],"version-history":[{"count":0,"href":"https:\/\/www.europesays.com\/lt\/wp-json\/wp\/v2\/posts\/94616\/revisions"}],"wp:featuredmedia":[{"embeddable":true,"href":"https:\/\/www.europesays.com\/lt\/wp-json\/wp\/v2\/media\/94617"}],"wp:attachment":[{"href":"https:\/\/www.europesays.com\/lt\/wp-json\/wp\/v2\/media?parent=94616"}],"wp:term":[{"taxonomy":"category","embeddable":true,"href":"https:\/\/www.europesays.com\/lt\/wp-json\/wp\/v2\/categories?post=94616"},{"taxonomy":"post_tag","embeddable":true,"href":"https:\/\/www.europesays.com\/lt\/wp-json\/wp\/v2\/tags?post=94616"}],"curies":[{"name":"wp","href":"https:\/\/api.w.org\/{rel}","templated":true}]}}