{"id":94618,"date":"2026-01-29T15:23:06","date_gmt":"2026-01-29T15:23:06","guid":{"rendered":"https:\/\/www.europesays.com\/lt\/94618\/"},"modified":"2026-01-29T15:23:06","modified_gmt":"2026-01-29T15:23:06","slug":"airijos-ekonomika-traukesi-antra-metu-ketvirti-is-eiles-verslas","status":"publish","type":"post","link":"https:\/\/www.europesays.com\/lt\/94618\/","title":{"rendered":"Airijos ekonomika trauk\u0117si antr\u0105 met\u0173 ketvirt\u012f i\u0161 eil\u0117s | Verslas"},"content":{"rendered":"<p>Nacionalin\u0117 statistikos tarnyba, remdamasi i\u0161ankstiniais duomenimis, ketvirtadien\u012f skelbia, jog per paskutin\u012f 2025-\u0173j\u0173 ketvirt\u012f sukurtas BVP \u2013 0,6 proc. kuklesnis nei ankstesni\u0173 trij\u0173 m\u0117nesi\u0173 laikotarpio.<\/p>\n<p>Ekonomikos nuosmukis gil\u0117jo nuo 0,3 proc. liepos-rugs\u0117jo m\u0117nesiais.<\/p>\n<p>Airijos ekonomikos, smarkiai priklausan\u010dios nuo joje savo centrus \u012fk\u016brusi\u0173 tarptautini\u0173 korporacij\u0173 veiklos rezultat\u0173, metinis augimas sunyko nuo 10,8 proc. pernai liep\u0105-rugs\u0117j\u012f iki 3,7 proc. spal\u012f-gruod\u012f.<\/p>\n<p>Tai buvo silpniausias prieaugis per metus nuo 2024-\u0173j\u0173 antr\u0105j\u012f ketvirt\u012f u\u017efiksuoto kritimo.<\/p>\n","protected":false},"excerpt":{"rendered":"Nacionalin\u0117 statistikos tarnyba, remdamasi i\u0161ankstiniais duomenimis, ketvirtadien\u012f skelbia, jog per paskutin\u012f 2025-\u0173j\u0173 ketvirt\u012f sukurtas BVP \u2013 0,6 proc.&hellip;\n","protected":false},"author":2,"featured_media":94619,"comment_status":"","ping_status":"","sticky":false,"template":"","format":"standard","meta":{"footnotes":""},"categories":[17],"tags":[81,37,39,36,38,40,46],"class_list":{"0":"post-94618","1":"post","2":"type-post","3":"status-publish","4":"format-standard","5":"has-post-thumbnail","7":"category-verslas","8":"tag-business","9":"tag-lietuva","10":"tag-lietuviu","11":"tag-lithuania","12":"tag-lithuanian","13":"tag-lt","14":"tag-verslas"},"share_on_mastodon":{"url":"https:\/\/pubeurope.com\/@lt\/115979078999362907","error":""},"_links":{"self":[{"href":"https:\/\/www.europesays.com\/lt\/wp-json\/wp\/v2\/posts\/94618","targetHints":{"allow":["GET"]}}],"collection":[{"href":"https:\/\/www.europesays.com\/lt\/wp-json\/wp\/v2\/posts"}],"about":[{"href":"https:\/\/www.europesays.com\/lt\/wp-json\/wp\/v2\/types\/post"}],"author":[{"embeddable":true,"href":"https:\/\/www.europesays.com\/lt\/wp-json\/wp\/v2\/users\/2"}],"replies":[{"embeddable":true,"href":"https:\/\/www.europesays.com\/lt\/wp-json\/wp\/v2\/comments?post=94618"}],"version-history":[{"count":0,"href":"https:\/\/www.europesays.com\/lt\/wp-json\/wp\/v2\/posts\/94618\/revisions"}],"wp:featuredmedia":[{"embeddable":true,"href":"https:\/\/www.europesays.com\/lt\/wp-json\/wp\/v2\/media\/94619"}],"wp:attachment":[{"href":"https:\/\/www.europesays.com\/lt\/wp-json\/wp\/v2\/media?parent=94618"}],"wp:term":[{"taxonomy":"category","embeddable":true,"href":"https:\/\/www.europesays.com\/lt\/wp-json\/wp\/v2\/categories?post=94618"},{"taxonomy":"post_tag","embeddable":true,"href":"https:\/\/www.europesays.com\/lt\/wp-json\/wp\/v2\/tags?post=94618"}],"curies":[{"name":"wp","href":"https:\/\/api.w.org\/{rel}","templated":true}]}}