{"id":94630,"date":"2026-01-29T15:34:08","date_gmt":"2026-01-29T15:34:08","guid":{"rendered":"https:\/\/www.europesays.com\/lt\/94630\/"},"modified":"2026-01-29T15:34:08","modified_gmt":"2026-01-29T15:34:08","slug":"sudmaisi-pazista-ir-puchovicius-delfi","status":"publish","type":"post","link":"https:\/\/www.europesays.com\/lt\/94630\/","title":{"rendered":"\u0160\u016bdmai\u0161\u012f pa\u017e\u012fsta ir Puchovi\u010dius &#8211; Delfi"},"content":{"rendered":"<p>Nuotraukas, kuriose R. \u017demaitaitis ir A. Perminas, dar vadinamas \u0160\u016bdmai\u0161iu, u\u017efiksuoti Palangoje, ketvirtadien\u012f pavie\u0161ino komunikacijos specialistas Karolis \u017dukauskas. <\/p>\n<p>A. Perminas yra Lietuvos kriminalin\u0117s policijos bendradarbis, kuris artimai bendravo su Kauno narkomafijos atstovais, o v\u0117liau pad\u0117jo juos are\u0161tuoti. <\/p>\n<p>Ketvirtadien\u012f \u201eDelfi\u201c nepavyko susisiekti su R. \u017demaitai\u010diu ir paklausti jo, kokie ry\u0161iai politik\u0105 sieja su buvusiu \u201eagurkiniu\u201c. Ta\u010diau A. Permin\u0105 prisipa\u017eino pa\u017e\u012fstantis \u201eNemuno au\u0161ros\u201c vicepirmininkas R. Puchovi\u010dius. Pirmasis apie tai prane\u0161\u0117 \u201e15min\u201c. <\/p>\n<p>Teigia praeitimi nesidom\u0117j\u0119s<\/p>\n<p>\u201eTai n\u0117ra k\u0105 \u010dia labai pasakoti, jis n\u0117ra vie\u0161as \u017emogus, eilinis \u017emogus, kadangi pavie\u0161ino nuotrauk\u0105&#8230; Taip, a\u0161 t\u0105 \u017emog\u0173 pa\u017e\u012fstu, jis prie\u0161 kelet\u0105 met\u0173 pas mane yra dirb\u0119s projekt\u0173 vadovu, a\u0161 buvau vestuv\u0117se, bet tiek ir reikal\u0173 yra\u201c, \u2013 ketvirtadien\u012f \u201eDelfi\u201c sak\u0117 R. Puchovi\u010dius. <\/p>\n<p>\u201eDelfi\u201c pasteb\u0117jus, kad jei buvo pakviestas \u012f A. Permino vestuves, tai gal santykiai yra artimesni, R. Puchovi\u010dius paprie\u0161taravo: \u201eMano santykiai yra artimiausi tik su mano \u017emona ir vaikais. O visi lik\u0119 yra pa\u017e\u012fstami, kur kompanijoje ka\u017ekur susitinki ir viskas. Pabendrauji apie gyvenim\u0105 ir tiek \u017eini\u0173\u201c. <\/p>\n<p>Jei R. Puchovi\u010dius A. Permin\u0105 buvo \u012fdarbin\u0119s, tai, matyt, juo pasitik\u0117jo? <\/p>\n<p>\u201eA\u0161 \u012fdarbinau \u017emog\u0173 dirbti darb\u0105. Kai a\u0161 darbinau, patikrinau, kad jis nei baustas buvo, nei ka\u017ekoki\u0173 jis tur\u0117jo baud\u017eiam\u0173j\u0173 byl\u0173, netur\u0117jo ka\u017ekokio teistumo \u2013 nieko. At\u0117jo \u017emogus \u012f darb\u0105, padirbo, atlikin\u0117jo savo darb\u0105, tada \u012fmon\u0117 buvo patenkinta, viskas buvo gerai. Tiek ir \u017eini\u0173 buvo, \u0161ioje vietoje a\u0161 nematau problem\u0173, kas pas \u017emog\u0173 buvo prie\u0161 15-20 met\u0173, tai nelabai man buvo \u012fdomu\u201c, \u2013 apie A. Permino karjer\u0105 politiko \u012fmon\u0117je \u201eTvari statyba\u201c kalb\u0117jo R. Puchovi\u010dius. <\/p>\n<p>       <img decoding=\"async\" src=\"https:\/\/www.europesays.com\/lt\/wp-content\/uploads\/2026\/01\/8631065a-9f69-4118-9f2f-9b2b9258f793.jpg\" loading=\"lazy\" alt=\"Remigijus \u017demaitaitis, \u0160\u016bdmai\u0161is\"\/>      <\/p>\n<p>\u201eMan nereik\u0117jo su juo gyventi, man nereik\u0117jo tiek dom\u0117tis, kaip sakant, k\u0105 \u017emogus po darbo veikia\u201c, \u2013 t\u0119s\u0117 jis. <\/p>\n<p>Paklaustas, ar R. \u017demaitaitis su A. Perminu susipa\u017eino per j\u012f, R. Puchovi\u010dius to nepatvirtino. <\/p>\n<p>\u201e\u010cia sunku pasakyti. Mes da\u017enai susitikdavom \u2013 ir R. \u017demaitaitis, ir a\u0161, ir Aurelijus, Mes buvom m\u0117g\u0117jai vandens sporto, su vandens motociklais va\u017ein\u0117jome, tikrai buvo, kad susitinkame kompanijomis, 10-15 \u017emoni\u0173 b\u016bdavo, taip ir bendravom, bet toks ir buvo bendravimas \u2013 apie gyvenim\u0105, apie dar ka\u017ek\u0105, apie sport\u0105 pakalbame, kaip normaliai bendrauja vyrai tarpusavyje\u201c, \u2013 sak\u0117 jis. <\/p>\n<p>Paklaustas, ar jam \u017einoma A. Permino praeitis, R. Puchovi\u010dius teig\u0117 dabar daugiau apie tai pasidom\u0117j\u0119s. <\/p>\n<p>\u201eDabar daugiau paskai\u010diau apie jo praeit\u012f, nei man prie\u0161 tai buvo \u012fdomu, bet, \u017einote, praeitis yra praeitis, reikia dabartimi gyventi. A\u0161 \u017einau, kad mano praeitis ir dabartis yra \u0161vari, tai man d\u0117l to ramu, o d\u0117l kit\u0173 a\u0161 tikrai nepergyvenu ir kit\u0173 praeities ne\u017ei\u016briu iki galo. Jeigu \u017emogus yra laisv\u0117je ir neturi jokios bylos, ir neturi dabar problem\u0173 su teis\u0117sauga, tai turb\u016bt neturi. Jei tur\u0117t\u0173, turb\u016bt \u017emogus neb\u016bt\u0173 laisv\u0117je\u201c, \u2013 teig\u0117 Seimo narys. <\/p>\n<p>\u012edav\u0117 savo bendrininkus<\/p>\n<p>\u201eDelfi\u201c anks\u010diau yra ra\u0161\u0119s, kad Lietuvos kriminalin\u0117s policijos biuro (LKPB) pareig\u016bnams sulaikius Agurkini\u0173 gaujos narius, su teis\u0117sauga panoro bendradarbiauti \u0161ios gaujos nariai, tarp kuri\u0173 buvo \u0160\u016bdmai\u0161iu vadinamas A. Perminas. <\/p>\n<p>Jis ir dar vienas asmuo, pajut\u0119 gresian\u010di\u0105 atsakomyb\u0119 d\u0117l stambaus masto prekybos narkotikais bei kontrabandos organizavimo ne tik Lietuvoje, bet ir u\u017esienyje, sutiko geranori\u0161kai bendradarbiauti su kriminalistais ir netrukus \u012fskund\u0117 savo bendrininkus.<\/p>\n<p>\u201eDelfi\u201c prie\u0161 ma\u017edaug de\u0161imtmet\u012f ra\u0161\u0117, kad skland\u0117 daug pasakojim\u0173 apie tai, kaip \u0161is vyras artimai bendravo su ry\u0161kiausiais narkomafijos atstovais, \u012fgijo j\u0173 pasitik\u0117jim\u0105, o paskui pad\u0117jo are\u0161tuoti ne tik \u012ftakingiausius, bet ir \u017eemesn\u0117s grandies nusikalstam\u0173 klan\u0173 atstovus.<\/p>\n<p>Vestuv\u0117s vyko J\u016brmaloje<\/p>\n<p>A. Permino vestuves, kuriose dalyvavo ir R. Puchovi\u010dius, \u201eDelfi\u201c gana i\u0161samiai apra\u0161\u0117 2018 metais. <\/p>\n<p>Lietuvos teis\u0117saugai daugyb\u0119 nusikaltim\u0173 atskleisti pad\u0117j\u0119s, bet tuo pa\u010diu ir pats j\u0173 daryme dalyvav\u0119s bei \u201eAgurkini\u0173\u201c nusikalstam\u0105 susivienijim\u0105 demaskav\u0119s ma\u017eeiki\u0161kis verslininkas A. Perminas ved\u0117 daininink\u0119 Skaist\u0119 Steik\u016bnait\u0119. <\/p>\n<p>Vestuv\u0117s vyko Latvijoje, J\u016brmalos kurorte. <\/p>\n<p>Kaip tuomet ra\u0161\u0117 specialusis \u201eDelfi\u201c korespondentas Dainius Sinkevi\u010dius, vestuvi\u0173 ceremonij\u0105 pora sureng\u0117 viename brangiausi\u0173 J\u016brmalos vie\u0161bu\u010di\u0173, esan\u010di\u0173 ant Baltijos j\u016bros kranto.<\/p>\n<p>Reginys buvo vertas d\u0117mesio \u2013 \u0161vies\u0173 spektaklis surengtas Baltijos j\u016broje, jis jaunaved\u017eiams kainavo ne vien\u0105 t\u016bkstant\u012f eur\u0173, o j\u012f susirinko steb\u0117ti daugyb\u0117 J\u016brmalos gyventoj\u0173 ir sve\u010di\u0173, nors penktadienio vakaras jiems nedovanojo gero oro.<\/p>\n<p>\u201eDelfi\u201c ra\u0161\u0117, kad nors vakar\u0117lis buvo u\u017edaras, apsauginink\u0173 pora nesisamd\u0117. Pavyko u\u017efiksuoti, kad prabangiame vakar\u0117lyje dalyvavo ir su kriminaliniu pasauliu siejami asmenys. <\/p>\n<p>Vienas j\u0173 anks\u010diau yra kal\u0117j\u0119s Pravieni\u0161ki\u0173 pataisos nam\u0173 2 -ajame lokaliniame sektoriuje, kur\u012f vald\u0117 Kauno organizuoto nusikalstamo pasaulio atstovai. \u0160is buv\u0119s nuteistasis taip pat laik\u0117si subkult\u016bros.<\/p>\n<p>Jaunaved\u017ei\u0173 \u0161vent\u0117s programa r\u016bpinosi vestuvi\u0173 organizatoriai i\u0161 Lietuvos, jiems ir sve\u010diams koncertavo rom\u0173 ansamblis \u201eSare Roma\u201c ir da\u017enai nusikalstamo pasaulio atstov\u0173 \u0161vent\u0117se pasirodanti grup\u0117 \u201eRondo\u201c.<\/p>\n","protected":false},"excerpt":{"rendered":"Nuotraukas, kuriose R. \u017demaitaitis ir A. Perminas, dar vadinamas \u0160\u016bdmai\u0161iu, u\u017efiksuoti Palangoje, ketvirtadien\u012f pavie\u0161ino komunikacijos specialistas Karolis \u017dukauskas.&hellip;\n","protected":false},"author":2,"featured_media":94631,"comment_status":"","ping_status":"","sticky":false,"template":"","format":"standard","meta":{"footnotes":""},"categories":[13],"tags":[25,30,31,34,35,24,32,33,37,39,36,38,40,23,22,28,29,68,19285,26,27],"class_list":{"0":"post-94630","1":"post","2":"type-post","3":"status-publish","4":"format-standard","5":"has-post-thumbnail","7":"category-lietuva","8":"tag-antrastes","9":"tag-breaking-news","10":"tag-breakingnews","11":"tag-featured-news","12":"tag-featurednews","13":"tag-headlines","14":"tag-latest-news","15":"tag-latestnews","16":"tag-lietuva","17":"tag-lietuviu","18":"tag-lithuania","19":"tag-lithuanian","20":"tag-lt","21":"tag-naujienos","22":"tag-news","23":"tag-populiariausios-naujienos","24":"tag-populiariausiosnaujienos","25":"tag-remigijus-zemaitaitis","26":"tag-robertas-puchovicius","27":"tag-top-stories","28":"tag-topstories"},"share_on_mastodon":{"url":"https:\/\/pubeurope.com\/@lt\/115979122341109007","error":""},"_links":{"self":[{"href":"https:\/\/www.europesays.com\/lt\/wp-json\/wp\/v2\/posts\/94630","targetHints":{"allow":["GET"]}}],"collection":[{"href":"https:\/\/www.europesays.com\/lt\/wp-json\/wp\/v2\/posts"}],"about":[{"href":"https:\/\/www.europesays.com\/lt\/wp-json\/wp\/v2\/types\/post"}],"author":[{"embeddable":true,"href":"https:\/\/www.europesays.com\/lt\/wp-json\/wp\/v2\/users\/2"}],"replies":[{"embeddable":true,"href":"https:\/\/www.europesays.com\/lt\/wp-json\/wp\/v2\/comments?post=94630"}],"version-history":[{"count":0,"href":"https:\/\/www.europesays.com\/lt\/wp-json\/wp\/v2\/posts\/94630\/revisions"}],"wp:featuredmedia":[{"embeddable":true,"href":"https:\/\/www.europesays.com\/lt\/wp-json\/wp\/v2\/media\/94631"}],"wp:attachment":[{"href":"https:\/\/www.europesays.com\/lt\/wp-json\/wp\/v2\/media?parent=94630"}],"wp:term":[{"taxonomy":"category","embeddable":true,"href":"https:\/\/www.europesays.com\/lt\/wp-json\/wp\/v2\/categories?post=94630"},{"taxonomy":"post_tag","embeddable":true,"href":"https:\/\/www.europesays.com\/lt\/wp-json\/wp\/v2\/tags?post=94630"}],"curies":[{"name":"wp","href":"https:\/\/api.w.org\/{rel}","templated":true}]}}