{"id":94632,"date":"2026-01-29T15:35:08","date_gmt":"2026-01-29T15:35:08","guid":{"rendered":"https:\/\/www.europesays.com\/lt\/94632\/"},"modified":"2026-01-29T15:35:08","modified_gmt":"2026-01-29T15:35:08","slug":"konservatoriai-siulo-neleisti-savivaldos-rinkimuose-lietuvoje-balsuoti-rusams-ir-baltarusiams-respublika-lt","status":"publish","type":"post","link":"https:\/\/www.europesays.com\/lt\/94632\/","title":{"rendered":"Konservatoriai si\u016blo neleisti savivaldos rinkimuose Lietuvoje balsuoti rusams ir baltarusiams &#8211; Respublika.lt"},"content":{"rendered":"<p style=\"text-align: justify;\" class=\"desktop_banner\">\u00a0<\/p>\n<p style=\"text-align: left;\">\u00a0<\/p>\n<p style=\"text-align: left;\">Seimo T\u0117vyn\u0117s s\u0105jungos\u2013Lietuvos krik\u0161\u010dioni\u0173 demokrat\u0173 (TS-LKD) frakcijos seni\u016bnas Laurynas Kas\u010di\u016bnas kartu su frakcijos nare Dalia Asanavi\u010di\u016bte-Gru\u017eauskiene ir kitais parlamentarais \u012fregistravo tai numatan\u010dias Konstitucijos ir Rinkim\u0173 kodekso pataisas.\u00a0<\/p>\n<p style=\"text-align: left;\">Jei Seimas pritart\u0173, teis\u0119 nuolat gyventi Lietuvoje turintys europin\u0117s ir transatlantin\u0117s integracijos kriterijus neatitinkan\u010di\u0173 valstybi\u0173 pilie\u010diai negal\u0117t\u0173 balsuoti savivaldybi\u0173 taryb\u0173 ir mer\u0173 rinkimuose, taip pat b\u016bti renkami savivaldybi\u0173 taryb\u0173 nariais.<\/p>\n<p style=\"text-align: left;\">Jie negal\u0117t\u0173 aukoti savivaldybi\u0173 taryb\u0173 ir mer\u0173 rinkim\u0173 politini\u0173 kampanij\u0173 savaranki\u0161kiems dalyviams.\u00a0<\/p>\n<p style=\"text-align: left;\">Kaip numato opozicijos pasi\u016blytas reguliavimas, vietos savivaldos rinkimuose teis\u0119 balsuoti i\u0161laikyt\u0173 Lietuvos pasirinktos europin\u0117s ir transatlantin\u0117s integracijos kriterijus atitinkan\u010di\u0173 valstybi\u0173 pilie\u010diai.<\/p>\n<p style=\"text-align: left;\">Tai reik\u0161t\u0173, kad balsavimo teis\u0119 tur\u0117t\u0173 Europos S\u0105jungos, NATO, Europos ekonomin\u0117s erdv\u0117s (EEE) ir Ekonominio bendradarbiavimo ir pl\u0117tros organizacijos (EBPO) valstybi\u0173 nari\u0173 pilie\u010diai.<\/p>\n<p style=\"text-align: left;\">Anot projektus parengusi\u0173 parlamentar\u0173 L. Kas\u010di\u016bno ir D. Asanavi\u010di\u016bt\u0117s-Gru\u017eauskien\u0117s, negalima atmesti tikimyb\u0117s, kad tarp nuolat Lietuvoje gyvenan\u010di\u0173 Rusijos ir Baltarusijos pilie\u010di\u0173 gali b\u016bti toki\u0173, kurie savo kilm\u0117s \u0161alims jau\u010dia ideologin\u012f prielankum\u0105.\u00a0<\/p>\n<p style=\"text-align: left;\">Parlamentarai atkreipia d\u0117mes\u012f, kad jie, kaip ir kit\u0173 valstybi\u0173 pilie\u010diai, turintys teis\u0119 nuolat gyventi Lietuvoje, turi aktyvi\u0105j\u0105 ir pasyvi\u0105j\u0105 rinkim\u0173 teises savivaldos rinkimuose \u2013 t. y. gali balsuoti savivaldybi\u0173 taryb\u0173 ir mer\u0173 rinkimuose, taip pat gali b\u016bti renkami savivaldybi\u0173, kuriose nuolat gyvena, taryb\u0173 nariais.<\/p>\n<p style=\"text-align: left;\">Jie taip pat turi teis\u0119 aukoti politini\u0173 kampanij\u0173 savaranki\u0161kiems dalyviams.<\/p>\n<p style=\"text-align: left;\">\u201eSavivalda n\u0117ra vien apie \u0161aligatvius ir \u017eeldynus \u2013 tai sprendimai d\u0117l \u0161vietimo politikos, biud\u017eet\u0173, infrastrukt\u016bros, vie\u0161\u0173j\u0173 paslaug\u0173 ir bendruomeni\u0173 saugumo. Tod\u0117l balsavimo teis\u0117 turi b\u016bti ai\u0161kiai siejama su m\u016bs\u0173 europine ir transatlantine erdve. \u0160iandien, kai matome did\u0117jan\u010dias hibridines gr\u0117smes ir bandymus daryti \u012ftak\u0105 rinkimams visoje Europoje, Lietuva negali likti silpniausia grandis regione\u201c, \u2013 ketvirtadien\u012f spaudos konferencijoje Seime sak\u0117 TS-LKD pirmininkas Laurynas Kas\u010di\u016bnas.<\/p>\n<p style=\"text-align: left;\">Jo duomenimis, \u0161iuo metu laikin\u0105 leidim\u0105 gyventi Lietuvoje turi 186 t\u016bkst. u\u017esienie\u010di\u0173.<\/p>\n<p style=\"text-align: left;\">\u201eMigracijos ekspertai kalba, kad da\u017eniausia yra apie 20 proc. toki\u0173, kurie planuoja u\u017esilikti ilgiau. Yra didel\u0117 perspektyva, kad gyventoj\u0173, turin\u010di\u0173 nuolatin\u012f status\u0105 gyventi Lietuvoje, did\u0117s\u201c, \u2013 pasteb\u0117jo L. Kas\u010di\u016bnas.\u00a0<\/p>\n<p style=\"text-align: left;\">Jo nuomone, 2027 m. savivaldos rinkimuose dar nepajusime balsuojan\u010di\u0173 u\u017esienie\u010di\u0173 poveikio, bet 2031 m. rinkimuose, L. Kas\u010di\u016bno prognoz\u0117mis, jie jau gal\u0117t\u0173 lemti savivaldos rinkim\u0173 rezultatus, ypa\u010d Vilniuje.\u00a0<\/p>\n<p style=\"text-align: left;\">D. Asanavi\u010di\u016bt\u0117s-Gru\u017eauskien\u0117s pasteb\u0117jimais, i\u0161 viso \u00a0turime apie 24, 5 t\u016bkst. u\u017esienio valstybi\u0173 pilie\u010di\u0173, turin\u010di\u0173 nuolatin\u012f leidim\u0105 gyventi Lietuvoje.<\/p>\n<p style=\"text-align: left;\">\u201eJeigu savivaldos rinkimai vykt\u0173 2026 metais, galintys balsuoti rink\u0117jai i\u0161 Europos S\u0105jungos (ES) valstybi\u0173 sudaryt\u0173 apie 15 proc., ne i\u0161 ES valstybi\u0173 \u2013 beveik 77 proc., pavyzd\u017eiui, gal\u0117t\u0173 balsuoti beveik 8 t\u016bkst. 400 Rusijos pilie\u010di\u0173, per 4 t\u016bkst. \u2013 Baltarusijos\u201c, \u2013 toki\u0105 statistik\u0105 spaudos konferencijoje pateik\u0117 D. Asanavi\u010di\u016bt\u0117-Gru\u017eauskien\u0117.<\/p>\n<p style=\"text-align: left;\">Pasak jos, Lietuva yra vienintel\u0117 i\u0161 Baltijos \u0161ali\u0173, kuri vis dar leid\u017eia savivaldybi\u0173 taryb\u0173 rinkimuose balsuoti tre\u010di\u0173j\u0173 \u0161ali\u0173 pilie\u010diams.\u00a0<\/p>\n<p style=\"text-align: left;\">\u201eDid\u0117jant Rusijos \u012ftakai ir aktyviai ki\u0161antis \u012f rinkimus Europoje ir pasaulyje, augant migracijos mastams i\u0161 tre\u010di\u0173j\u0173 \u0161ali\u0173, teis\u0117s tre\u010di\u0173j\u0173 \u0161ali\u0173 pilie\u010diams balsuoti savivaldos rinkimuose ir kandidatuoti \u012f savivaldybi\u0173 taryb\u0105, turi b\u016bti ribojamos. \u012estatymas yra b\u016btinas, siekiant apsaugoti m\u016bs\u0173 nacionalinius interesus ir saugum\u0105\u201c, \u2013 teigia D. Asanavi\u010di\u016bt\u0117-Gru\u017eauskien\u0117.<\/p>\n<p style=\"text-align: left;\">Jos duomenimis, Europos S\u0105jungoje (ES) net 14 valstybi\u0173 savivaldos rinkimuose teis\u0119 balsuoti numato tik ES pilie\u010diams.<\/p>\n<p style=\"text-align: left;\">Konstitucijos ir Rinkim\u0173 kodekso pakeitim\u0173 projektus planuojama pateikti kovo 10 d. prasid\u0117sian\u010dioje pavasario Seimo sesijoje. \u00a0<\/p>\n<p style=\"text-align: left;\">Konservatori\u0173 lyderis L. Kas\u010di\u016bnas d\u0117l pasi\u016blyt\u0173 patais\u0173, kurias savo para\u0161ais par\u0117m\u0117 36 parlamentarai, planuoja prad\u0117ti konsultacijas su kitomis partijomis,\u00a0taip pat tikisi prezidento Gitano Naus\u0117dos lyderyst\u0117s \u0161iuo klausimu.\u00a0<\/p>\n","protected":false},"excerpt":{"rendered":"\u00a0 \u00a0 Seimo T\u0117vyn\u0117s s\u0105jungos\u2013Lietuvos krik\u0161\u010dioni\u0173 demokrat\u0173 (TS-LKD) frakcijos seni\u016bnas Laurynas Kas\u010di\u016bnas kartu su frakcijos nare Dalia Asanavi\u010di\u016bte-Gru\u017eauskiene&hellip;\n","protected":false},"author":2,"featured_media":94633,"comment_status":"","ping_status":"","sticky":false,"template":"","format":"standard","meta":{"footnotes":""},"categories":[6],"tags":[25,9076,30,31,34,35,24,1167,32,33,37,39,36,38,40,23,22,28,29,8215,340,5881,19286,128,26,27,5219],"class_list":{"0":"post-94632","1":"post","2":"type-post","3":"status-publish","4":"format-standard","5":"has-post-thumbnail","7":"category-antrastes","8":"tag-antrastes","9":"tag-baltarusiai","10":"tag-breaking-news","11":"tag-breakingnews","12":"tag-featured-news","13":"tag-featurednews","14":"tag-headlines","15":"tag-konstitucija","16":"tag-latest-news","17":"tag-latestnews","18":"tag-lietuva","19":"tag-lietuviu","20":"tag-lithuania","21":"tag-lithuanian","22":"tag-lt","23":"tag-naujienos","24":"tag-news","25":"tag-populiariausios-naujienos","26":"tag-populiariausiosnaujienos","27":"tag-ribojimai","28":"tag-rinkimai","29":"tag-rusai","30":"tag-savivalda","31":"tag-seimas","32":"tag-top-stories","33":"tag-topstories","34":"tag-ts-lkd"},"share_on_mastodon":{"url":"https:\/\/pubeurope.com\/@lt\/115979126229235644","error":""},"_links":{"self":[{"href":"https:\/\/www.europesays.com\/lt\/wp-json\/wp\/v2\/posts\/94632","targetHints":{"allow":["GET"]}}],"collection":[{"href":"https:\/\/www.europesays.com\/lt\/wp-json\/wp\/v2\/posts"}],"about":[{"href":"https:\/\/www.europesays.com\/lt\/wp-json\/wp\/v2\/types\/post"}],"author":[{"embeddable":true,"href":"https:\/\/www.europesays.com\/lt\/wp-json\/wp\/v2\/users\/2"}],"replies":[{"embeddable":true,"href":"https:\/\/www.europesays.com\/lt\/wp-json\/wp\/v2\/comments?post=94632"}],"version-history":[{"count":0,"href":"https:\/\/www.europesays.com\/lt\/wp-json\/wp\/v2\/posts\/94632\/revisions"}],"wp:featuredmedia":[{"embeddable":true,"href":"https:\/\/www.europesays.com\/lt\/wp-json\/wp\/v2\/media\/94633"}],"wp:attachment":[{"href":"https:\/\/www.europesays.com\/lt\/wp-json\/wp\/v2\/media?parent=94632"}],"wp:term":[{"taxonomy":"category","embeddable":true,"href":"https:\/\/www.europesays.com\/lt\/wp-json\/wp\/v2\/categories?post=94632"},{"taxonomy":"post_tag","embeddable":true,"href":"https:\/\/www.europesays.com\/lt\/wp-json\/wp\/v2\/tags?post=94632"}],"curies":[{"name":"wp","href":"https:\/\/api.w.org\/{rel}","templated":true}]}}