{"id":94634,"date":"2026-01-29T15:38:00","date_gmt":"2026-01-29T15:38:00","guid":{"rendered":"https:\/\/www.europesays.com\/lt\/94634\/"},"modified":"2026-01-29T15:38:00","modified_gmt":"2026-01-29T15:38:00","slug":"bournemuth-klubas-oficialiai-paskelbe-naujaji-puoleja-ir-vartininka","status":"publish","type":"post","link":"https:\/\/www.europesays.com\/lt\/94634\/","title":{"rendered":"\u201eBournemuth\u201c klubas oficialiai paskelb\u0117 nauj\u0105j\u012f puol\u0117j\u0105 ir vartinink\u0105"},"content":{"rendered":"<p>&#13;<br \/>\n&#13;<\/p>\n<p>                                            <a class=\"zoom-img\" data-fancybox=\"gallery\" href=\"https:\/\/www.europesays.com\/lt\/wp-content\/uploads\/2026\/01\/64856.jpg\" data-caption=\"zumapress.com nuotr.\">&#13;<br \/>\n                            &#13;<br \/>\n                            <img decoding=\"async\" src=\"https:\/\/www.europesays.com\/lt\/wp-content\/uploads\/2026\/01\/64856.jpg\" alt=\"\u201eBournemuth\u201c klubas oficialiai paskelb\u0117 nauj\u0105j\u012f puol\u0117j\u0105 ir vartinink\u0105\"\/>&#13;<br \/>\n                        <\/a><\/p>\n<p>                    &#13;<br \/>\n                                                    2026-01-28 19:21&#13;<br \/>\n                                                                            \u00a9 zumapress.com nuotr.&#13;<\/p>\n<p>            &#13;<br \/>\n&#13;<br \/>\n            &#13;<\/p>\n<p>\u201eBournemuth\u201c klubas oficialiai paskelb\u0117 du naujus \u017eaid\u0117jus.<\/p>\n<p>\u201eVy\u0161ni\u0173\u201c ekip\u0105 papild\u0117 vartininkas Christos Mandas ir puol\u0117jas Rayanas.<\/p>\n<p>&#13;<br \/>\n&#13;<br \/>\n                            &#13;<br \/>\n            &#13;<\/p>\n<p>Rayanas papild\u0117 Anglijos komand\u0105 u\u017e 34 milijonus svar\u0173 sterling\u0173.<\/p>\n<p>Tuo tarpu C. Mandas persik\u0117l\u0117 nuomos pagrindais, su galimybe i\u0161pirkti \u0161\u012f graik\u0105 u\u017e 21 milijon\u0105 svar\u0173 sterling\u0173.<\/p>\n<p>Rayanas iki \u0161iol nuo 2023-\u0173j\u0173 met\u0173 \u00a0\u017eaid\u0117 \u201eVasco da Gama\u201c klube ir per 99-erias rungtynes peln\u0117 25 \u012fvar\u010dius.<\/p>\n<p>Pra\u0117jusiais metais puol\u0117jas per 57-erias rungtynes pasi\u017eym\u0117jo 20 kart\u0173.<\/p>\n<p>24-eri\u0173 met\u0173 Christos Mandas 2023-2025 metais priklaus\u0117 Romos \u201eLazio\u201c ekipai.<\/p>\n<p>&#13;<br \/>\n&#13;<br \/>\n            &#13;<br \/>\n            &#13;<\/p>\n","protected":false},"excerpt":{"rendered":"&#13; &#13; &#13; &#13; &#13; &#13; 2026-01-28 19:21&#13; \u00a9 zumapress.com nuotr.&#13; &#13; &#13; &#13; \u201eBournemuth\u201c klubas oficialiai paskelb\u0117&hellip;\n","protected":false},"author":2,"featured_media":89379,"comment_status":"","ping_status":"","sticky":false,"template":"","format":"standard","meta":{"footnotes":""},"categories":[19],"tags":[37,39,36,38,40,47,104],"class_list":{"0":"post-94634","1":"post","2":"type-post","3":"status-publish","4":"format-standard","5":"has-post-thumbnail","7":"category-sportas","8":"tag-lietuva","9":"tag-lietuviu","10":"tag-lithuania","11":"tag-lithuanian","12":"tag-lt","13":"tag-sportas","14":"tag-sports"},"share_on_mastodon":{"url":"https:\/\/pubeurope.com\/@lt\/115979138078999838","error":""},"_links":{"self":[{"href":"https:\/\/www.europesays.com\/lt\/wp-json\/wp\/v2\/posts\/94634","targetHints":{"allow":["GET"]}}],"collection":[{"href":"https:\/\/www.europesays.com\/lt\/wp-json\/wp\/v2\/posts"}],"about":[{"href":"https:\/\/www.europesays.com\/lt\/wp-json\/wp\/v2\/types\/post"}],"author":[{"embeddable":true,"href":"https:\/\/www.europesays.com\/lt\/wp-json\/wp\/v2\/users\/2"}],"replies":[{"embeddable":true,"href":"https:\/\/www.europesays.com\/lt\/wp-json\/wp\/v2\/comments?post=94634"}],"version-history":[{"count":0,"href":"https:\/\/www.europesays.com\/lt\/wp-json\/wp\/v2\/posts\/94634\/revisions"}],"wp:featuredmedia":[{"embeddable":true,"href":"https:\/\/www.europesays.com\/lt\/wp-json\/wp\/v2\/media\/89379"}],"wp:attachment":[{"href":"https:\/\/www.europesays.com\/lt\/wp-json\/wp\/v2\/media?parent=94634"}],"wp:term":[{"taxonomy":"category","embeddable":true,"href":"https:\/\/www.europesays.com\/lt\/wp-json\/wp\/v2\/categories?post=94634"},{"taxonomy":"post_tag","embeddable":true,"href":"https:\/\/www.europesays.com\/lt\/wp-json\/wp\/v2\/tags?post=94634"}],"curies":[{"name":"wp","href":"https:\/\/api.w.org\/{rel}","templated":true}]}}