{"id":94639,"date":"2026-01-29T15:48:11","date_gmt":"2026-01-29T15:48:11","guid":{"rendered":"https:\/\/www.europesays.com\/lt\/94639\/"},"modified":"2026-01-29T15:48:11","modified_gmt":"2026-01-29T15:48:11","slug":"euro-zonoje-auga-paskolu-namu-ukiams-apimtys-pasiektas-didziausias-proverzis","status":"publish","type":"post","link":"https:\/\/www.europesays.com\/lt\/94639\/","title":{"rendered":"Euro zonoje auga paskol\u0173 nam\u0173 \u016bkiams apimtys: pasiektas did\u017eiausias prover\u017eis"},"content":{"rendered":"\n<p>Rodiklis augo nuo 2,9 proc. lapkrit\u012f, pasiek\u0117 auk\u0161\u010diausi\u0105 per bema\u017e trejus metus lyg\u012f, vir\u0161ijo rinkos l\u016bkes\u010dius \u2013 vidutini\u0161kai 2,9 proc., pa\u017eymi \u201eTrading Economics\u201c.<\/p>\n<p>Tolesnis augimas atspindi tvirt\u0105 skolinimosi paklausos atsigavim\u0105, kur\u012f skatina ECB pinig\u0173 politikos \u0161velninimo sprendimai.<\/p>\n<p>Skolinimo \u012fmon\u0117ms metinis augimo tempas paskutin\u012f 2025-\u0173j\u0173 m\u0117nes\u012f siek\u0117 taip pat 3 procentus.<\/p>\n<p>Bendras skolinimo priva\u010diajam sektoriui, tai yra nam\u0173 \u016bkiams ir ne finans\u0173 \u012fmon\u0117ms, augimas l\u0117t\u0117jo nuo 3,4 proc. lapkrit\u012f iki 3,3 proc. gruod\u012f.<\/p>\n<p>\n                                        \u0160altinis:<br \/>\n                                                                                    BNS\n                                                                                <\/p>\n<p><a href=\"https:\/\/www.indeliai.lt\/\" target=\"_blank\" rel=\"nofollow noopener\"><img decoding=\"async\" alt=\"indeliai.lt\" src=\"https:\/\/www.europesays.com\/lt\/wp-content\/uploads\/2025\/12\/1767119177_262_Indeliainew.jpg\" style=\"width: 100%; max-height: 250px; max-width: 800px\" \/><\/a><\/p>\n","protected":false},"excerpt":{"rendered":"Rodiklis augo nuo 2,9 proc. lapkrit\u012f, pasiek\u0117 auk\u0161\u010diausi\u0105 per bema\u017e trejus metus lyg\u012f, vir\u0161ijo rinkos l\u016bkes\u010dius \u2013 vidutini\u0161kai&hellip;\n","protected":false},"author":2,"featured_media":94640,"comment_status":"","ping_status":"","sticky":false,"template":"","format":"standard","meta":{"footnotes":""},"categories":[17],"tags":[19287,81,57,43,55,48,54,51,49,50,37,39,36,38,40,45,23,44,53,42,56,47,41,46,58,52],"class_list":{"0":"post-94639","1":"post","2":"type-post","3":"status-publish","4":"format-standard","5":"has-post-thumbnail","7":"category-verslas","8":"tag-2026-01-29-165900","9":"tag-business","10":"tag-daiktai","11":"tag-dienos-kronika","12":"tag-gatves-tekstai","13":"tag-gyvenimas","14":"tag-interneto-pievos","15":"tag-keliones","16":"tag-kultura","17":"tag-laisvalaikis","18":"tag-lietuva","19":"tag-lietuviu","20":"tag-lithuania","21":"tag-lithuanian","22":"tag-lt","23":"tag-mokslas-ir-it","24":"tag-naujienos","25":"tag-pasaulis","26":"tag-projektai","27":"tag-rinktiniai-tekstai","28":"tag-simtmecio-portalas","29":"tag-sportas","30":"tag-tv3-lt","31":"tag-verslas","32":"tag-video","33":"tag-zaidimai"},"share_on_mastodon":{"url":"https:\/\/pubeurope.com\/@lt\/115979177321259776","error":""},"_links":{"self":[{"href":"https:\/\/www.europesays.com\/lt\/wp-json\/wp\/v2\/posts\/94639","targetHints":{"allow":["GET"]}}],"collection":[{"href":"https:\/\/www.europesays.com\/lt\/wp-json\/wp\/v2\/posts"}],"about":[{"href":"https:\/\/www.europesays.com\/lt\/wp-json\/wp\/v2\/types\/post"}],"author":[{"embeddable":true,"href":"https:\/\/www.europesays.com\/lt\/wp-json\/wp\/v2\/users\/2"}],"replies":[{"embeddable":true,"href":"https:\/\/www.europesays.com\/lt\/wp-json\/wp\/v2\/comments?post=94639"}],"version-history":[{"count":0,"href":"https:\/\/www.europesays.com\/lt\/wp-json\/wp\/v2\/posts\/94639\/revisions"}],"wp:featuredmedia":[{"embeddable":true,"href":"https:\/\/www.europesays.com\/lt\/wp-json\/wp\/v2\/media\/94640"}],"wp:attachment":[{"href":"https:\/\/www.europesays.com\/lt\/wp-json\/wp\/v2\/media?parent=94639"}],"wp:term":[{"taxonomy":"category","embeddable":true,"href":"https:\/\/www.europesays.com\/lt\/wp-json\/wp\/v2\/categories?post=94639"},{"taxonomy":"post_tag","embeddable":true,"href":"https:\/\/www.europesays.com\/lt\/wp-json\/wp\/v2\/tags?post=94639"}],"curies":[{"name":"wp","href":"https:\/\/api.w.org\/{rel}","templated":true}]}}