{"id":94655,"date":"2026-01-29T16:07:07","date_gmt":"2026-01-29T16:07:07","guid":{"rendered":"https:\/\/www.europesays.com\/lt\/94655\/"},"modified":"2026-01-29T16:07:07","modified_gmt":"2026-01-29T16:07:07","slug":"tesla-pelnas-per-metus-krito-61-proc-smukus-paklausai-ir-isaugus-investicijoms-verslas","status":"publish","type":"post","link":"https:\/\/www.europesays.com\/lt\/94655\/","title":{"rendered":"\u201eTesla\u201c pelnas per metus krito 61 proc., smukus paklausai ir i\u0161augus investicijoms | Verslas"},"content":{"rendered":"<p>Pasak bendrov\u0117s prane\u0161imo, palyginti su tuo pa\u010diu laikotarpiu u\u017epernai, grynasis pelnas sunyko nuo 2,13 mlrd. iki 840 mln. JAV doleri\u0173,  pardavim\u0173 pajamos \u2013 25,7 mlrd. iki 24,9 mlrd. doleri\u0173.<\/p>\n<p>Per paskutinius tris pra\u0117jusi\u0173 met\u0173 m\u0117nesius \u201eTesla\u201c u\u017esakovams pristat\u0117 418,2 t\u016bkst. elektromobili\u0173 \u2013 16 proc. ma\u017eiau nei prie\u0161 metus, o j\u0173 gamyb\u0105 suma\u017eino 5 proc. iki 434,4 t\u016bkstan\u010dio.<\/p>\n","protected":false},"excerpt":{"rendered":"Pasak bendrov\u0117s prane\u0161imo, palyginti su tuo pa\u010diu laikotarpiu u\u017epernai, grynasis pelnas sunyko nuo 2,13 mlrd. iki 840 mln.&hellip;\n","protected":false},"author":2,"featured_media":94656,"comment_status":"","ping_status":"","sticky":false,"template":"","format":"standard","meta":{"footnotes":""},"categories":[17],"tags":[81,37,39,36,38,40,46],"class_list":{"0":"post-94655","1":"post","2":"type-post","3":"status-publish","4":"format-standard","5":"has-post-thumbnail","7":"category-verslas","8":"tag-business","9":"tag-lietuva","10":"tag-lietuviu","11":"tag-lithuania","12":"tag-lithuanian","13":"tag-lt","14":"tag-verslas"},"share_on_mastodon":{"url":"https:\/\/pubeurope.com\/@lt\/115979252195562753","error":""},"_links":{"self":[{"href":"https:\/\/www.europesays.com\/lt\/wp-json\/wp\/v2\/posts\/94655","targetHints":{"allow":["GET"]}}],"collection":[{"href":"https:\/\/www.europesays.com\/lt\/wp-json\/wp\/v2\/posts"}],"about":[{"href":"https:\/\/www.europesays.com\/lt\/wp-json\/wp\/v2\/types\/post"}],"author":[{"embeddable":true,"href":"https:\/\/www.europesays.com\/lt\/wp-json\/wp\/v2\/users\/2"}],"replies":[{"embeddable":true,"href":"https:\/\/www.europesays.com\/lt\/wp-json\/wp\/v2\/comments?post=94655"}],"version-history":[{"count":0,"href":"https:\/\/www.europesays.com\/lt\/wp-json\/wp\/v2\/posts\/94655\/revisions"}],"wp:featuredmedia":[{"embeddable":true,"href":"https:\/\/www.europesays.com\/lt\/wp-json\/wp\/v2\/media\/94656"}],"wp:attachment":[{"href":"https:\/\/www.europesays.com\/lt\/wp-json\/wp\/v2\/media?parent=94655"}],"wp:term":[{"taxonomy":"category","embeddable":true,"href":"https:\/\/www.europesays.com\/lt\/wp-json\/wp\/v2\/categories?post=94655"},{"taxonomy":"post_tag","embeddable":true,"href":"https:\/\/www.europesays.com\/lt\/wp-json\/wp\/v2\/tags?post=94655"}],"curies":[{"name":"wp","href":"https:\/\/api.w.org\/{rel}","templated":true}]}}