{"id":94675,"date":"2026-01-29T16:27:09","date_gmt":"2026-01-29T16:27:09","guid":{"rendered":"https:\/\/www.europesays.com\/lt\/94675\/"},"modified":"2026-01-29T16:27:09","modified_gmt":"2026-01-29T16:27:09","slug":"kubos-dienos-suskaiciuotos-naftos-uzteks-vos-3-savaitems","status":"publish","type":"post","link":"https:\/\/www.europesays.com\/lt\/94675\/","title":{"rendered":"Kubos dienos suskai\u010diuotos: naftos u\u017eteks vos 3 savait\u0117ms"},"content":{"rendered":"<p>Salos ekonomika jau dabar balansuoja ant \u017elugimo ribos, o be nauj\u0173 atsarg\u0173 kriz\u0117 bus tokia didel\u0117, \u201ekad gali kilti pavojus pa\u010diam Kubos re\u017eimo egzistavimui\u201c, \u017eurnalistams sak\u0117 konsultacin\u0117s bendrov\u0117s \u201eTeneo\u201c atstovas Nicholasas Watsonas.<\/p>\n<p>Konsultacin\u0117s bendrov\u0117s \u201eKpler\u201c duomenimis, \u0161iais metais Kuba gavo tik 84,9 t\u016bkst. bareli\u0173 naftos i\u0161 vienos Meksikos siuntos, kuri buvo pristatyta sausio 9 d. Tai atitinka kiek daugiau nei 3 t\u016bkst. bareli\u0173 per dien\u0105, t.y. kur kas ma\u017eiau nei 2025 m., kai vidutini\u0161kai i\u0161 vis\u0173 tiek\u0117j\u0173 buvo gaunama 37 t\u016bkst. bareli\u0173 per dien\u0105.<\/p>\n<p> <a href=\"https:\/\/s1.15min.lt\/images\/photos\/2026\/01\/27\/original\/tanklaivis-frederic-munschsipa-frederic-munschsipa-6978fb4601684.jpg\" rel=\"content-image nofollow noopener\" title=\"Tanklaivis \/ Frederic MUNSCH\/SIPA \/ Frederic MUNSCH\/SIPA\" target=\"_blank\"><img decoding=\"async\" alt=\"Tanklaivis \/ Frederic MUNSCH\/SIPA \/ Frederic MUNSCH\/SIPA\" rel=\"content-image\" src=\"https:\/\/www.europesays.com\/lt\/wp-content\/uploads\/2026\/01\/tanklaivis-frederic-munschsipa-frederic-munschsipa-6978fb4601684.jpg\" style=\"width: auto; height: auto;\"\/><\/a> <\/p>\n<p>Tanklaivis \/ Frederic MUNSCH\/SIPA \/ Frederic MUNSCH\/SIPA<\/p>\n<p>Prid\u0117jus sausio m\u0117nesio krovin\u012f prie ma\u017edaug 460 t\u016bkst. bareli\u0173, kurie met\u0173 prad\u017eioje buvo Kubos naftos saugyklose, \u0161alis gal\u0117t\u0173 i\u0161silaikyti dar 15-20 dien\u0173, \u012fvardijo \u201eKpler\u201c naftos analitik\u0117 Viktorija Grabenvoger.<\/p>\n<p>Be to, Kubai taip pat tr\u016bksta mazuto, kurio vienintelis tiek\u0117jas iki 2025 m. vidurio buvo Venesuela. Paskutinis mazuto krovinys \u012f sal\u0105 atkeliavo lapkri\u010dio m\u0117n.<\/p>\n<p>Sausio 11 d., pra\u0117jus vos dviem dienoms po to, kai Havana sulauk\u0117 paskutinio krovinio i\u0161 Meksikos ir savaitei po Venesuelos lyderio Nicolaso Maduro sulaikymo, Amerikos prezidentas Donaldas Trumpas parei\u0161k\u0117, kad Kuba daugiau naftos negaus.<\/p>\n<p>Verta pa\u017eym\u0117ti, kad Kubos \u017evalgybos pareig\u016bnai dalyvavo ir JAV operacijos Venesueloje metu: de\u0161imtys j\u0173 uvo paskirta saugoti Venesuelos lyder\u012f, ta\u010diau nes\u0117kmingai.<\/p>\n<p> \u201eLabai arti \u017elugimo\u201c <\/p>\n<p>Nuo sausio m\u0117n. prad\u017eios D.Trumpas ne kart\u0105 pakartojo, kad Kubos re\u017eimas yra \u201elabai arti \u017elugimo\u201c ir primin\u0117, kad jau pats laikas sudaryti susitarim\u0105.<\/p>\n<p>Jei artimiausiomis savait\u0117mis negaus nauj\u0173 naftos siunt\u0173, Kubai gresia \u201erimta kriz\u0117\u201c, mano Teksaso universiteto naftos ekspertas Jorge&#8217;as Pinjonas.<\/p>\n<p>Net ir be naftos embargo Kuba patiria did\u017eiausi\u0105 ir ilgiausi\u0105 ekonomin\u0119 kriz\u0119 nuo 1959 m., kai komunistai u\u017egrob\u0117 vald\u017ei\u0105. Havanoje dirbantis demografas Carlosas Albisu-Camposas apskai\u010diavo, kad nuo 2020 m. i\u0161 \u0161alies i\u0161vyko ma\u017edaug ketvirtadalis gyventoj\u0173, arba daugiau kaip 2,7 mln. \u017emoni\u0173.<\/p>\n<p>Anks\u010diau Kuba i\u0161 Venesuelos gaudavo apie 40 proc. perkamos naftos, ir dar ma\u017eomis kainomis. Situacija paa\u0161tr\u0117jo pra\u0117jusi\u0173 met\u0173 pabaigoje, kai D.Trumpas sureng\u0117 Venesuelos j\u016br\u0173 blokad\u0105, o JAV laivai prad\u0117jo med\u017eioti tanklaivius, gabenan\u010dius jos naft\u0105.<\/p>\n<p> <a href=\"https:\/\/s1.15min.lt\/images\/photos\/2026\/01\/29\/original\/havana-kuba-697b5c128f33c.jpg\" rel=\"content-image nofollow noopener\" title=\"AP\/ \u201eScanpix\u201c\/Havana, Kuba\" target=\"_blank\"><img decoding=\"async\" alt=\"AP\/ \u201eScanpix\u201c\/Havana, Kuba\" rel=\"content-image\" src=\"https:\/\/www.europesays.com\/lt\/wp-content\/uploads\/2026\/01\/havana-kuba-697b5c128f33c.jpg\" style=\"width: auto; height: auto;\"\/><\/a> <\/p>\n<p>AP\/ \u201eScanpix\u201c\/Havana, Kuba<\/p>\n<p>Vienas i\u0161 amerikie\u010di\u0173 konfiskuot\u0173 tanklaivi\u0173 gabeno \u012f Kub\u0105 daugiau kaip 1 mln. bareli\u0173 naftos.<\/p>\n<p>Pernai did\u017eiausia Kubos tiek\u0117ja buvo Meksika. Ta\u010diau JAV i\u0161 Meksiko reikalauja nutraukti naftos pardavim\u0105 Havanai, o pati Meksika atsid\u016br\u0117 sud\u0117tingoje pad\u0117tyje, nes JAV prezidentas grasina kone ginkluotais veiksmais prie\u0161 narkotik\u0173 kartelius. Be kita ko, \u0161iais metais taip pat turi b\u016bti i\u0161 naujo deramasi d\u0117l Meksikos, JAV ir Kanados laisvosios prekybos susitarimo.<\/p>\n<p>\u201eKubos priklausomyb\u0117 nuo Venesuelos yra labai didel\u0117. Jei dabar jai liks tik Meksika, o Meksika patirs JAV spaudim\u0105 ir nebegal\u0117s eksportuoti, Kuba tur\u0117s labai, labai dideli\u0173 problem\u0173\u201c, \u2013 komentavo Meksikoje dirbantis energetikos konsultantas Gonzalas Monroy.<\/p>\n<p>Beveik 90 proc. kubie\u010di\u0173 gyvena itin skurd\u017eiai, 70 proc. i\u0161 j\u0173 nei\u0161gali reguliariai valgyti bent kart\u0105 per dien\u0105, dar vasar\u0105 prane\u0161\u0117 Socialini\u0173 teisi\u0173 steb\u0117senos analitinis centras, atlik\u0119s apklaus\u0105.<\/p>\n<p>Daugiau nei 70 proc. kubie\u010di\u0173 kaip pagrindines problemas nurod\u0117 maisto tr\u016bkum\u0105 ir nuolatinius elektros energijos tiekimo sutrikimus, kurie kai kuriuose regionuose gali trukti 18 ir daugiau valand\u0173 per par\u0105.<\/p>\n","protected":false},"excerpt":{"rendered":"Salos ekonomika jau dabar balansuoja ant \u017elugimo ribos, o be nauj\u0173 atsarg\u0173 kriz\u0117 bus tokia didel\u0117, \u201ekad gali&hellip;\n","protected":false},"author":2,"featured_media":94676,"comment_status":"","ping_status":"","sticky":false,"template":"","format":"standard","meta":{"footnotes":""},"categories":[15],"tags":[25,30,31,34,35,24,32,33,37,39,36,38,40,23,22,44,28,29,26,27,74,75,76],"class_list":{"0":"post-94675","1":"post","2":"type-post","3":"status-publish","4":"format-standard","5":"has-post-thumbnail","7":"category-pasaulis","8":"tag-antrastes","9":"tag-breaking-news","10":"tag-breakingnews","11":"tag-featured-news","12":"tag-featurednews","13":"tag-headlines","14":"tag-latest-news","15":"tag-latestnews","16":"tag-lietuva","17":"tag-lietuviu","18":"tag-lithuania","19":"tag-lithuanian","20":"tag-lt","21":"tag-naujienos","22":"tag-news","23":"tag-pasaulis","24":"tag-populiariausios-naujienos","25":"tag-populiariausiosnaujienos","26":"tag-top-stories","27":"tag-topstories","28":"tag-world","29":"tag-world-news","30":"tag-worldnews"},"share_on_mastodon":{"url":"https:\/\/pubeurope.com\/@lt\/115979330751422016","error":""},"_links":{"self":[{"href":"https:\/\/www.europesays.com\/lt\/wp-json\/wp\/v2\/posts\/94675","targetHints":{"allow":["GET"]}}],"collection":[{"href":"https:\/\/www.europesays.com\/lt\/wp-json\/wp\/v2\/posts"}],"about":[{"href":"https:\/\/www.europesays.com\/lt\/wp-json\/wp\/v2\/types\/post"}],"author":[{"embeddable":true,"href":"https:\/\/www.europesays.com\/lt\/wp-json\/wp\/v2\/users\/2"}],"replies":[{"embeddable":true,"href":"https:\/\/www.europesays.com\/lt\/wp-json\/wp\/v2\/comments?post=94675"}],"version-history":[{"count":0,"href":"https:\/\/www.europesays.com\/lt\/wp-json\/wp\/v2\/posts\/94675\/revisions"}],"wp:featuredmedia":[{"embeddable":true,"href":"https:\/\/www.europesays.com\/lt\/wp-json\/wp\/v2\/media\/94676"}],"wp:attachment":[{"href":"https:\/\/www.europesays.com\/lt\/wp-json\/wp\/v2\/media?parent=94675"}],"wp:term":[{"taxonomy":"category","embeddable":true,"href":"https:\/\/www.europesays.com\/lt\/wp-json\/wp\/v2\/categories?post=94675"},{"taxonomy":"post_tag","embeddable":true,"href":"https:\/\/www.europesays.com\/lt\/wp-json\/wp\/v2\/tags?post=94675"}],"curies":[{"name":"wp","href":"https:\/\/api.w.org\/{rel}","templated":true}]}}