{"id":94714,"date":"2026-01-29T17:20:07","date_gmt":"2026-01-29T17:20:07","guid":{"rendered":"https:\/\/www.europesays.com\/lt\/94714\/"},"modified":"2026-01-29T17:20:07","modified_gmt":"2026-01-29T17:20:07","slug":"klaipedoje-gali-atsirasti-miestas-mieste-planuose-ir-naujas-prekybos-centras","status":"publish","type":"post","link":"https:\/\/www.europesays.com\/lt\/94714\/","title":{"rendered":"Klaip\u0117doje gali atsirasti \u201emiestas mieste\u201c, planuose \u2013 ir naujas prekybos centras"},"content":{"rendered":"<p>Tai numato sukurta zonos urbanistin\u0117 ir architekt\u016brin\u0117 vizija \u2013 remiantis ja, dvi \u0161iuo metu nei\u0161vystytos teritorijos tur\u0117t\u0173 virsti \u012f \u0161iuolaiki\u0161k\u0105 \u201emiest\u0105 mieste\u201c.<\/p>\n<p>\u201eNors Klaip\u0117dos LEZ neatsisako savo gamybin\u0117s krypties, daugiau d\u0117mesio ateityje bus skiriama inovacijoms, paslaugoms ir rekreacijai\u201c, \u2013 teigiama Klaip\u0117dos LEZ valdymo bendrov\u0117s prane\u0161ime.<\/p>\n<p>Anot jo, poky\u010di\u0173 reikia atsi\u017evelgiant \u012f besikei\u010dian\u010dius LEZ veikian\u010di\u0173 investuotoj\u0173, darbuotoj\u0173 ir pa\u010di\u0173 klaip\u0117die\u010di\u0173 poreikius: \u201eLaisvoji zona taip pat siek\u0117 toliau stiprinti savo ambicij\u0105 tapti pilnai integruota Klaip\u0117dos dalimi, si\u016blan\u010dia ne tik darbo vietas, bet ir miestieti\u0161kas paslaugas ar net atokv\u0117pio galimybes.\u201c<\/p>\n<p>Architekt\u016bros studijos \u201eAketuri\u201c sukurta urbanistin\u0117-architekt\u016brin\u0117 vizija apima keliasde\u0161imt hektar\u0173 \u0161iuo metu nei\u0161vystyto Klaip\u0117dos LEZ teritorijos ploto, ta\u010diau ne visus sklypus. Ji tarsi prat\u0119sia ir detalizuoja anks\u010diau paruo\u0161t\u0105 pl\u0117tros strategij\u0105, jau tuomet numa\u010diusi\u0105 mokslo ir inovacij\u0173 parko, komercijos ir kitas funkcines zonas.<\/p>\n<p>Studijos vadovas Lukas Rekevi\u010dius teigia, kad \u0161iame projekte architekt\u016bra ir urbanistika buvo vis\u0173 pirma kuriama \u201e\u017emon\u0117ms vilioti\u201c, mat pirmiausia reikia pritraukti atitinkamus \u017emon\u0117s. Ir nebe i\u0161 \u201evietos priemies\u010di\u0173\u201c, o i\u0161 visos Europos.<\/p>\n<p>\u201eTeritorija i\u0161 esm\u0117s i\u0161liks industrine, ta\u010diau aplinka \u010dia gali b\u016bti tokia, kurioje norisi b\u016bti ir kuria norisi r\u016bpintis\u201c, \u2013 prane\u0161ime sako L. Rekevi\u010dius.<\/p>\n<p>Naujoji vizija apima dvi atskiras teritorijas palei Pramon\u0117s ir Lypki\u0173 gatves. Abu \u0161ie plotai tarpusavyje ribojasi ir gali sudaryti vientis\u0105 \u017eali\u0105j\u0105 erdv\u0119, ta\u010diau kiekvienai i\u0161 zon\u0173 numatytos skirtingos funkcijos ir akcentai.<\/p>\n<p>Pirmajai, ar\u010diausiai miesto, ties vakarine Lypki\u0173 gatv\u0117s dalimi esan\u010diai teritorijai numatytas inovacij\u0173 ir kompetencij\u0173 centro vaidmuo. \u010cia daugiausiai erdv\u0117s numatyta biur\u0173 pastatams, tyrim\u0173 centrams ir laboratorijoms, ta\u010diau palikta galimybi\u0173 ir modernioms gamykloms. \u00a0<\/p>\n<p>\u0160ioje zonoje taip pat numatomas skveras, atvira aktyvaus laisvalaikio erdv\u0117 su galimybe u\u017esiimti skirtingomis sporto \u0161akomis bei vientisas, gausiai ap\u017eeldintas \u201e\u017ealiasis koridorius\u201c p\u0117stiesiems su tvenkiniu vakarin\u0117je dalyje, \u010dia b\u016bt\u0173 \u012fmanomas ir sveikatingumo centras ar bent lauko mikropir\u010di\u0173 kaimelis.<\/p>\n<p>Antra naujoji zona ties \u0160ilut\u0117s keliu rytin\u0117je LEZ dalyje kol kas pakrik\u0161tyta \u201edid\u017eiuoju prekybos centru\u201c: joje i\u0161ties gal\u0117t\u0173 atsirasti ir vienas ar kitas stambus ma\u017emenin\u0117s prekybos objektas, ta\u010diau erdv\u0117s \u010dia numatomos ir prekybiniams sand\u0117liams, biurams, taip pat galimam vie\u0161bu\u010diui ir konferencij\u0173 bei parod\u0173 centrams. \u0160ios zonos akcentu ateityje gal\u0117t\u0173 tapti \u0161iuo metu vos pastebimas \u017dydr\u0117s upelis, kurio prieigos virst\u0173 b\u016bsimo parko ir \u017ealiojo \u201erekreacinio koridoriaus\u201c a\u0161imi. Tarp \u0161ios dalies alternatyvi\u0173 id\u0117j\u0173 yra ir vieno sklypo skyrimas dirbtini\u0173 bang\u0173 sporto centrui.<\/p>\n<p>Abiejose zonose dalis gatvi\u0173 numatomos kaip ramaus eismo \u2013 jose p\u0117stieji su dviratininkais b\u016bt\u0173 lygiaver\u010diai eismo dalyviai. Numatomas ypa\u010d gausus ap\u017eeldinimas, paliktos lanks\u010dios galimyb\u0117s tiek konkre\u010di\u0173 pastat\u0173 funkcijose, tiek vie\u0161ose erdv\u0117se ar ma\u017eosios architekt\u016bros sprendimuose. Pavyzd\u017eiui, si\u016blomos \u017eeldyn\u0173 salel\u0117s ar s\u0117d\u0117jimui skirti amfiteatrai, kuri\u0173 pad\u0117t\u012f erdv\u0117je b\u016bt\u0173 galima nesunkiai pakeisti.<\/p>\n<p>Klaip\u0117dos LEZ vadovas Eimantas Kiudulas sako, jog \u0161i urbanistin\u0117 vizija yra ilgalaik\u0117, ta\u010diau dal\u012f reali\u0173 projekt\u0173 naujosiose teritorijose valdymo bendrov\u0117 ruo\u0161ia jau dabar. Pavyzd\u017eiui, \u0161iuo metu dirbama su konkre\u010dia inovacij\u0173 ir kompetencij\u0173 centro ar net klasterio id\u0117ja \u2013 ruo\u0161iami architekt\u016briniai sprendimai, kalbamasi su potencialiais klientais, vie\u0161ojo sektoriaus partneriais.<\/p>\n<p>\u201e\u0160iame dokumente architekt\u016bra ir urbanistika siekia spr\u0119sti labai realius verslo, miesto ar net valstyb\u0117s i\u0161\u0161\u016bkius: patrauklum\u0105 darbuotojams, integracij\u0105 su miestu, nor\u0105 orientuotis \u012f auk\u0161\u010diausi\u0105 prid\u0117tin\u0119 vert\u0119, stiprias ekosistemas ir kt.\u201c, \u2013 teigia E. Kiudulas.<\/p>\n<p>Jo teigimu, did\u017ei\u0105j\u0105 dal\u012f reali\u0173 investicij\u0173 \u0161iose teritorijose \u012fgyvendint\u0173 privatus verslas.<\/p>\n","protected":false},"excerpt":{"rendered":"Tai numato sukurta zonos urbanistin\u0117 ir architekt\u016brin\u0117 vizija \u2013 remiantis ja, dvi \u0161iuo metu nei\u0161vystytos teritorijos tur\u0117t\u0173 virsti&hellip;\n","protected":false},"author":2,"featured_media":94715,"comment_status":"","ping_status":"","sticky":false,"template":"","format":"standard","meta":{"footnotes":""},"categories":[13],"tags":[25,30,31,34,35,24,32,33,37,39,36,38,40,23,22,28,29,26,27],"class_list":{"0":"post-94714","1":"post","2":"type-post","3":"status-publish","4":"format-standard","5":"has-post-thumbnail","7":"category-lietuva","8":"tag-antrastes","9":"tag-breaking-news","10":"tag-breakingnews","11":"tag-featured-news","12":"tag-featurednews","13":"tag-headlines","14":"tag-latest-news","15":"tag-latestnews","16":"tag-lietuva","17":"tag-lietuviu","18":"tag-lithuania","19":"tag-lithuanian","20":"tag-lt","21":"tag-naujienos","22":"tag-news","23":"tag-populiariausios-naujienos","24":"tag-populiariausiosnaujienos","25":"tag-top-stories","26":"tag-topstories"},"share_on_mastodon":{"url":"https:\/\/pubeurope.com\/@lt\/115979539161455153","error":""},"_links":{"self":[{"href":"https:\/\/www.europesays.com\/lt\/wp-json\/wp\/v2\/posts\/94714","targetHints":{"allow":["GET"]}}],"collection":[{"href":"https:\/\/www.europesays.com\/lt\/wp-json\/wp\/v2\/posts"}],"about":[{"href":"https:\/\/www.europesays.com\/lt\/wp-json\/wp\/v2\/types\/post"}],"author":[{"embeddable":true,"href":"https:\/\/www.europesays.com\/lt\/wp-json\/wp\/v2\/users\/2"}],"replies":[{"embeddable":true,"href":"https:\/\/www.europesays.com\/lt\/wp-json\/wp\/v2\/comments?post=94714"}],"version-history":[{"count":0,"href":"https:\/\/www.europesays.com\/lt\/wp-json\/wp\/v2\/posts\/94714\/revisions"}],"wp:featuredmedia":[{"embeddable":true,"href":"https:\/\/www.europesays.com\/lt\/wp-json\/wp\/v2\/media\/94715"}],"wp:attachment":[{"href":"https:\/\/www.europesays.com\/lt\/wp-json\/wp\/v2\/media?parent=94714"}],"wp:term":[{"taxonomy":"category","embeddable":true,"href":"https:\/\/www.europesays.com\/lt\/wp-json\/wp\/v2\/categories?post=94714"},{"taxonomy":"post_tag","embeddable":true,"href":"https:\/\/www.europesays.com\/lt\/wp-json\/wp\/v2\/tags?post=94714"}],"curies":[{"name":"wp","href":"https:\/\/api.w.org\/{rel}","templated":true}]}}