{"id":94722,"date":"2026-01-29T17:36:28","date_gmt":"2026-01-29T17:36:28","guid":{"rendered":"https:\/\/www.europesays.com\/lt\/94722\/"},"modified":"2026-01-29T17:36:28","modified_gmt":"2026-01-29T17:36:28","slug":"turkija-tikisi-daugiau-turistu-ka-svarbu-zinoti-lietuviams","status":"publish","type":"post","link":"https:\/\/www.europesays.com\/lt\/94722\/","title":{"rendered":"Turkija tikisi daugiau turist\u0173: k\u0105 svarbu \u017einoti lietuviams"},"content":{"rendered":"<p>Optimizmo netr\u016bksta ir <a rel=\"noopener nofollow\" target=\"_blank\" href=\"https:\/\/www.delfi.lt\/temos\/turkijos-kurortai\" tag-id=\"75386489\">Turkijos<\/a> kelioni\u0173 agent\u016br\u0173 asociacijos (TURSAB) vadovui Firuzui Baglikaya. Jis prognozuoja, kad 2026 m. Turkijos turizmo pajamos gali siekti 68 mlrd. JAV doleri\u0173, \u0161alis vir\u0161ys pra\u0117jusi\u0173 met\u0173 rodiklius ir dar labiau sustiprins savo, kaip universalios poilsio krypties, pozicijas, ra\u0161oma kelioni\u0173 organizatoriaus \u201eTez Tour\u201c prane\u0161ime \u017einiasklaidai.<\/p>\n<p>    <img decoding=\"async\" src=\"https:\/\/www.europesays.com\/lt\/wp-content\/uploads\/2026\/01\/650ff48d-ff64-44d1-904f-e957c2d50111.jpg\" loading=\"lazy\" alt=\"Papl\u016bdimys Turkijoje\"\/>    <\/p>\n<p>Nemenkstant\u012f Turkijos populiarum\u0105 fiksuoja ir Lietuvos kelioni\u0173 organizatoriai. J\u0173 teigimu, Turkijos krypties paklausa i\u0161lieka stabili, \u017emon\u0117s jau dabar aktyviai planuoja 2026 m. atostogas \u0161ioje \u0161alyje.<\/p>\n<p>\u201eKeliautoj\u0173 nuomon\u0117s tyrimo duomenimis, <a rel=\"noopener nofollow\" target=\"_blank\" href=\"https:\/\/www.delfi.lt\/temos\/turkija\" tag-id=\"21801964\">Turkija<\/a> jau de\u0161imtmet\u012f nesitraukia i\u0161 geid\u017eiamiausi\u0173 lietuvi\u0173 atostog\u0173 kryp\u010di\u0173 penketuko. Tai patvirtina ir kelioni\u0173 pardavim\u0173 statistika \u2013 daugiau nei 50 proc. vis\u0173 vasaros sezono parduodam\u0173 kelioni\u0173 paket\u0173 sudaro kelion\u0117s \u012f Turkij\u0105.<\/p>\n<p>Be to, nema\u017e\u0117jantis kasmet \u010dia sugr\u012f\u017etan\u010di\u0173 keliautoj\u0173 skai\u010dius rodo, kad \u0161i kryptis atitinka ir patyrusi\u0173 turist\u0173 l\u016bkes\u010dius\u201c, \u2013 pristato Sigita Vaitel\u0117, bendrov\u0117s produkto vadov\u0117.<\/p>\n<p>Ji dalijasi patarimais, k\u0105 \u0161iais metais svarbu \u012fvertinti lietuviams, planuojantiems atostogas Turkijoje.<\/p>\n<p>1. Neatid\u0117ti planavimo paskutinei minutei<\/p>\n<p>S. Vaitel\u0117 atkreipia d\u0117mes\u012f, kad Lietuvos keliautojai d\u0117l geriausi\u0173 pasi\u016blym\u0173 konkuruoja ne tik tarpusavyje, bet ir su turistais i\u0161 kit\u0173 Europos bei tarptautini\u0173 rink\u0173. Augant Turkijos krypties populiarumui, patariama planuoti atostogas kuo anks\u010diau.<\/p>\n<p>Tai ypa\u010d aktualu \u0161eimoms ir auk\u0161tesn\u0117s kategorijos vie\u0161bu\u010di\u0173 ie\u0161kantiems keliautojams, nes populiariausi pasirinkimai i\u0161graibstomi pirmiausia.<\/p>\n<p>\u201eJau dabar matome, kad tam tikromis datomis, pavyzd\u017eiui, per Velyk\u0173 laikotarp\u012f ar moksleivi\u0173 atostogas, populiariausiuose Turkijos vie\u0161bu\u010diuose laisv\u0173 viet\u0173 neb\u0117ra. Ankstyvos rezervacijos leid\u017eia u\u017esitikrinti platesn\u012f vie\u0161bu\u010di\u0173 ir kambari\u0173 pasirinkim\u0105, i\u0161vengti sezono metu kylan\u010di\u0173 kain\u0173.<\/p>\n<p>Be to, i\u0161ankstinis planavimas suteikia daugiau laiko ramiai pasiruo\u0161ti kelionei ir apgalvoti visus individualius poreikius\u201c, \u2013 sako S. Vaitel\u0117.<\/p>\n<p>    <img decoding=\"async\" src=\"https:\/\/www.europesays.com\/lt\/wp-content\/uploads\/2026\/01\/6fc6dece-5629-481c-933c-421859ecf1c6.jpg\" loading=\"lazy\" alt=\"Vie\u0161butis\"\/>    <\/p>\n<p>2. Keliauti ir ne sezono piko metu<\/p>\n<p>Turkija i\u0161lieka patraukli ne tik vasaros m\u0117nesiais \u2013 vis daugiau keliautoj\u0173 atranda atostog\u0173 pavasar\u012f ir ruden\u012f privalumus.<\/p>\n<p>\u201eJau pavasario m\u0117nesiais Turkijos kurortuose vyrauja malonus vasari\u0161kas klimatas, o ma\u017eesni turist\u0173 srautai leid\u017eia m\u0117gautis ramesniu poilsiu. Moksleivi\u0173 pavasario atostog\u0173 metu atsip\u016bsti gali visa \u0161eima \u2013 nevargins kar\u0161tis ar minios turist\u0173. Be to, ne sezono \u012fkar\u0161\u010dio m\u0117nesiais da\u017enai si\u016blomos ir palankesn\u0117s kainos\u201c, \u2013 pastebi turizmo atstov\u0117.<\/p>\n<p>3. \u012evardyti atostog\u0173 poreikius<\/p>\n<p>Vienas svarbiausi\u0173 planavimo etap\u0173 \u2013 ai\u0161kiai suprasti, kokio poilsio norisi. \u0160eimoms su vaikais aktual\u016bs vie\u0161bu\u010diai su vandens parkais ir animatori\u0173 paslaugomis, tuo metu poros ar draug\u0173 kompanijos da\u017eniau renkasi ramesnius ar suaugusiesiems skirtus kompleksus.<\/p>\n<p>\u201eTaip pat verta pagalvoti, ar kelion\u0117s metu daugiausia laiko bus leid\u017eiama vie\u0161bu\u010dio teritorijoje, ar bus bandomos aktyvios patirtys ir ekskursij\u0173 programa. Toks i\u0161ankstinis prioritet\u0173 i\u0161gryninimas u\u017etikrins, kad l\u016bkes\u010diai neprasilenks su realybe\u201c, \u2013 pataria S. Vaitel\u0117.<\/p>\n<p>    <img decoding=\"async\" src=\"https:\/\/www.europesays.com\/lt\/wp-content\/uploads\/2026\/01\/1769708188_999_a8e179d0-d3af-4d9e-8ca8-077e59a9ff52.jpg\" loading=\"lazy\" alt=\"Kelion\u0117s\"\/>    <\/p>\n<p>4. Atkreipti d\u0117mes\u012f \u012f vie\u0161bu\u010di\u0173 koncepcij\u0105<\/p>\n<p>Renkantis vie\u0161but\u012f Turkijoje, vien \u017evaig\u017edu\u010di\u0173 skai\u010dius ne visada atspindi b\u016bsim\u0105 patirt\u012f. Skirtingos vie\u0161bu\u010di\u0173 koncepcijos \u2013 \u201eviskas \u012fskai\u010diuota\u201c, \u0161eimoms, suaugusiesiems ar boutique tipo \u2013 si\u016blo labai skirtingus poilsio formatus.<\/p>\n<p>S. Vaitel\u0117 pabr\u0117\u017eia, kad svarbu vertinti ne tik kategorij\u0105, bet ir teikiamas paslaugas, teritorijos dyd\u012f, si\u016blomas pramogas, koki\u0173 \u0161ali\u0173 turistai \u010dia ilsisi da\u017eniausiai \u2013 tai leid\u017eia pasirinkti vie\u0161but\u012f, kuris labiausiai tiks pagal asmeninius norus.<\/p>\n<p>5. \u012evertinti region\u0173 skirtumus<\/p>\n<p>\u012evair\u016bs Turkijos paj\u016brio regionai tinka skirting\u0173 atostog\u0173 norintiems turistams. Antalijos pakrant\u0117 da\u017eniau siejama su klasikin\u0117mis atostogomis dideliuose kurortuose, tuo metu Eg\u0117jo j\u016bros regione esantis Bodrumas i\u0161siskiria ramesniu tempu ir europieti\u0161kesne atmosfera.<\/p>\n<p>\u201eAtsi\u017evelgus \u012f region\u0173 specifik\u0105, kelion\u0117s patirtis tampa kur kas labiau subalansuota\u201c, \u2013 akcentuoja S. Vaitel\u0117.<\/p>\n<p>\u201eKalbant apie verslo keliones, atsisakoma vienadieni\u0173 kelioni\u0173, jos da\u017enai yra kombinuojamos, \u2013 \u017eurnalistams kalb\u0117jo Nacionalin\u0117s turizmo verslo asociacijos ir Lietuvos turizmo r\u016bm\u0173 prezident\u0117 \u017dydr\u0117 Gavelien\u0117. \u2013 \u0160ioje kategorijoje taip pat atsirado naujas dalykas \u2013 Whycation: pasirinkus tam tikr\u0105 krypt\u012f, turi \u012ftikinti \u017emog\u0173, kod\u0117l jam verta ten keliauti.\u201c<\/p>\n","protected":false},"excerpt":{"rendered":"Optimizmo netr\u016bksta ir Turkijos kelioni\u0173 agent\u016br\u0173 asociacijos (TURSAB) vadovui Firuzui Baglikaya. Jis prognozuoja, kad 2026 m. Turkijos turizmo&hellip;\n","protected":false},"author":2,"featured_media":94723,"comment_status":"","ping_status":"","sticky":false,"template":"","format":"standard","meta":{"footnotes":""},"categories":[17],"tags":[81,37,39,36,38,40,1853,19298,46],"class_list":{"0":"post-94722","1":"post","2":"type-post","3":"status-publish","4":"format-standard","5":"has-post-thumbnail","7":"category-verslas","8":"tag-business","9":"tag-lietuva","10":"tag-lietuviu","11":"tag-lithuania","12":"tag-lithuanian","13":"tag-lt","14":"tag-turkija","15":"tag-turkijos-kurortai","16":"tag-verslas"},"share_on_mastodon":{"url":"https:\/\/pubeurope.com\/@lt\/115979602117461807","error":""},"_links":{"self":[{"href":"https:\/\/www.europesays.com\/lt\/wp-json\/wp\/v2\/posts\/94722","targetHints":{"allow":["GET"]}}],"collection":[{"href":"https:\/\/www.europesays.com\/lt\/wp-json\/wp\/v2\/posts"}],"about":[{"href":"https:\/\/www.europesays.com\/lt\/wp-json\/wp\/v2\/types\/post"}],"author":[{"embeddable":true,"href":"https:\/\/www.europesays.com\/lt\/wp-json\/wp\/v2\/users\/2"}],"replies":[{"embeddable":true,"href":"https:\/\/www.europesays.com\/lt\/wp-json\/wp\/v2\/comments?post=94722"}],"version-history":[{"count":0,"href":"https:\/\/www.europesays.com\/lt\/wp-json\/wp\/v2\/posts\/94722\/revisions"}],"wp:featuredmedia":[{"embeddable":true,"href":"https:\/\/www.europesays.com\/lt\/wp-json\/wp\/v2\/media\/94723"}],"wp:attachment":[{"href":"https:\/\/www.europesays.com\/lt\/wp-json\/wp\/v2\/media?parent=94722"}],"wp:term":[{"taxonomy":"category","embeddable":true,"href":"https:\/\/www.europesays.com\/lt\/wp-json\/wp\/v2\/categories?post=94722"},{"taxonomy":"post_tag","embeddable":true,"href":"https:\/\/www.europesays.com\/lt\/wp-json\/wp\/v2\/tags?post=94722"}],"curies":[{"name":"wp","href":"https:\/\/api.w.org\/{rel}","templated":true}]}}