{"id":94733,"date":"2026-01-29T18:11:44","date_gmt":"2026-01-29T18:11:44","guid":{"rendered":"https:\/\/www.europesays.com\/lt\/94733\/"},"modified":"2026-01-29T18:11:44","modified_gmt":"2026-01-29T18:11:44","slug":"po-skandalingu-s-skvernelio-fraziu-grieztas-s-cichanouskajos-biuro-atsakymas-alfa","status":"publish","type":"post","link":"https:\/\/www.europesays.com\/lt\/94733\/","title":{"rendered":"Po skandaling\u0173 S. Skvernelio frazi\u0173 \u2013 grie\u017etas S. Cichanouskajos biuro atsakymas &#8211; Alfa"},"content":{"rendered":"<ol>\n<li><a href=\"https:\/\/news.google.com\/rss\/articles\/CBMiwgFBVV95cUxQRlFsVlBzaDZfaUVucU9YWGV3eEk0VkhwWWY0QW1tbHMtbmZ6SFhESms5ejczRWZiVld2aXM1MWZxWFFsQ1RZemVyYVlBYUVuMTdBVXdLZ2dsYWVtOU4yNDZRbUVrQURCVjZsNDNRMlVCZTNaZUVyUEF1dFZFTDM0SGxXSUJEekhoRXhFTHVkUjFkeUNoOUlta2xxMXpUcTFSb0NUMFk4dmdkN1lGNVFrc1ZuSnhnS2RJZGhscFltUHlpZw?oc=5\" target=\"_blank\" rel=\"nofollow noopener\">Po skandaling\u0173 S. Skvernelio frazi\u0173 \u2013 grie\u017etas S. Cichanouskajos biuro atsakymas<\/a>&nbsp;&nbsp;Alfa<\/li>\n<li><a href=\"https:\/\/news.google.com\/rss\/articles\/CBMiqwFBVV95cUxNZVJyTEg1b3NFRlgwN25YTlhMVXd2X3hTUFQ0N0VtX2ptM1F0ZkFFTVo3ZWY0d1pzQVBKbzMtYlRJODVkRU9xTl9RUjlGcDdlWE9ibnFROC1KUEV6Qld2VWJRWnlUTnhNdW1xa1pjbnNvR2ZGZ1NnUFYwTnVwVjNnc1NBS3VRMXZXaEF5ZmEydHFaUUg4WlNuUWVaS2lSXzBzTDVBekR3emhZTXc?oc=5\" target=\"_blank\" rel=\"nofollow noopener\">Cichanouskajos biuras sureagavo \u012f Skvernelio parei\u0161kimus<\/a>&nbsp;&nbsp;Delfi<\/li>\n<li><a href=\"https:\/\/news.google.com\/rss\/articles\/CBMi6gFBVV95cUxPeXFIYlZYa2xTNWhtVmNmODFlWTFyMFNzQ2pzVGFZRE9EaEZGUTM3TFUxUUlsY0hTZ3NVV1dickJUMFMzdHB4WEs2VF9rWEx2ekRWUHlkZXp5N09jaUFJaGlWUVYxUE1LNklzMmluZDlfZ1RiTlptU3h4TlhZb1RPYzJON21JUHBodG1fMV8xVTgyN2Vyb3FtZkt6V2pmbEJSdjNsUWc0YWxoRWFlZTJpRkN1ZVdTN292MEJodUNaVmprR0VJYUU1VWZlMDNYRnltTWhDNkxWSjlKTHFwUDd6dTFmRDZZejNKclE?oc=5\" target=\"_blank\" rel=\"nofollow noopener\">I. Ruginien\u0117 kvie\u010dia S. Skvernel\u012f gr\u012f\u017eti \u012f realyb\u0119: \u201eA\u0161 tikrai nesuprantu toki\u0173 komentar\u0173\u201c<\/a>&nbsp;&nbsp;Lrytas<\/li>\n<li><a href=\"https:\/\/news.google.com\/rss\/articles\/CBMivgFBVV95cUxPTmJfbzFJQzhKdTJDb0VzakRmUHA1cElQamp4V3JBSkhzSUs4RVFweHM4b0hFaXhWMXFRcmthVFByRWZxYzZ3MUdQYm1IcjI5TVRERmxaaEM5UGh2VzJKaWxadGZaUVVwbWdlTm5ENEpERnY1ZTRFQTF4bEpiZWUxT19PMGFaZzFEVENVdWNkY1JFR3BzV0Jxa0txandLX284bXkwekJyaWVOLTJySDlMZldPWG9IcHdONGFZek5B?oc=5\" target=\"_blank\" rel=\"nofollow noopener\">Ruginien\u0117: Cichanouskajos apsaugos lygio nenusako limuzino dydis ar kaina<\/a>&nbsp;&nbsp;LRT<\/li>\n<li><a href=\"https:\/\/news.google.com\/rss\/articles\/CBMingFBVV95cUxPaEtqaklfQjJ6UjBJTmd1ZW9hQ2NnRnVFbXJHTG40Zjg4Uk5oQkJqNUdPNU85VTk1c0lnWEp3cVhUZ1lfS2dMVVREWkRrSUh4M2JzX0EzdG9EMXFWVndsaUFVbURDZVk5cGhGdzlTS0xiVEQ0RFJhMElvWFNud1hpWW5TSHRmN1lKWjR4MXp4eHBudHZzdmpDcHNWZHRvUQ?oc=5\" target=\"_blank\" rel=\"nofollow noopener\">Skverneliui \u2013 socialdemokrat\u0173 raginimas<\/a>&nbsp;&nbsp;kauno.diena.lt<\/li>\n<\/ol>\n","protected":false},"excerpt":{"rendered":"Po skandaling\u0173 S. Skvernelio frazi\u0173 \u2013 grie\u017etas S. Cichanouskajos biuro atsakymas&nbsp;&nbsp;Alfa Cichanouskajos biuras sureagavo \u012f Skvernelio parei\u0161kimus&nbsp;&nbsp;Delfi I.&hellip;\n","protected":false},"author":2,"featured_media":94734,"comment_status":"","ping_status":"","sticky":false,"template":"","format":"standard","meta":{"footnotes":""},"categories":[13],"tags":[25,30,31,34,35,24,32,33,37,39,36,38,40,23,22,28,29,26,27],"class_list":{"0":"post-94733","1":"post","2":"type-post","3":"status-publish","4":"format-standard","5":"has-post-thumbnail","7":"category-lietuva","8":"tag-antrastes","9":"tag-breaking-news","10":"tag-breakingnews","11":"tag-featured-news","12":"tag-featurednews","13":"tag-headlines","14":"tag-latest-news","15":"tag-latestnews","16":"tag-lietuva","17":"tag-lietuviu","18":"tag-lithuania","19":"tag-lithuanian","20":"tag-lt","21":"tag-naujienos","22":"tag-news","23":"tag-populiariausios-naujienos","24":"tag-populiariausiosnaujienos","25":"tag-top-stories","26":"tag-topstories"},"share_on_mastodon":{"url":"https:\/\/pubeurope.com\/@lt\/115979739656482035","error":""},"_links":{"self":[{"href":"https:\/\/www.europesays.com\/lt\/wp-json\/wp\/v2\/posts\/94733","targetHints":{"allow":["GET"]}}],"collection":[{"href":"https:\/\/www.europesays.com\/lt\/wp-json\/wp\/v2\/posts"}],"about":[{"href":"https:\/\/www.europesays.com\/lt\/wp-json\/wp\/v2\/types\/post"}],"author":[{"embeddable":true,"href":"https:\/\/www.europesays.com\/lt\/wp-json\/wp\/v2\/users\/2"}],"replies":[{"embeddable":true,"href":"https:\/\/www.europesays.com\/lt\/wp-json\/wp\/v2\/comments?post=94733"}],"version-history":[{"count":0,"href":"https:\/\/www.europesays.com\/lt\/wp-json\/wp\/v2\/posts\/94733\/revisions"}],"wp:featuredmedia":[{"embeddable":true,"href":"https:\/\/www.europesays.com\/lt\/wp-json\/wp\/v2\/media\/94734"}],"wp:attachment":[{"href":"https:\/\/www.europesays.com\/lt\/wp-json\/wp\/v2\/media?parent=94733"}],"wp:term":[{"taxonomy":"category","embeddable":true,"href":"https:\/\/www.europesays.com\/lt\/wp-json\/wp\/v2\/categories?post=94733"},{"taxonomy":"post_tag","embeddable":true,"href":"https:\/\/www.europesays.com\/lt\/wp-json\/wp\/v2\/tags?post=94733"}],"curies":[{"name":"wp","href":"https:\/\/api.w.org\/{rel}","templated":true}]}}