{"id":94742,"date":"2026-01-29T18:23:35","date_gmt":"2026-01-29T18:23:35","guid":{"rendered":"https:\/\/www.europesays.com\/lt\/94742\/"},"modified":"2026-01-29T18:23:35","modified_gmt":"2026-01-29T18:23:35","slug":"lenkijos-uzsienio-reikalu-ministras-ragina-elona-muska-atjungti-rusijai-starlink","status":"publish","type":"post","link":"https:\/\/www.europesays.com\/lt\/94742\/","title":{"rendered":"Lenkijos u\u017esienio reikal\u0173 ministras ragina Elon\u0105 Musk\u0105 atjungti Rusijai \u201eStarlink\u201c"},"content":{"rendered":"<p>AFP-BNS<\/p>\n<p>Lenkijos u\u017esienio reikal\u0173 ministras antradien\u012f paragino JAV technologij\u0173 magnat\u0105 Elon\u0105 Musk\u0105 (Ilon\u0105 Mask\u0105) atjungti Rusijos kariuomen\u0117s prieig\u0105 prie jo \u201eStarlink\u201c palydov\u0173, kurie, ekspert\u0173 teigimu, naudojami Maskvos kare prie\u0161 Ukrain\u0105.<\/p>\n<p>Radoslawas Sikorskis (Radoslavas Sikorskis), kuris taip pat eina ministro pirmininko pavaduotojo pareigas, pasisak\u0117 po to, kai JAV \u012fsik\u016br\u0119s Karo studij\u0173 institutas (ISW) parei\u0161k\u0117, kad Rusijos kariuomen\u0117 naudoja \u201eStarlink\u201c palydovus dron\u0173 atakoms Ukrainoje nukreipti.<\/p>\n<p>\u201eEi, vyruk, @elonmusk, kod\u0117l neu\u017edraudi rusams naudotis \u201eStarlink\u201c taikantis \u012f Ukrainos miestus. Pinig\u0173 darymas i\u0161 karo nusikaltim\u0173 gali pakenkti tavo prek\u0117s \u017eenklui\u201c, \u2013 E. Musko platformoje \u201eX\u201c parei\u0161k\u0117 R. Sikorskis.<\/p>\n<p>E. Muskas 2024-aisiais neig\u0117, kad Rusijai buvo parduota \u201eStarlink\u201c terminal\u0173. Ukrainos \u017evalgybos tarnyb\u0173 duomenimis, Rusijos kariuomen\u0117 terminalus \u012fsigijo per tre\u010di\u0105sias \u0161alis, o ne pagal koki\u0105 nors oficiali\u0105 sutart\u012f su E. Musku.<\/p>\n<p>ISW teig\u0117, kad \u201eRusijos paj\u0117gos vis da\u017eniau naudoja \u201eStarlink\u201c palydovines sistemas, kad padidint\u0173 atakos dron\u0173 BM-35 veikimo nuotol\u012f ir gal\u0117t\u0173 vykdyti vidutinio nuotolio sm\u016bgius \u012f Ukrainos u\u017enugar\u012f\u201c.<\/p>\n<p>Institutas nurod\u0117, kad skelbiamas 500 km nuotolis, kur\u012f pasiekia \u201eStarlink\u201c \u012franga apr\u016bpinti dronai BM-35, \u201erei\u0161kia, kad did\u017eioji dalis Ukrainos, visa Moldova ir Lenkijos, Rumunijos bei Lietuvos dalys patenka \u012f \u0161i\u0173 dron\u0173 veikimo zon\u0105, jei jie paleid\u017eiami i\u0161 Rusijos ar okupuotos Ukrainos\u201c dalies.<\/p>\n<p>\u201eStarlink\u201c taip pat pla\u010diai naudoja Ukrainos kariuomen\u0117 ry\u0161iams, tod\u0117l visi\u0161kas atjungimas teritorijoje b\u016bt\u0173 problemi\u0161kas.<\/p>\n<p>Pastaraisiais m\u0117nesiais Rusija suintensyvino kasdienes dron\u0173 atakas prie\u0161 karius Ukrainos fronto linijoje, taip pat prie\u0161 Ukrainos elektrines ir transporto infrastrukt\u016br\u0105 visoje \u0161alyje.<\/p>\n<p>Ukrainos duomenimis, nakt\u012f i\u0161 sekmadienio \u012f pirmadien\u012f atakoms buvo panaudoti ma\u017edaug 165 dronai.<\/p>\n","protected":false},"excerpt":{"rendered":"AFP-BNS Lenkijos u\u017esienio reikal\u0173 ministras antradien\u012f paragino JAV technologij\u0173 magnat\u0105 Elon\u0105 Musk\u0105 (Ilon\u0105 Mask\u0105) atjungti Rusijos kariuomen\u0117s prieig\u0105&hellip;\n","protected":false},"author":2,"featured_media":94743,"comment_status":"","ping_status":"","sticky":false,"template":"","format":"standard","meta":{"footnotes":""},"categories":[17],"tags":[81,37,39,36,38,40,46],"class_list":{"0":"post-94742","1":"post","2":"type-post","3":"status-publish","4":"format-standard","5":"has-post-thumbnail","7":"category-verslas","8":"tag-business","9":"tag-lietuva","10":"tag-lietuviu","11":"tag-lithuania","12":"tag-lithuanian","13":"tag-lt","14":"tag-verslas"},"share_on_mastodon":{"url":"https:\/\/pubeurope.com\/@lt\/115979786835685519","error":""},"_links":{"self":[{"href":"https:\/\/www.europesays.com\/lt\/wp-json\/wp\/v2\/posts\/94742","targetHints":{"allow":["GET"]}}],"collection":[{"href":"https:\/\/www.europesays.com\/lt\/wp-json\/wp\/v2\/posts"}],"about":[{"href":"https:\/\/www.europesays.com\/lt\/wp-json\/wp\/v2\/types\/post"}],"author":[{"embeddable":true,"href":"https:\/\/www.europesays.com\/lt\/wp-json\/wp\/v2\/users\/2"}],"replies":[{"embeddable":true,"href":"https:\/\/www.europesays.com\/lt\/wp-json\/wp\/v2\/comments?post=94742"}],"version-history":[{"count":0,"href":"https:\/\/www.europesays.com\/lt\/wp-json\/wp\/v2\/posts\/94742\/revisions"}],"wp:featuredmedia":[{"embeddable":true,"href":"https:\/\/www.europesays.com\/lt\/wp-json\/wp\/v2\/media\/94743"}],"wp:attachment":[{"href":"https:\/\/www.europesays.com\/lt\/wp-json\/wp\/v2\/media?parent=94742"}],"wp:term":[{"taxonomy":"category","embeddable":true,"href":"https:\/\/www.europesays.com\/lt\/wp-json\/wp\/v2\/categories?post=94742"},{"taxonomy":"post_tag","embeddable":true,"href":"https:\/\/www.europesays.com\/lt\/wp-json\/wp\/v2\/tags?post=94742"}],"curies":[{"name":"wp","href":"https:\/\/api.w.org\/{rel}","templated":true}]}}