{"id":94764,"date":"2026-01-29T19:17:28","date_gmt":"2026-01-29T19:17:28","guid":{"rendered":"https:\/\/www.europesays.com\/lt\/94764\/"},"modified":"2026-01-29T19:17:28","modified_gmt":"2026-01-29T19:17:28","slug":"senjoras-valstybes-gynybos-fondui-skyre-isskirtine-suma","status":"publish","type":"post","link":"https:\/\/www.europesays.com\/lt\/94764\/","title":{"rendered":"Senjoras Valstyb\u0117s gynybos fondui skyr\u0117 i\u0161skirtin\u0119 sum\u0105"},"content":{"rendered":"<p>\u201eEsame nuo\u0161ird\u017eiai d\u0117kingi senjorui u\u017e prasming\u0105 ind\u0117l\u012f \u012f Valstyb\u0117s gynybos fond\u0105 ir vis\u0173 m\u016bs\u0173 saugum\u0105. Tai dar kart\u0105 parodo, kad Lietuvos pilie\u010diai supranta geopolitinius i\u0161\u0161\u016bkius ir yra pasireng\u0119 prisid\u0117ti prie valstyb\u0117s atsparumo didinimo\u201c, \u2013 ministerijos prane\u0161ime spaudai teigia kra\u0161to apsaugos ministras Robertas Kaunas.<\/p>\n<p>Kaip skelbia ministerija, Valstyb\u0117s gynybos fondas yra viena svarbiausi\u0173 priemoni\u0173, u\u017etikrinan\u010di\u0173 ilgalaik\u012f ir tvar\u0173 Lietuvos gynybos paj\u0117gum\u0173 stiprinim\u0105. Fondo paskirtis \u2013 kaupti ir nukreipti l\u0117\u0161as strategi\u0161kai reik\u0161mingiems gynybos, civilin\u0117s saugos ir nacionalinio saugumo projektams, kurie didina valstyb\u0117s pasirengim\u0105 galimoms gr\u0117sm\u0117ms.<\/p>\n<p>Pernai kra\u0161to apsaugai i\u0161 Valstyb\u0117s gynybos fondo buvo skirta apie 356 mln. Eur, kurie panaudoti prioritetin\u0117ms gynybos sritims \u2013 nacionalin\u0117s divizijos stiprinimui reikalingai ginkluotei ir transporto priemon\u0117ms \u012fsigyti, NATO brigados ir kitai karinei bei dvigubos paskirties infrastrukt\u016brai, mobilumo ir kontrmobilumo priemon\u0117ms, civilinei saugai.<\/p>\n<p>Lietuvos Respublikos 2026\u20132028 met\u0173 biud\u017eeto patvirtinimo \u012fstatymu numatyta, kad 2026 m. Valstyb\u0117s gynybos fondo finansavimas sieks apie 710 mln. eur\u0173. Did\u017eioji dalis l\u0117\u0161\u0173 bus nukreipta divizijos paj\u0117gumo vystymui, taip pat Vokietijos brigados infrastrukt\u016bros pl\u0117trai. Fondo l\u0117\u0161omis bus finansuojami t\u0119stiniai civilin\u0117s gynybos, karinio mobilumo ir dvigubos paskirties infrastrukt\u016bros projektai, kontrmobilumo priemon\u0117s bei kovos su bepilo\u010diais orlaiviais sistem\u0173 \u012fsigijimas. Detal\u0173 2026 m. l\u0117\u0161\u0173 paskirstym\u0105 patvirtins ministr\u0173 kabinetas.<\/p>\n<p>Fondo l\u0117\u0161as sudaro valstyb\u0117s biud\u017eeto pajamos, gautos i\u0161 pelno, akciz\u0173, gyventoj\u0173 pajam\u0173, nekilnojamo turto ir kit\u0173 mokes\u010di\u0173, saugumo \u012fna\u0161o ir kit\u0173 Valstyb\u0117s gynybos fondo \u012fstatyme numatyt\u0173 finansavimo \u0161altini\u0173. Prie fondo savanori\u0161kai gali prisid\u0117ti kiekvienas \u2013 tiek gyventojai, tiek verslas. \u0160iuo metu fonde sukaupta 239 300 eur\u0173 savanori\u0161k\u0173 \u012fmok\u0173 l\u0117\u0161\u0173.<\/p>\n<p>Fondo valdytoja yra Kra\u0161to apsaugos ministerija, o l\u0117\u0161os kaupiamos atskiroje ministerijos tvarkomoje s\u0105skaitoje.<\/p>\n","protected":false},"excerpt":{"rendered":"\u201eEsame nuo\u0161ird\u017eiai d\u0117kingi senjorui u\u017e prasming\u0105 ind\u0117l\u012f \u012f Valstyb\u0117s gynybos fond\u0105 ir vis\u0173 m\u016bs\u0173 saugum\u0105. Tai dar kart\u0105&hellip;\n","protected":false},"author":2,"featured_media":94765,"comment_status":"","ping_status":"","sticky":false,"template":"","format":"standard","meta":{"footnotes":""},"categories":[13],"tags":[25,30,31,34,35,19300,24,32,33,37,39,36,38,40,23,22,28,29,26,27],"class_list":{"0":"post-94764","1":"post","2":"type-post","3":"status-publish","4":"format-standard","5":"has-post-thumbnail","7":"category-lietuva","8":"tag-antrastes","9":"tag-breaking-news","10":"tag-breakingnews","11":"tag-featured-news","12":"tag-featurednews","13":"tag-gynybos-fondas","14":"tag-headlines","15":"tag-latest-news","16":"tag-latestnews","17":"tag-lietuva","18":"tag-lietuviu","19":"tag-lithuania","20":"tag-lithuanian","21":"tag-lt","22":"tag-naujienos","23":"tag-news","24":"tag-populiariausios-naujienos","25":"tag-populiariausiosnaujienos","26":"tag-top-stories","27":"tag-topstories"},"share_on_mastodon":{"url":"https:\/\/pubeurope.com\/@lt\/115979999141584705","error":""},"_links":{"self":[{"href":"https:\/\/www.europesays.com\/lt\/wp-json\/wp\/v2\/posts\/94764","targetHints":{"allow":["GET"]}}],"collection":[{"href":"https:\/\/www.europesays.com\/lt\/wp-json\/wp\/v2\/posts"}],"about":[{"href":"https:\/\/www.europesays.com\/lt\/wp-json\/wp\/v2\/types\/post"}],"author":[{"embeddable":true,"href":"https:\/\/www.europesays.com\/lt\/wp-json\/wp\/v2\/users\/2"}],"replies":[{"embeddable":true,"href":"https:\/\/www.europesays.com\/lt\/wp-json\/wp\/v2\/comments?post=94764"}],"version-history":[{"count":0,"href":"https:\/\/www.europesays.com\/lt\/wp-json\/wp\/v2\/posts\/94764\/revisions"}],"wp:featuredmedia":[{"embeddable":true,"href":"https:\/\/www.europesays.com\/lt\/wp-json\/wp\/v2\/media\/94765"}],"wp:attachment":[{"href":"https:\/\/www.europesays.com\/lt\/wp-json\/wp\/v2\/media?parent=94764"}],"wp:term":[{"taxonomy":"category","embeddable":true,"href":"https:\/\/www.europesays.com\/lt\/wp-json\/wp\/v2\/categories?post=94764"},{"taxonomy":"post_tag","embeddable":true,"href":"https:\/\/www.europesays.com\/lt\/wp-json\/wp\/v2\/tags?post=94764"}],"curies":[{"name":"wp","href":"https:\/\/api.w.org\/{rel}","templated":true}]}}