{"id":94774,"date":"2026-01-29T19:41:13","date_gmt":"2026-01-29T19:41:13","guid":{"rendered":"https:\/\/www.europesays.com\/lt\/94774\/"},"modified":"2026-01-29T19:41:13","modified_gmt":"2026-01-29T19:41:13","slug":"iranas-zada-duoti-triuskinanti-atsaka-i-bet-kokia-ataka","status":"publish","type":"post","link":"https:\/\/www.europesays.com\/lt\/94774\/","title":{"rendered":"Iranas \u017eada duoti triu\u0161kinant\u012f atsak\u0105 \u012f bet koki\u0105 atak\u0105"},"content":{"rendered":"<p>Prie\u0161ininkai Va\u0161ingtonas ir Teheranas vienas kitam pa\u017e\u0117r\u0117 grasinim\u0173, kuomet D. Trumpas d\u0117l <a rel=\"noopener nofollow\" target=\"_blank\" href=\"https:\/\/www.delfi.lt\/temos\/protestai-irane\" tag-id=\"96616699\">Irane<\/a> nuvilnijusios protest\u0173 bangos ir smurtinio susidorojimo su ja pagrasino imtis karini\u0173 veiksm\u0173, o Islamo Respublika savo ruo\u017etu apkaltino Jungtines Valstijas \u201eriau\u0161i\u0173\u201c kurstymu. \u0160i akistata suk\u0117l\u0117 diplomatin\u012f \u0161ok\u0105 visame regione, o svarb\u016bs regiono veik\u0117jai \u0117m\u0117si raginti vesti derybas \u012ftampai numal\u0161inti.<\/p>\n<p>ES ketvirtadien\u012f tur\u0117t\u0173 susitarti d\u0117l galimyb\u0117s \u012ftraukti Irano Revoliucin\u0119 gvardij\u0105 (IRGC) \u012f bloko teroristini\u0173 organizacij\u0173 s\u0105ra\u0161\u0105 d\u0117l susidorojimo, kurio akivaizdoje, pasak \u017emogaus teisi\u0173 gynimo grupi\u0173, saugumo paj\u0117gos, \u012fskaitant IRGC, kuri laikoma ideologine Teherano kariuomen\u0117s at\u0161aka, pra\u017eud\u0117 t\u016bkstan\u010dius \u017emoni\u0173.<\/p>\n<p>\u201eJei elgiesi kaip teroristas, su tavimi taip pat tur\u0117t\u0173 b\u016bti elgiamasi kaip su teroristu\u201c, \u2013 \u017eurnalistams prie\u0161 Briuselyje rengiam\u0105 ministr\u0173 susitikim\u0105 parei\u0161k\u0117 ES u\u017esienio politikos \u012fgaliotin\u0117 Kaja Kallas ir kartu prid\u016br\u0117, jog \u0161iuo sprendimu IRGC atsidurt\u0173 greta toki\u0173 d\u017eihadist\u0173 grupuo\u010di\u0173, kaip \u201eAl-Qaeda\u201c ir \u201eIslamo valstyb\u0117\u201c.<\/p>\n<p>\u0160is simbolinis \u017eingsnis Iranui pasi\u0173s stipri\u0105 smerkimo \u017eini\u0105, ta\u010diau manoma, kad jo praktinis poveikis nebus labai didelis, nes \u0161iai organizacijai ir auk\u0161tiems vadams jau taikomos ES sankcijos. Vis d\u0117lto Iranas \u012fsp\u0117jo apie \u201edestruktyvius padarinius\u201c, jei IRGC \u012ftraukimui \u012f teroristini\u0173 organizacij\u0173 s\u0105ra\u0161\u0105 bus u\u017edegta \u017ealia \u0161viesa, antradien\u012f prane\u0161\u0117 valstybin\u0117 \u017einiasklaida.<\/p>\n<p>Irano pareig\u016bnai taip pat sugrie\u017etino persp\u0117jimus, kad Teheranas j\u0117ga atsakyt\u0173 \u012f bet kokius JAV karinius veiksmus, ta\u010diau neatmet\u0117 diplomatini\u0173 sprendim\u0173. Irano kariuomen\u0117s vadas Amiras Hatami ketvirtadien\u012f pa\u017ead\u0117jo duoti \u201etriu\u0161kinant\u012f atsak\u0105\u201c \u012f bet koki\u0105 atak\u0105, skelb\u0117 valstybin\u0117 televizija, kuri taip pat informavo, kad kovinius pulkus papild\u0117 1 t\u016bkst. \u201estrategini\u0173 bepilo\u010di\u0173 orlaivi\u0173\u201c.<\/p>\n<p>\u201eDeryb\u0173 potencialas\u201c<\/p>\n<p>Pirmadien\u012f \u012f Artim\u0173j\u0173 Ryt\u0173 vandenis atplauk\u0117 JAV karinio j\u016br\u0173 laivyno smogiamoji grup\u0117, o D. Trumpas persp\u0117jo, kad, \u201eprireikus\u201c, ji yra pasirengusi smogti Iranui. Jis tre\u010diadien\u012f parei\u0161k\u0117, kad Iranui \u201elieka vis ma\u017eiau laiko\u201c susitarti d\u0117l savo branduolin\u0117s programos, kurios tikslas, Vakar\u0173 manymu, yra pagaminti branduolin\u0119 bomb\u0105.<\/p>\n<p>Jungtin\u0117s Valstijos smog\u0117 \u012f Irano branduolinius taikinius, kai pernai bir\u017eel\u012f trumpam \u012fsitrauk\u0117 \u012f Izraelio kar\u0105 prie\u0161 Iran\u0105.<\/p>\n<p>Irano kaimynai, \u012fskaitant Persijos \u012flankos \u0161alis, kuriose yra JAV karini\u0173 objekt\u0173, paragino laikytis rimties. Vienas Persijos \u012flankos pareig\u016bnas naujien\u0173 agent\u016brai AFP sak\u0117, kad b\u016bg\u0161tavimai d\u0117l JAV sm\u016bgio Iranui yra \u201elabai ai\u0161k\u016bs\u201c. Pasak jo, \u201etai regione sukelt\u0173 chaos\u0105, d\u0117l to nukent\u0117t\u0173 ne tik regiono, bet ir JAV ekonomika, ir smarkiai i\u0161augt\u0173 naftos ir duj\u0173 kainos.\u201c<\/p>\n<p>Turkija ketvirtadien\u012f nurod\u0117, kad art\u0117jan\u010dio Irano u\u017esienio reikal\u0173 ministro Abbaso Araghchi metu pasisi\u016blys tarpininkauti tarp Va\u0161ingtono ir Teherano, o Ankaros diplomatijos vadovas paragino Va\u0161ington\u0105 prad\u0117ti branduolines derybas su Teheranu.<\/p>\n<p>\u201eNeteisinga atakuoti Iran\u0105. Neteisinga v\u0117l prad\u0117ti kar\u0105. Iranas pasireng\u0119s v\u0117l der\u0117tis d\u0117l branduolinio klausimo\u201c, \u2013 Katare \u012fsik\u016brusiai televizijai \u201eAl-Jazeera\u201c angl\u0173 kalba sak\u0117 Turkijos u\u017esienio reikal\u0173 ministras Hakanas Fidanas.<\/p>\n<p>NATO nar\u0117 Turkija taip pat svarsto nenumatyt\u0173 atvej\u0173 planus palei savo 530 km ilgio sien\u0105 su Iranu, jei konfliktas paa\u0161tr\u0117t\u0173, AFP teig\u0117 vienas auk\u0161to rango pareig\u016bnas.<\/p>\n<p>Irano s\u0105junginink\u0117 Rusija ketvirtadien\u012f parei\u0161k\u0117, kad \u201ederyb\u0173 potencialas n\u0117ra i\u0161naudotas\u201c.<\/p>\n<p>\u201eBet koks j\u0117gos panaudojimas regione gali sukelti tik chaos\u0105 ir u\u017etraukti labai pavojingus padarinius\u201c, \u2013 \u017eurnalistams sak\u0117 Kremliaus atstovas spaudai Dmitrijus Peskovas.<\/p>\n<p>Pastarojo meto D. Trumpo parei\u0161kimai yra labiau sutelkti \u012f Irano branduolin\u0119 program\u0105, o ne \u012f protestuotoj\u0173, dalyvavusi\u0173 antivyriausybin\u0117se demonstracijose, kurios prasid\u0117jo gruod\u017eio pabaigoje, ta\u010diau auk\u0161\u010diausi\u0105 ta\u0161k\u0105 pasiek\u0117 sausio 8\u20139 d., likim\u0105.<\/p>\n<p>JAV \u012fsik\u016brusi organizacija \u201eHuman Rights Activists News Agency\u201c (HRANA) prane\u0161\u0117, kad patvirtino, jog \u017euvo 6 373 \u017emon\u0117s, o dar daugiau kaip 40 t\u016bkst. buvo sulaikyti. Irano vald\u017eios institucijos pripa\u017e\u012fsta, kad per protestus \u017euvo t\u016bkstan\u010diai \u017emoni\u0173, ir savo ruo\u017etu nurod\u0117, kad gyvybi\u0173 neteko daugiau kaip 3 t\u016bkst. asmen\u0173, ta\u010diau tvirtina, jog dauguma j\u0173 yra saugumo paj\u0117g\u0173 nariai arba praeiviai, kuriuos pra\u017eud\u0117 \u201eriau\u0161ininkai\u201c.<\/p>\n","protected":false},"excerpt":{"rendered":"Prie\u0161ininkai Va\u0161ingtonas ir Teheranas vienas kitam pa\u017e\u0117r\u0117 grasinim\u0173, kuomet D. Trumpas d\u0117l Irane nuvilnijusios protest\u0173 bangos ir smurtinio&hellip;\n","protected":false},"author":2,"featured_media":94775,"comment_status":"","ping_status":"","sticky":false,"template":"","format":"standard","meta":{"footnotes":""},"categories":[15],"tags":[25,30,31,194,3346,34,35,24,79,32,33,37,39,36,38,40,23,22,44,28,29,16791,26,27,74,75,76],"class_list":{"0":"post-94774","1":"post","2":"type-post","3":"status-publish","4":"format-standard","5":"has-post-thumbnail","7":"category-pasaulis","8":"tag-antrastes","9":"tag-breaking-news","10":"tag-breakingnews","11":"tag-donaldas-trumpas","12":"tag-elta-uzsienio-naujiena","13":"tag-featured-news","14":"tag-featurednews","15":"tag-headlines","16":"tag-iranas","17":"tag-latest-news","18":"tag-latestnews","19":"tag-lietuva","20":"tag-lietuviu","21":"tag-lithuania","22":"tag-lithuanian","23":"tag-lt","24":"tag-naujienos","25":"tag-news","26":"tag-pasaulis","27":"tag-populiariausios-naujienos","28":"tag-populiariausiosnaujienos","29":"tag-protestai-irane","30":"tag-top-stories","31":"tag-topstories","32":"tag-world","33":"tag-world-news","34":"tag-worldnews"},"share_on_mastodon":{"url":"https:\/\/pubeurope.com\/@lt\/115980093554958927","error":""},"_links":{"self":[{"href":"https:\/\/www.europesays.com\/lt\/wp-json\/wp\/v2\/posts\/94774","targetHints":{"allow":["GET"]}}],"collection":[{"href":"https:\/\/www.europesays.com\/lt\/wp-json\/wp\/v2\/posts"}],"about":[{"href":"https:\/\/www.europesays.com\/lt\/wp-json\/wp\/v2\/types\/post"}],"author":[{"embeddable":true,"href":"https:\/\/www.europesays.com\/lt\/wp-json\/wp\/v2\/users\/2"}],"replies":[{"embeddable":true,"href":"https:\/\/www.europesays.com\/lt\/wp-json\/wp\/v2\/comments?post=94774"}],"version-history":[{"count":0,"href":"https:\/\/www.europesays.com\/lt\/wp-json\/wp\/v2\/posts\/94774\/revisions"}],"wp:featuredmedia":[{"embeddable":true,"href":"https:\/\/www.europesays.com\/lt\/wp-json\/wp\/v2\/media\/94775"}],"wp:attachment":[{"href":"https:\/\/www.europesays.com\/lt\/wp-json\/wp\/v2\/media?parent=94774"}],"wp:term":[{"taxonomy":"category","embeddable":true,"href":"https:\/\/www.europesays.com\/lt\/wp-json\/wp\/v2\/categories?post=94774"},{"taxonomy":"post_tag","embeddable":true,"href":"https:\/\/www.europesays.com\/lt\/wp-json\/wp\/v2\/tags?post=94774"}],"curies":[{"name":"wp","href":"https:\/\/api.w.org\/{rel}","templated":true}]}}