{"id":94786,"date":"2026-01-29T19:53:32","date_gmt":"2026-01-29T19:53:32","guid":{"rendered":"https:\/\/www.europesays.com\/lt\/94786\/"},"modified":"2026-01-29T19:53:32","modified_gmt":"2026-01-29T19:53:32","slug":"italijos-mokykloms-leista-naudoti-metalo-detektorius","status":"publish","type":"post","link":"https:\/\/www.europesays.com\/lt\/94786\/","title":{"rendered":"Italijos mokykloms leista naudoti metalo detektorius"},"content":{"rendered":"<p>Premjer\u0117s <a rel=\"noopener nofollow\" target=\"_blank\" href=\"https:\/\/www.delfi.lt\/temos\/giorgia-meloni\" tag-id=\"91314405\">Giorgios Meloni<\/a> de\u0161ini\u0173j\u0173 vyriausyb\u0117, reaguodama \u012f kelis i\u0161puolius su peiliais, tre\u010diadienio vakar\u0105 paskelb\u0117 naujas taisykles \u012fvedant\u012f \u012fsak\u0105.\u00a0<\/p>\n<p>Per naujausi\u0105 incident\u0105 sausio viduryje Specijos uostamiestyje moksleivis mirtinai subad\u0117 18-met\u012f klas\u0117s draug\u0105.\u00a0<\/p>\n<p>Pagal \u012fsako nustatytas s\u0105lygas esant kai kurioms aplinkyb\u0117ms mokyklos gal\u0117s naudoti ne\u0161iojamuosius <a rel=\"noopener nofollow\" target=\"_blank\" href=\"https:\/\/www.delfi.lt\/temos\/metalo-detektorius\" tag-id=\"75312341\">metalo detektorius<\/a>, kokie naudojami oro uostuose ar dideliuose renginiuose.\u00a0<\/p>\n<p>Tikslas \u2013 neleisti mokiniams atsine\u0161ti \u012f pamokas ginkl\u0173. Patikrinimai gal\u0117s vykti tiek mokykloje, tiek aplink j\u0105.\u00a0<\/p>\n<p>U\u017epuolimas Specijoje \u012fvyko pamokos metu. 18-met\u012f subad\u0117 tokio paties am\u017eiaus klasiokas, atsine\u0161\u0119s peil\u012f 22 centimetr\u0173 ilgio a\u0161menimis.\u00a0<\/p>\n<p>G. Meloni trij\u0173 de\u0161ini\u0173j\u0173 partij\u0173 ir konservatori\u0173 koalicija taip pat rengia saugumo paket\u0105, numatant\u012f grie\u017etesnes \u0161aunam\u0173j\u0173 ginkl\u0173 laikymo taisykles.<\/p>\n","protected":false},"excerpt":{"rendered":"Premjer\u0117s Giorgios Meloni de\u0161ini\u0173j\u0173 vyriausyb\u0117, reaguodama \u012f kelis i\u0161puolius su peiliais, tre\u010diadienio vakar\u0105 paskelb\u0117 naujas taisykles \u012fvedant\u012f \u012fsak\u0105.\u00a0&hellip;\n","protected":false},"author":2,"featured_media":94787,"comment_status":"","ping_status":"","sticky":false,"template":"","format":"standard","meta":{"footnotes":""},"categories":[15],"tags":[25,30,31,3346,34,35,5836,24,32,33,37,39,36,38,40,19301,473,23,22,44,28,29,26,27,74,75,76],"class_list":{"0":"post-94786","1":"post","2":"type-post","3":"status-publish","4":"format-standard","5":"has-post-thumbnail","7":"category-pasaulis","8":"tag-antrastes","9":"tag-breaking-news","10":"tag-breakingnews","11":"tag-elta-uzsienio-naujiena","12":"tag-featured-news","13":"tag-featurednews","14":"tag-giorgia-meloni","15":"tag-headlines","16":"tag-latest-news","17":"tag-latestnews","18":"tag-lietuva","19":"tag-lietuviu","20":"tag-lithuania","21":"tag-lithuanian","22":"tag-lt","23":"tag-metalo-detektorius","24":"tag-mokykla","25":"tag-naujienos","26":"tag-news","27":"tag-pasaulis","28":"tag-populiariausios-naujienos","29":"tag-populiariausiosnaujienos","30":"tag-top-stories","31":"tag-topstories","32":"tag-world","33":"tag-world-news","34":"tag-worldnews"},"share_on_mastodon":{"url":"https:\/\/pubeurope.com\/@lt\/115980140825016316","error":""},"_links":{"self":[{"href":"https:\/\/www.europesays.com\/lt\/wp-json\/wp\/v2\/posts\/94786","targetHints":{"allow":["GET"]}}],"collection":[{"href":"https:\/\/www.europesays.com\/lt\/wp-json\/wp\/v2\/posts"}],"about":[{"href":"https:\/\/www.europesays.com\/lt\/wp-json\/wp\/v2\/types\/post"}],"author":[{"embeddable":true,"href":"https:\/\/www.europesays.com\/lt\/wp-json\/wp\/v2\/users\/2"}],"replies":[{"embeddable":true,"href":"https:\/\/www.europesays.com\/lt\/wp-json\/wp\/v2\/comments?post=94786"}],"version-history":[{"count":0,"href":"https:\/\/www.europesays.com\/lt\/wp-json\/wp\/v2\/posts\/94786\/revisions"}],"wp:featuredmedia":[{"embeddable":true,"href":"https:\/\/www.europesays.com\/lt\/wp-json\/wp\/v2\/media\/94787"}],"wp:attachment":[{"href":"https:\/\/www.europesays.com\/lt\/wp-json\/wp\/v2\/media?parent=94786"}],"wp:term":[{"taxonomy":"category","embeddable":true,"href":"https:\/\/www.europesays.com\/lt\/wp-json\/wp\/v2\/categories?post=94786"},{"taxonomy":"post_tag","embeddable":true,"href":"https:\/\/www.europesays.com\/lt\/wp-json\/wp\/v2\/tags?post=94786"}],"curies":[{"name":"wp","href":"https:\/\/api.w.org\/{rel}","templated":true}]}}