{"id":94788,"date":"2026-01-29T19:54:12","date_gmt":"2026-01-29T19:54:12","guid":{"rendered":"https:\/\/www.europesays.com\/lt\/94788\/"},"modified":"2026-01-29T19:54:12","modified_gmt":"2026-01-29T19:54:12","slug":"kaip-tare-taip-padare-is-statkeviciaus-astri-kritika-prezidentui-nausedai-del-kojiniu-15min-lt","status":"publish","type":"post","link":"https:\/\/www.europesays.com\/lt\/94788\/","title":{"rendered":"Kaip tar\u0117 \u2013 taip padar\u0117: i\u0161 Statkevi\u010diaus \u2013 a\u0161tri kritika prezidentui Naus\u0117dai d\u0117l kojini\u0173 &#8211; 15min.lt"},"content":{"rendered":"<ol>\n<li><a href=\"https:\/\/news.google.com\/rss\/articles\/CBMi2wFBVV95cUxOU0Q3bHlBZWx2dFkzYVVKdUYyMzlXZWt3WEpzMFFTX21iaU5VcTBfak8zZGdWU2hlOXpPYXRXVm5reGtQRzJFYUNYd1l0WU1oSUlPRXkzTnlVMUl0aVhVZTUwLWNIa2IwcWNLQXpDSkJvanYxZTFMUXh1QjhMQW1tZFRBNzBjOHBqSVpoZWNzV1J3a0t0aEFXTzRHcW55c05rUTBoQkVNZDlRSC0wbnhNYWtiVFhpUVVnWnRiUURJUjZhUk9JaE9ORjdiQWZMZzdRZFNFRFd6aDFCZnM?oc=5\" target=\"_blank\" rel=\"nofollow noopener\">Kaip tar\u0117 \u2013 taip padar\u0117: i\u0161 Statkevi\u010diaus \u2013 a\u0161tri kritika prezidentui Naus\u0117dai d\u0117l kojini\u0173<\/a>&nbsp;&nbsp;15min.lt<\/li>\n<li><a href=\"https:\/\/news.google.com\/rss\/articles\/CBMi2AFBVV95cUxPd3VVZlg3ZVJwT2FEVmxQd2RCYzlrWHZqdTVPZy1hUVhoRXVwTzkwbVZucTBGNFJMaDVZcXVwWlBtSWRGNkdWZWZVamVDR2tGR1JUa0RjNFJNWElWVThiQXZlRXlJX05fQkVoMk5adl9ISUFXeHdpNWlfT0lqZm9tSGhpdnV1MEhtMWN2VXFpa2lGRDQyZGhEd0xrQTdoOVMwajdaZktNZUcwQmhOSnROWXJyRzBiQ2R5WWt6NHNsaVI2TnhNclBzY1QweVo2bExVYXVLdWVkQkg?oc=5\" target=\"_blank\" rel=\"nofollow noopener\">\u012evertino Naus\u0117dien\u0117s klaidas ir dav\u0117 patarim\u0173: tokio rango dama negali pati kurti savo stiliaus<\/a>&nbsp;&nbsp;Delfi<\/li>\n<li><a href=\"https:\/\/news.google.com\/rss\/articles\/CBMi-wFBVV95cUxPeFRzNVBMc2VINVdlQ2ZDc0lQeFBpa3Zkb2g2YXlDZEV4WkN2N05MX2t1UElpM0J2WkxGZVJiaHpWQ2E2Und2THBDUTlXXzhxQ1hpQ1F0OF9PWnJHMm5pdnNKbVgzTl9EcmgwcmFWb3N4Yi1yZkNCcUI0QnFjbEVCWnVrRVNGTWZuQ0hOTXA5MUE1WXB1RHZ5YmJKSzIwSjdyRVZOTGx2SlRWU0pnQjIwbkZocGdIdkk0YmthVmFkTjZYWnA4alRYWXp4VmtvNjZkNTJpRGFpYjJ0ZmozcHhvbTNLdGZIc1BRb09aZThVUWJGS3htVHczaXpObw?oc=5\" target=\"_blank\" rel=\"nofollow noopener\">Lietuv\u0105 paker\u0117jusi karali\u0161ka elegancija: svarb\u0173 vakar\u0105 \u2013 ypatingas Danijos karalien\u0117s Mary \u012fvaizdis<\/a>&nbsp;&nbsp;Lrytas<\/li>\n<li><a href=\"https:\/\/news.google.com\/rss\/articles\/CBMitwFBVV95cUxNaGRsMGY5UVNkdUwwMTZtSFNMZ0FqeVJXNnIxZ0hRVy1WZXYtMzZweGZla25BVmJ2QTlaNVFnajRYLV9yYWtLMEFjeUNWZ1l1THVqMmd4QTVqcGpDZFUtdDZjY1Z6YmdNVnR5SnVscHdVLWNWVkRQQWF2YnVVaXNVVDhTcWF4UHFaQnpVX1Q5X2xVaTJVYW9PY1p6ZTVJWnktTmF6aHlEZEoxUVNKRmhpT0pTLUF1XzQ?oc=5\" target=\"_blank\" rel=\"nofollow noopener\">Ketvirtadien\u012f Vilniuje vyks Lietuvos ir Danijos verslo, mokslo forumas<\/a>&nbsp;&nbsp;etaplius.lt<\/li>\n<li><a href=\"https:\/\/news.google.com\/rss\/articles\/CBMi0gFBVV95cUxOeTVkYWZKWUF1MWwyQnJUZXZXdFgwSUFreDJwSk9reVZDN3R0b09aX2RqN1RReWFMNFJLc3h1TnplNlVMX1U4YXExc1dmR1RmMkdHa3NGdUFyS29HaW4tX0pqRzlLNUJrOVhNay1EV2hrYzJDbGRfd3RtSXllbUZKUE9SZ2RTZXhFVWxqbW5HMGM5SG1BT080Y0tHUGs2bmg4bFJOT01EYzZWTmtkdHZRV3hOd0FVZVVYa2ZaTU1xdFF5OWtNcUgzTnlOeU9WZkFkNUE?oc=5\" target=\"_blank\" rel=\"nofollow noopener\">G. Naus\u0117da su Danijos karaliumi aptar\u0117 Grenlandijos klausim\u0105: negal\u0117jome apeiti \u0161ios temos<\/a>&nbsp;&nbsp;Alfa<\/li>\n<\/ol>\n","protected":false},"excerpt":{"rendered":"Kaip tar\u0117 \u2013 taip padar\u0117: i\u0161 Statkevi\u010diaus \u2013 a\u0161tri kritika prezidentui Naus\u0117dai d\u0117l kojini\u0173&nbsp;&nbsp;15min.lt \u012evertino Naus\u0117dien\u0117s klaidas ir&hellip;\n","protected":false},"author":2,"featured_media":94789,"comment_status":"","ping_status":"","sticky":false,"template":"","format":"standard","meta":{"footnotes":""},"categories":[13],"tags":[25,30,31,34,35,24,32,33,37,39,36,38,40,23,22,28,29,26,27],"class_list":{"0":"post-94788","1":"post","2":"type-post","3":"status-publish","4":"format-standard","5":"has-post-thumbnail","7":"category-lietuva","8":"tag-antrastes","9":"tag-breaking-news","10":"tag-breakingnews","11":"tag-featured-news","12":"tag-featurednews","13":"tag-headlines","14":"tag-latest-news","15":"tag-latestnews","16":"tag-lietuva","17":"tag-lietuviu","18":"tag-lithuania","19":"tag-lithuanian","20":"tag-lt","21":"tag-naujienos","22":"tag-news","23":"tag-populiariausios-naujienos","24":"tag-populiariausiosnaujienos","25":"tag-top-stories","26":"tag-topstories"},"share_on_mastodon":{"url":"https:\/\/pubeurope.com\/@lt\/115980144641172519","error":""},"_links":{"self":[{"href":"https:\/\/www.europesays.com\/lt\/wp-json\/wp\/v2\/posts\/94788","targetHints":{"allow":["GET"]}}],"collection":[{"href":"https:\/\/www.europesays.com\/lt\/wp-json\/wp\/v2\/posts"}],"about":[{"href":"https:\/\/www.europesays.com\/lt\/wp-json\/wp\/v2\/types\/post"}],"author":[{"embeddable":true,"href":"https:\/\/www.europesays.com\/lt\/wp-json\/wp\/v2\/users\/2"}],"replies":[{"embeddable":true,"href":"https:\/\/www.europesays.com\/lt\/wp-json\/wp\/v2\/comments?post=94788"}],"version-history":[{"count":0,"href":"https:\/\/www.europesays.com\/lt\/wp-json\/wp\/v2\/posts\/94788\/revisions"}],"wp:featuredmedia":[{"embeddable":true,"href":"https:\/\/www.europesays.com\/lt\/wp-json\/wp\/v2\/media\/94789"}],"wp:attachment":[{"href":"https:\/\/www.europesays.com\/lt\/wp-json\/wp\/v2\/media?parent=94788"}],"wp:term":[{"taxonomy":"category","embeddable":true,"href":"https:\/\/www.europesays.com\/lt\/wp-json\/wp\/v2\/categories?post=94788"},{"taxonomy":"post_tag","embeddable":true,"href":"https:\/\/www.europesays.com\/lt\/wp-json\/wp\/v2\/tags?post=94788"}],"curies":[{"name":"wp","href":"https:\/\/api.w.org\/{rel}","templated":true}]}}