{"id":94794,"date":"2026-01-29T20:03:35","date_gmt":"2026-01-29T20:03:35","guid":{"rendered":"https:\/\/www.europesays.com\/lt\/94794\/"},"modified":"2026-01-29T20:03:35","modified_gmt":"2026-01-29T20:03:35","slug":"11-pozymiu-isduodanciu-zema-intelekto-lygi","status":"publish","type":"post","link":"https:\/\/www.europesays.com\/lt\/94794\/","title":{"rendered":"11 po\u017eymi\u0173, i\u0161duodan\u010di\u0173 \u017eem\u0105 intelekto lyg\u012f"},"content":{"rendered":"<p><a rel=\"noopener nofollow\" target=\"_blank\" href=\"https:\/\/www.delfi.lt\/temos\/intelekto-lygis\" tag-id=\"64295380\">Intelektas<\/a> lemia \u017emogaus geb\u0117jim\u0105 m\u0105styti, analizuoti, spr\u0119sti problemas, mokytis i\u0161 patirties ir kriti\u0161kai vertinti informacij\u0105.  Kai \u0161ie geb\u0117jimai yra riboti, tai atsispindi elgesyje ir m\u0105styme, kurie tampa gana atpa\u017e\u012fstami, pa\u017eymi \u201eYourTango\u201c.<\/p>\n<p>\u0160tai vienuolika bruo\u017e\u0173, da\u017eniausiai pasitaikan\u010di\u0173 tarp \u017emoni\u0173, kuri\u0173 intelekto lygis yra kiek \u017eemesnis.<\/p>\n<p>\u017dmon\u0117s, turintys \u017eem\u0105 intelekto lyg\u012f, retai siekia gilintis \u012f temas. Jiems pakanka pavir\u0161utini\u0161k\u0173 paai\u0161kinim\u0173, jie neu\u017eduoda papildom\u0173 klausim\u0173. <\/p>\n<p>J\u0173 \u017eodynas ribotas, o dom\u0117jimasis naujomis \u017einiomis \u2013 minimalus. Tai daro juos ma\u017eiau atvirus tobul\u0117jimui ir pasaulio pa\u017einimui.<\/p>\n<p>Naujos s\u0105lygos, vaidmenys ar aplinka jiems tampa rimtu i\u0161\u0161\u016bkiu. Jie sunkiai persitvarko, nemoka planuoti ir rasti sprendim\u0173, tod\u0117l jiems sud\u0117tinga prisitaikyti prie poky\u010di\u0173. Darbo keitimas, persikraustymas ar net naujos taisykl\u0117s kolektyve gali sukelti stipr\u0173 stres\u0105.<\/p>\n<p>Savo \u017eini\u0173 pervertinimas<\/p>\n<p>Daningo\u2013Krugerio efektas puikiai iliustruoja \u0161\u012f bruo\u017e\u0105: ma\u017eai \u017einantys \u017emon\u0117s da\u017enai b\u016bna itin \u012fsitikin\u0119 savo kompetencijomis. <\/p>\n<p>Jie nepripa\u017e\u012fsta \u017eini\u0173 sprag\u0173 ir neturi intelektinio kuklumo. Tuo tarpu auk\u0161tesnio intelekto \u017emon\u0117s lengvai pripa\u017e\u012fsta, kad ka\u017eko ne\u017eino, ir yra pasireng\u0119 mokytis.<\/p>\n<p>    <img decoding=\"async\" src=\"https:\/\/www.europesays.com\/lt\/wp-content\/uploads\/2026\/01\/4f432913-3eab-4204-a037-092d82d8f813.jpg\" loading=\"lazy\" alt=\"Asociatyvi nuotrauka\"\/>        <\/p>\n<p>Amerikos psicholog\u0173 asociacija tai vadina \u201edichotominiu\u201c arba \u201epoliarizuotu\u201c m\u0105stymu. Tokie \u017emon\u0117s pasaul\u012f mato tik kra\u0161tutinumais: gerai arba blogai, teisinga arba neteisinga. <\/p>\n<p>Jie nepripa\u017e\u012fsta tarpini\u0173 variant\u0173 ir da\u017enai vartoja kategori\u0161kus \u017eod\u017eius \u2013 \u201evisada\u201c, \u201eniekada\u201c, \u201ene\u012fmanoma\u201c. Tai riboja realyb\u0117s suvokim\u0105 ir daro m\u0105stym\u0105 nelankst\u0173.<\/p>\n<p>Net gav\u0119 nauj\u0173 fakt\u0173, jie lieka prie savo \u012fsitikinim\u0173. Bet kokius intelektinius i\u0161\u0161\u016bkius suvokia kaip gr\u0117sm\u0119 ir gali reaguoti agresyviai ar grubiai. J\u0173 m\u0105stymas rigidi\u0161kas, tod\u0117l apsunkina tiek asmenin\u012f augim\u0105, tiek bendravim\u0105 su kitais.<\/p>\n<p>Hipotetinio m\u0105stymo stoka<\/p>\n<p>\u017demo intelekto \u017emon\u0117s link\u0119 nem\u0105styti apie galimybes, kurios per\u017eengia akivaizd\u017eias ribas. Jiems sunku \u012fsivaizduoti alternatyvius scenarijus ar svarstyti, kas b\u016bt\u0173, jei pasikeist\u0173 s\u0105lygos. Jie m\u0105sto tik apie tai, k\u0105 tiesiogiai mato ir \u017eino.<\/p>\n<p>2019 m. Kinijoje atliktas tyrimas parod\u0117, kad auk\u0161tesnio intelekto \u017emon\u0117s pasi\u017eymi didesniu emociniu jautrumu ir labiau r\u016bpinasi kitais. <\/p>\n<p>Tuo tarpu \u017eemas IQ da\u017enai siejamas su abejingumu ir empatijos stoka. Tai pasirei\u0161kia nenoru suprasti kit\u0173 jausmus ar pad\u0117ti sunkiose situacijose.<\/p>\n<p>J\u0173 m\u0105stymas sutelktas \u012f asmeninius interesus. Jie vertina \u012fvykius tik per savo patirties prizm\u0119, neatsi\u017evelgdami \u012f tai, kad kiti \u017emon\u0117s gali tur\u0117ti ne ma\u017eiau svarbi\u0173, bet skirting\u0173 po\u017ei\u016bri\u0173. Tai da\u017enai sukelia konfliktus ir riboja bendravim\u0105.<\/p>\n<p>Supaprastinti paai\u0161kinimai<\/p>\n<p>Sud\u0117tingas problemas jie link\u0119 redukuoti iki paprast\u0173, pavir\u0161utini\u0161k\u0173 formuluo\u010di\u0173. Vietoje detalaus analizavimo renkasi apibendrinimus, tokius kaip \u201etaip buvo visada\u201c ar \u201etaip jau sutverti \u017emon\u0117s\u201c. Tai leid\u017eia i\u0161vengti gilesnio m\u0105stymo, bet kartu atima supratimo gyl\u012f.<\/p>\n<p>Nemok\u0117jimas mokytis i\u0161 klaid\u0173<\/p>\n<p>Po nes\u0117kmi\u0173 jie nedaro i\u0161vad\u0173, o atsakomyb\u0119 perkelia kitiems ar i\u0161orin\u0117ms aplinkyb\u0117ms. D\u0117l to kartoja tas pa\u010dias klaidas ir nekei\u010dia savo elgesio. Jiems tr\u016bksta savikritikos ir geb\u0117jimo analizuoti savo veiksmus.<\/p>\n<p>Pasiprie\u0161inimas saviugdai<\/p>\n<p>\u017demo intelekto \u017emon\u0117s da\u017enai nesiekia tobul\u0117ti. Jie mano, kad asmeninis augimas n\u0117ra b\u016btinas arba skirtas \u201ekitiems\u201c. Susidom\u0117jimo saviugda stoka stabdo j\u0173 progres\u0105 ir riboja gyvenimo galimybes.<\/p>\n<p>Anks\u010diau skelb\u0117me publikacij\u0105 apie tai, kokie po\u017eymiai rodo, jog esate auk\u0161to intelekto \u017emogus. <\/p>\n<p>J\u016bs ie\u0161kote problem\u0173 ir jas sprend\u017eiate<\/p>\n<p>Gyvenimas \u2013 tai d\u0117lion\u0117 ir dauguma \u017emoni\u0173 yra laimingi, kai tiesiog renka jos dalis, kur tik gali.<\/p>\n<p>Ta\u010diau j\u016bs to nedarote. J\u016bs ne tik sprend\u017eiate problemas, bet ir j\u0173 ie\u0161kote. Jums patinka i\u0161\u0161\u016bkio jaudulys, pasitenkinimas radus sprendim\u0105 ten, kur kitiems nepavyko. Taip yra tod\u0117l, kad j\u016bs\u0173 protas veikia kitaip.<\/p>\n<p>Jis nesitenkina paprastais atsakymais \u2013 jis ple\u010dia ribas, abejoja prielaidomis ir visada siekia gilesnio supratimo.<\/p>\n<p>\u0160is siekis spr\u0119sti problemas ir suprasti jus supan\u010dio pasaulio prasm\u0119 yra ai\u0161kus \u017eenklas, kad esate ne tik protingas, bet ir tikras <a rel=\"noopener nofollow\" target=\"_blank\" href=\"https:\/\/www.delfi.lt\/temos\/genijus\" data-rel-date-range=\"[]\">genijus<\/a>. B\u016btent \u0161is unikalus m\u0105stymas i\u0161skiria jus i\u0161 kit\u0173.<\/p>\n<p>Taigi kit\u0105 kart\u0105, kai \u012fstrigsite sprend\u017eiant sud\u0117ting\u0105 galvos\u016bk\u012f, nenusivilkite. Vietoj to prisiminkite: tai dar vienas \u017eenklas, kad esate tikras genijus.<\/p>\n<p>Turite polink\u012f mokytis nauj\u0173 kalb\u0173<\/p>\n<p>\u017dod\u017eiai yra tik \u017eod\u017eiai? Daugumai i\u0161 m\u016bs\u0173 jie t\u0117ra bendravimo priemon\u0117.<\/p>\n<p>Ta\u010diau galb\u016bt jums, jei esate genijus, jie rei\u0161kia kur kas daugiau. Geb\u0117jimas suvokti kalb\u0105, suprasti ne tik \u017eod\u017eius, bet ir niuansus bei subtilybes yra neabejotinas genijaus po\u017eymis.<\/p>\n<p>Tai n\u0117ra \u017eodyno ar gramatikos taisykli\u0173 \u012fsiminimas. Tai rei\u0161kia suprasti d\u0117sningumus, rasti s\u0105sajas ir visi\u0161kai pasinerti \u012f visi\u0161kai svetim\u0105 kult\u016br\u0105. O tai gali padaryti ne bet kuris protingas \u017emogus. Tai genij\u0173 sritis.<\/p>\n<p>Kai visi kiti gulasi miegoti, j\u016bs tuo metu esate budriausias ir gyvybingiausias. Galb\u016bt tai ramyb\u0117 ir tyla, kuri leid\u017eia j\u016bs\u0173 protui klest\u0117ti, o gal tai tiesiog j\u016bs\u0173 nat\u016bralus ritmas.<\/p>\n<p>Bet kokiu atveju, pasirodo, yra ry\u0161ys tarp intelekto ir \u201enaktin\u0117s pel\u0117dos\u201c. Tyrimai parod\u0117, kad \u017emon\u0117s, kurie m\u0117gsta v\u0117lai miegoti, kurie atsigauna ramiomis nakties valandomis, intelekto test\u0173 metu paprastai gauna auk\u0161tesnius rezultatus.<\/p>\n<p>\u0160is nakties prana\u0161umas netgi siejamas su k\u016brybi\u0161kumu ir atvirumu \u2013 savyb\u0117mis, kurios da\u017enai siejamos su auk\u0161tu intelektu.<\/p>\n","protected":false},"excerpt":{"rendered":"Intelektas lemia \u017emogaus geb\u0117jim\u0105 m\u0105styti, analizuoti, spr\u0119sti problemas, mokytis i\u0161 patirties ir kriti\u0161kai vertinti informacij\u0105. Kai \u0161ie geb\u0117jimai&hellip;\n","protected":false},"author":2,"featured_media":94795,"comment_status":"","ping_status":"","sticky":false,"template":"","format":"standard","meta":{"footnotes":""},"categories":[15],"tags":[25,30,31,34,35,24,19304,19305,32,33,37,39,36,38,40,23,22,44,28,29,26,27,74,75,76],"class_list":{"0":"post-94794","1":"post","2":"type-post","3":"status-publish","4":"format-standard","5":"has-post-thumbnail","7":"category-pasaulis","8":"tag-antrastes","9":"tag-breaking-news","10":"tag-breakingnews","11":"tag-featured-news","12":"tag-featurednews","13":"tag-headlines","14":"tag-intelekto-koeficientas","15":"tag-intelekto-lygis","16":"tag-latest-news","17":"tag-latestnews","18":"tag-lietuva","19":"tag-lietuviu","20":"tag-lithuania","21":"tag-lithuanian","22":"tag-lt","23":"tag-naujienos","24":"tag-news","25":"tag-pasaulis","26":"tag-populiariausios-naujienos","27":"tag-populiariausiosnaujienos","28":"tag-top-stories","29":"tag-topstories","30":"tag-world","31":"tag-world-news","32":"tag-worldnews"},"share_on_mastodon":{"url":"https:\/\/pubeurope.com\/@lt\/115980180017031399","error":""},"_links":{"self":[{"href":"https:\/\/www.europesays.com\/lt\/wp-json\/wp\/v2\/posts\/94794","targetHints":{"allow":["GET"]}}],"collection":[{"href":"https:\/\/www.europesays.com\/lt\/wp-json\/wp\/v2\/posts"}],"about":[{"href":"https:\/\/www.europesays.com\/lt\/wp-json\/wp\/v2\/types\/post"}],"author":[{"embeddable":true,"href":"https:\/\/www.europesays.com\/lt\/wp-json\/wp\/v2\/users\/2"}],"replies":[{"embeddable":true,"href":"https:\/\/www.europesays.com\/lt\/wp-json\/wp\/v2\/comments?post=94794"}],"version-history":[{"count":0,"href":"https:\/\/www.europesays.com\/lt\/wp-json\/wp\/v2\/posts\/94794\/revisions"}],"wp:featuredmedia":[{"embeddable":true,"href":"https:\/\/www.europesays.com\/lt\/wp-json\/wp\/v2\/media\/94795"}],"wp:attachment":[{"href":"https:\/\/www.europesays.com\/lt\/wp-json\/wp\/v2\/media?parent=94794"}],"wp:term":[{"taxonomy":"category","embeddable":true,"href":"https:\/\/www.europesays.com\/lt\/wp-json\/wp\/v2\/categories?post=94794"},{"taxonomy":"post_tag","embeddable":true,"href":"https:\/\/www.europesays.com\/lt\/wp-json\/wp\/v2\/tags?post=94794"}],"curies":[{"name":"wp","href":"https:\/\/api.w.org\/{rel}","templated":true}]}}