{"id":94951,"date":"2026-01-30T05:30:54","date_gmt":"2026-01-30T05:30:54","guid":{"rendered":"https:\/\/www.europesays.com\/lt\/94951\/"},"modified":"2026-01-30T05:30:54","modified_gmt":"2026-01-30T05:30:54","slug":"inetos-ir-azuolo-zvaguliu-gyvenime-naujas-posukis-mes-viska-sprendziame-kartu","status":"publish","type":"post","link":"https:\/\/www.europesays.com\/lt\/94951\/","title":{"rendered":"Inetos ir \u0104\u017euolo \u017dvaguli\u0173 gyvenime \u2013 naujas pos\u016bkis: \u201eMes visk\u0105 sprend\u017eiame kartu\u201c"},"content":{"rendered":"\n<p style=\"text-align:justify\">Pic\u0173 myl\u0117tojai puikiai \u017eino, kad jau ne vienerius metus Suderv\u0117je veikia <a href=\"https:\/\/www.tv3.lt\/naujiena\/zmones\/40-meti-svenciantis-azuolas-zvagulis-apie-santykius-ir-seimos-svajone-tikimes-igyvendinti-per-artimiausius-metus-n1457477\" rel=\"nofollow noopener\" target=\"_blank\">\u0104. \u017dvagulio<\/a> picerija \u201e\u0104\u017euolyno virtuv\u0117\u201c, kurioje galima paragauti jo paruo\u0161t\u0173 pic\u0173. Ta\u010diau jau netrukus \u0161ie\u00a0skoniai keliaus \u012f sostin\u0119 \u2013 Stepono Batoro gatv\u0117je duris atvers antroji \u0104\u017euolo picerija.<\/p>\n<p>\u0104\u017euolas \u017dvagulis su \u0161eima<\/p>\n<p>(10 nuotr.) <a style=\"height: 63vw;\" itemprop=\"contentUrl\" data-size=\"0x0\" href=\"#gid=115017&amp;pid=1\" data-href=\"https:\/\/static4.inspektorius.lt\/usi\/800x600\/2\/29\/17\/72\/2917723edd8348149403fd4de1fa2969.jpg?v=4.2.7.33&amp;t=cr&amp;s=800x600&amp;m=2&amp;f=\/Uploads\/UGallery\/photos\/43\/b5\/f8\/37\/43b5f837f034eb264f5efdbd39843300.jpg\" rel=\"nofollow\" target=\"_blank\"><img decoding=\"async\" style=\"height: 63vw; object-fit: cover;\" itemprop=\"thumbnail\" class=\"newsPhoto300 landscape\" id=\"imgid-115017-2564840\" alt=\"1\" src=\"https:\/\/www.europesays.com\/lt\/wp-content\/uploads\/2026\/01\/43b5f837f034eb264f5efdbd39843300.jpg\" title=\"\u0104\u017euolas \u017dvagulis su \u0161eima  \" loading=\"lazy\" \/> <\/a> <\/p>\n<p>\u0104\u017euolas \u017dvagulis su \u0161eima  <\/p>\n<p>  <a itemprop=\"contentUrl\" data-size=\"0x0\" href=\"#gid=115017&amp;pid=2\" data-href=\"https:\/\/static4.inspektorius.lt\/usi\/800x600\/2\/49\/a0\/dc\/49a0dcf44a9b17943186014874f51b8a.jpg?v=4.2.7.33&amp;t=cr&amp;s=800x600&amp;m=2&amp;f=\/Uploads\/UGallery\/photos\/99\/01\/ee\/46\/9901ee467a62a424f806b8faa0844f18.jpg\" rel=\"nofollow\" target=\"_blank\"><img decoding=\"async\" itemprop=\"thumbnail\" class=\"newsPhoto300 portrait\" id=\"imgid-115017-2564841\" alt=\"2\" src=\"https:\/\/www.europesays.com\/lt\/wp-content\/uploads\/2026\/01\/9901ee467a62a424f806b8faa0844f18.jpg\" title=\"\u0104\u017euolas \u017dvagulis su \u0161eima  \" loading=\"lazy\" \/> <\/a> <\/p>\n<p>\u0104\u017euolas \u017dvagulis su \u0161eima  <\/p>\n<p>  <a itemprop=\"contentUrl\" data-size=\"0x0\" href=\"#gid=115017&amp;pid=3\" data-href=\"https:\/\/static4.inspektorius.lt\/usi\/800x600\/2\/82\/11\/9d\/82119d939a56f3e459220488faad93c9.jpg?v=4.2.7.33&amp;t=cr&amp;s=800x600&amp;m=2&amp;f=\/Uploads\/UGallery\/photos\/e6\/1f\/2f\/0c\/e61f2f0c5beeb347df0c0fd59fdda4a7.jpg\" rel=\"nofollow\" target=\"_blank\"><img decoding=\"async\" itemprop=\"thumbnail\" class=\"newsPhoto300 portrait\" id=\"imgid-115017-2564842\" alt=\"3\" src=\"https:\/\/www.europesays.com\/lt\/wp-content\/uploads\/2026\/01\/e61f2f0c5beeb347df0c0fd59fdda4a7.jpg\" title=\"\u0104\u017euolas \u017dvagulis  \" loading=\"lazy\" \/> <\/a> <\/p>\n<p>\u0104\u017euolas \u017dvagulis  <\/p>\n<p>  <a itemprop=\"contentUrl\" data-size=\"0x0\" href=\"#gid=115017&amp;pid=4\" data-href=\"https:\/\/static4.inspektorius.lt\/usi\/800x600\/2\/c3\/04\/67\/c30467b01bd36d7f42c79e91e893629c.jpg?v=4.2.7.33&amp;t=cr&amp;s=800x600&amp;m=2&amp;f=\/Uploads\/UGallery\/photos\/1f\/42\/a3\/2a\/1f42a32a1023b2a5b2e69fa4e55ef3f2.jpg\" rel=\"nofollow\" target=\"_blank\"><img decoding=\"async\" itemprop=\"thumbnail\" class=\"newsPhoto300 portrait\" id=\"imgid-115017-2564843\" alt=\"4\" src=\"https:\/\/www.europesays.com\/lt\/wp-content\/uploads\/2026\/01\/1f42a32a1023b2a5b2e69fa4e55ef3f2.jpg\" title=\"\u0104\u017euolas \u017dvagulis su s\u016bnumi  \" loading=\"lazy\" \/> <\/a> <\/p>\n<p>\u0104\u017euolas \u017dvagulis su s\u016bnumi  <\/p>\n<p>  <a itemprop=\"contentUrl\" data-size=\"0x0\" href=\"#gid=115017&amp;pid=5\" data-href=\"https:\/\/static4.inspektorius.lt\/usi\/800x600\/2\/13\/5c\/35\/135c351bc04cc7325af9268c04c131ad.jpg?v=4.2.7.33&amp;t=cr&amp;s=800x600&amp;m=2&amp;f=\/Uploads\/UGallery\/photos\/10\/28\/a4\/f1\/1028a4f1699fa98e8b00b37eee8ff1fe.jpg\" rel=\"nofollow\" target=\"_blank\"><img decoding=\"async\" itemprop=\"thumbnail\" class=\"newsPhoto300 portrait\" id=\"imgid-115017-2564844\" alt=\"5\" src=\"https:\/\/www.europesays.com\/lt\/wp-content\/uploads\/2026\/01\/1028a4f1699fa98e8b00b37eee8ff1fe.jpg\" title=\"\u0104\u017euolas \u017dvagulis su \u017emona Ineta Puzaraite-\u017dvaguliene  \" loading=\"lazy\" \/> <\/a> <\/p>\n<p>\u0104\u017euolas \u017dvagulis su \u017emona Ineta Puzaraite-\u017dvaguliene  <\/p>\n<p>  <a itemprop=\"contentUrl\" data-size=\"0x0\" href=\"#gid=115017&amp;pid=6\" data-href=\"https:\/\/static4.inspektorius.lt\/usi\/800x600\/2\/32\/f6\/dd\/32f6dd437b9e54be646dfc522786c3ce.jpg?v=4.2.7.33&amp;t=cr&amp;s=800x600&amp;m=2&amp;f=\/Uploads\/UGallery\/photos\/30\/ac\/12\/f8\/30ac12f8ffc288dc4fb770aa94715bda.jpg\" rel=\"nofollow\" target=\"_blank\"><img decoding=\"async\" itemprop=\"thumbnail\" class=\"newsPhoto300 portrait\" id=\"imgid-115017-2564845\" alt=\"6\" src=\"https:\/\/www.europesays.com\/lt\/wp-content\/uploads\/2026\/01\/30ac12f8ffc288dc4fb770aa94715bda.jpg\" title=\"\u0104\u017euolas \u017dvagulis su \u017emona Ineta Puzaraite-\u017dvaguliene  \" loading=\"lazy\" \/> <\/a> <\/p>\n<p>\u0104\u017euolas \u017dvagulis su \u017emona Ineta Puzaraite-\u017dvaguliene  <\/p>\n<p>  <a itemprop=\"contentUrl\" data-size=\"0x0\" href=\"#gid=115017&amp;pid=7\" data-href=\"https:\/\/static4.inspektorius.lt\/usi\/800x600\/2\/4b\/ae\/0e\/4bae0ed9f3cc7c41292bafe6cf0bbfb9.jpg?v=4.2.7.33&amp;t=cr&amp;s=800x600&amp;m=2&amp;f=\/Uploads\/UGallery\/photos\/ba\/e7\/3f\/9b\/bae73f9bbb857bf835ceeee5232578df.jpg\" rel=\"nofollow\" target=\"_blank\"><img decoding=\"async\" itemprop=\"thumbnail\" class=\"newsPhoto300 portrait\" id=\"imgid-115017-2564846\" alt=\"7\" src=\"https:\/\/www.europesays.com\/lt\/wp-content\/uploads\/2026\/01\/bae73f9bbb857bf835ceeee5232578df.jpg\" title=\"\u0104\u017euolas \u017dvagulis su \u017emona Ineta Puzaraite-\u017dvaguliene (nuotr. BNS)  \" loading=\"lazy\" \/> <\/a> <\/p>\n<p>\u0104\u017euolas \u017dvagulis su \u017emona Ineta Puzaraite-\u017dvaguliene (nuotr. BNS)  <\/p>\n<p>  <a itemprop=\"contentUrl\" data-size=\"0x0\" href=\"#gid=115017&amp;pid=8\" data-href=\"https:\/\/static4.inspektorius.lt\/usi\/800x600\/2\/83\/e7\/04\/83e7044fece26d3fc1c0b2191983381c.jpg?v=4.2.7.33&amp;t=cr&amp;s=800x600&amp;m=2&amp;f=\/Uploads\/UGallery\/photos\/f6\/f2\/d3\/dd\/f6f2d3dd83e083cb57cd58a7e71020ce.jpg\" rel=\"nofollow\" target=\"_blank\"><img decoding=\"async\" itemprop=\"thumbnail\" class=\"newsPhoto300 portrait\" id=\"imgid-115017-2564847\" alt=\"8\" src=\"https:\/\/www.europesays.com\/lt\/wp-content\/uploads\/2026\/01\/f6f2d3dd83e083cb57cd58a7e71020ce.jpg\" title=\"\u0104\u017euolas \u017dvagulis su \u0161eima  \" loading=\"lazy\" \/> <\/a> <\/p>\n<p>\u0104\u017euolas \u017dvagulis su \u0161eima  <\/p>\n<p>  <a itemprop=\"contentUrl\" data-size=\"0x0\" href=\"#gid=115017&amp;pid=9\" data-href=\"https:\/\/static4.inspektorius.lt\/usi\/800x600\/2\/a9\/ba\/36\/a9ba363000fb67cdbdac716db6a8f959.jpg?v=4.2.7.33&amp;t=cr&amp;s=800x600&amp;m=2&amp;f=\/Uploads\/UGallery\/photos\/be\/b9\/e1\/ed\/beb9e1ed68188053f7d6b6e54f221f8f.jpg\" rel=\"nofollow\" target=\"_blank\"><img decoding=\"async\" itemprop=\"thumbnail\" class=\"newsPhoto300 portrait\" id=\"imgid-115017-2564848\" alt=\"9\" src=\"https:\/\/www.europesays.com\/lt\/wp-content\/uploads\/2026\/01\/beb9e1ed68188053f7d6b6e54f221f8f.jpg\" title=\"\u0104\u017euolas \u017dvagulis su \u0161eima  \" loading=\"lazy\" \/> <\/a> <\/p>\n<p>\u0104\u017euolas \u017dvagulis su \u0161eima  <\/p>\n<p>  <a itemprop=\"contentUrl\" data-size=\"0x0\" href=\"#gid=115017&amp;pid=10\" data-href=\"https:\/\/static4.inspektorius.lt\/usi\/800x600\/2\/53\/cf\/36\/53cf365549b50eeaa8685fb98435d28b.jpg?v=4.2.7.33&amp;t=cr&amp;s=800x600&amp;m=2&amp;f=\/Uploads\/UGallery\/photos\/57\/40\/3e\/e5\/57403ee5490675d2dca272ea5018ff97.jpg\" rel=\"nofollow\" target=\"_blank\"><img decoding=\"async\" itemprop=\"thumbnail\" class=\"newsPhoto300 portrait\" id=\"imgid-115017-2564866\" alt=\"10\" src=\"https:\/\/www.europesays.com\/lt\/wp-content\/uploads\/2026\/01\/57403ee5490675d2dca272ea5018ff97.jpg\" title=\"\u0104\u017euolas \u017dvagulis (nuotr. asm. archyvo)\" loading=\"lazy\" \/> <\/a> <\/p>\n<p>\u0104\u017euolas \u017dvagulis (nuotr. asm. archyvo)<\/p>\n<p>     Sumanymas gim\u0117 seniai\u00a0 <\/p>\n<p style=\"text-align:justify\">Naujien\u0173 portalui <a href=\"https:\/\/www.tv3.lt\/programos\/tv3\/pilna\" target=\"_blank\" class=\"phrase\" rel=\"nofollow noopener\">tv3<\/a>.lt \u0104\u017euolas pasakojo, kad mintis apie picerijos pl\u0117tr\u0105 sukosi jau seniai, ta\u010diau tik dabar jam pavyko rasti tam tinkamas patalpas.<\/p>\n<p style=\"text-align:justify\">\u201eNenor\u0117jau, kad picerija b\u016bt\u0173 pa\u010diame Vilniaus centre, tod\u0117l ie\u0161kojau tam tinkamos vietos aplink miest\u0105. Nor\u0117jau, kad tai b\u016bt\u0173 lokacija, kur n\u0117ra daug greito maisto i\u0161sine\u0161imui. B\u016btent \u0161i vieta tokia ir buvo. Be to, t\u0117vas gyvena visai \u0161alia, taigi, nebus alkanas\u201c, \u2013 juok\u0117si \u0104. \u017dvagulis.<\/p>\n<p style=\"text-align:justify\">Pasidom\u0117jus, ar antroji picerija kuo nors skirsis nuo pirmosios, esan\u010dios Suderv\u0117je, \u0104\u017euolas patikino \u2013 pic\u0173 meniu bus tobulinamas.<\/p>\n<p style=\"text-align:justify\">\u201eDaugiau pic\u0173 atsiras i\u0161 mano senesni\u0173 recept\u0173, nes dabartinis picerijos Suderv\u0117je meniu yra \u0161iek tiek ma\u017eesnis nei kad buvo anks\u010diau. Ten dirba tik vienas \u017emogus, o naujoje picerijoje tur\u0117sime du darbuotojus. Taigi, tikrai bus daug nauj\u0173 skani\u0173 recept\u0173\u201c, \u2013 pasid\u017eiaug\u0117 verslininkas.<\/p>\n<p>        <a href=\"https:\/\/www.tv3.lt\/Uploads\/UGallery\/photos\/57\/40\/3e\/e5\/57403ee5490675d2dca272ea5018ff97.jpg\" data-fancybox=\"photos-embed\" data-caption=\"\u0104\u017euolas \u017dvagulis (nuotr. asm. archyvo)\" target=\"_self\" rel=\"nofollow noopener\"> <img decoding=\"async\" class=\"photo-inside-article\" align=\"center\" alt=\"\u0104\u017euolas \u017dvagulis (nuotr. asm. archyvo)\" title=\"\u0104\u017euolas \u017dvagulis (nuotr. asm. archyvo)\" src=\"https:\/\/www.europesays.com\/lt\/wp-content\/uploads\/2026\/01\/1769751054_866_57403ee5490675d2dca272ea5018ff97.jpg\" width=\"684\" height=\"654\" loading=\"lazy\" \/> <\/a>       <\/p>\n<p style=\"text-align:justify\">Nepaisant daugyb\u0117s veikl\u0173, \u0104\u017euolas teigia, kad kasdienyb\u0117je d\u0117l to verstis per galv\u0105 nereikia \u2013 svarbiausia yra suburti aplink save ger\u0105 kolektyv\u0105.<\/p>\n<p style=\"text-align:justify\">\u201eRamyb\u0117 atsiranda su gera komanda. Tikrai galiu pasid\u017eiaugti, kad turime labai gerus kolektyvus. Kai visi susidirba ir atlieka savo pareigas, tai ir draskytis nereikia. O kuo toliau eini, tuo labiau komanda did\u0117ja\u201c, \u2013 dalijosi jis.<\/p>\n<p>       <a href=\"https:\/\/www.tv3.lt\/rubrika\/naujienos\/verslas\" target=\"_blank\" class=\"phrase\" rel=\"nofollow noopener\">Verslo<\/a> klausimus sprend\u017eia su \u017emona <\/p>\n<p style=\"text-align:justify\">Be visa to, \u0104\u017euolas \u0161iame kelyje n\u0117ra vienas \u2013 visus verslo klausimus sprend\u017eia kartu su \u017emona I. Puzaraite-\u017dvaguliene.<\/p>\n<p style=\"text-align:justify\">\u201eJi jau kokius metus \u017einojo, kad a\u0161 ie\u0161kau patalp\u0173 naujai picerijai. Kai atsirado tinkamas variantas, kartu su \u017emona sus\u0117dome, aptar\u0117me kain\u0105, viet\u0105, ap\u017ei\u016br\u0117jome \u017eem\u0117lap\u012f ir tik tada pri\u0117m\u0117me sprendim\u0105. Mes visk\u0105 sprend\u017eiame kartu\u201c, \u2013 \u0161yptel\u0117jo \u0104. \u017dvagulis.<\/p>\n<p>        <a href=\"https:\/\/www.tv3.lt\/Uploads\/UGallery\/photos\/be\/b9\/e1\/ed\/beb9e1ed68188053f7d6b6e54f221f8f.jpg\" data-fancybox=\"photos-embed\" data-caption=\"\u0104\u017euolas \u017dvagulis su \u0161eima\" target=\"_self\" rel=\"nofollow noopener\"> <img decoding=\"async\" class=\"photo-inside-article\" align=\"center\" alt=\"\u0104\u017euolas \u017dvagulis su \u0161eima\" title=\"\u0104\u017euolas \u017dvagulis su \u0161eima\" src=\"https:\/\/www.europesays.com\/lt\/wp-content\/uploads\/2026\/01\/1769751054_800_beb9e1ed68188053f7d6b6e54f221f8f.jpg\" width=\"684\" height=\"654\" loading=\"lazy\" \/> <\/a>       <\/p>\n<p style=\"text-align:justify\">\u201e\u0104\u017euolyno virtuv\u0117s\u201c pic\u0173 gerb\u0117jams laukti liko visai nedaug \u2013 darbai intensyviai vyksta ir jau kovo 1-\u0105j\u0105 antroji picerija atvers duris.<\/p>\n<p style=\"text-align:justify\">\u201eJau netrukus gausime pagrindin\u012f dalyk\u0105 \u2013 pic\u0173 pe\u010di\u0173, kuris buvo pagamintas specialiai man pagal u\u017esakym\u0105. Picas kepsime tik ant malk\u0173, joki\u0173 duj\u0173 ar elektr\u0173. Tiesa, iki atidarymo dar reikia surinkti kolektyv\u0105 \u2013 jau turiu pagalbinius darbuotojus, bet vis dar ie\u0161kau picakep\u0117j\u0173\u201c, \u2013 pasakojo \u0104. \u017dvagulis.<\/p>\n<p>\n                                        \u0160altinis:<br \/>\n                                                                                    tv3.lt\n                                                                                <\/p>\n<p>Kvie\u010diame atrasti nauj\u0105 tv3.lt turin\u012f! Nuo \u0161iol portale j\u016bs\u0173 laukia <a href=\"https:\/\/www.tv3.lt\/testai\" rel=\"nofollow noopener\" target=\"_blank\">kasdien nauji testai<\/a>   \u2013 i\u0161bandykite savo \u017einias ir smagiai praleiskite laik\u0105. <\/p>\n","protected":false},"excerpt":{"rendered":"Pic\u0173 myl\u0117tojai puikiai \u017eino, kad jau ne vienerius metus Suderv\u0117je veikia \u0104. \u017dvagulio picerija \u201e\u0104\u017euolyno virtuv\u0117\u201c, kurioje galima&hellip;\n","protected":false},"author":2,"featured_media":94952,"comment_status":"","ping_status":"","sticky":false,"template":"","format":"standard","meta":{"footnotes":""},"categories":[13],"tags":[19324,25,30,31,57,43,34,35,55,48,24,54,51,49,50,32,33,37,39,36,38,40,45,23,22,44,28,29,53,42,56,47,26,27,41,46,58,52],"class_list":{"0":"post-94951","1":"post","2":"type-post","3":"status-publish","4":"format-standard","5":"has-post-thumbnail","7":"category-lietuva","8":"tag-2026-01-28-183000","9":"tag-antrastes","10":"tag-breaking-news","11":"tag-breakingnews","12":"tag-daiktai","13":"tag-dienos-kronika","14":"tag-featured-news","15":"tag-featurednews","16":"tag-gatves-tekstai","17":"tag-gyvenimas","18":"tag-headlines","19":"tag-interneto-pievos","20":"tag-keliones","21":"tag-kultura","22":"tag-laisvalaikis","23":"tag-latest-news","24":"tag-latestnews","25":"tag-lietuva","26":"tag-lietuviu","27":"tag-lithuania","28":"tag-lithuanian","29":"tag-lt","30":"tag-mokslas-ir-it","31":"tag-naujienos","32":"tag-news","33":"tag-pasaulis","34":"tag-populiariausios-naujienos","35":"tag-populiariausiosnaujienos","36":"tag-projektai","37":"tag-rinktiniai-tekstai","38":"tag-simtmecio-portalas","39":"tag-sportas","40":"tag-top-stories","41":"tag-topstories","42":"tag-tv3-lt","43":"tag-verslas","44":"tag-video","45":"tag-zaidimai"},"share_on_mastodon":{"url":"","error":"Validation failed: Text character limit of 500 exceeded"},"_links":{"self":[{"href":"https:\/\/www.europesays.com\/lt\/wp-json\/wp\/v2\/posts\/94951","targetHints":{"allow":["GET"]}}],"collection":[{"href":"https:\/\/www.europesays.com\/lt\/wp-json\/wp\/v2\/posts"}],"about":[{"href":"https:\/\/www.europesays.com\/lt\/wp-json\/wp\/v2\/types\/post"}],"author":[{"embeddable":true,"href":"https:\/\/www.europesays.com\/lt\/wp-json\/wp\/v2\/users\/2"}],"replies":[{"embeddable":true,"href":"https:\/\/www.europesays.com\/lt\/wp-json\/wp\/v2\/comments?post=94951"}],"version-history":[{"count":0,"href":"https:\/\/www.europesays.com\/lt\/wp-json\/wp\/v2\/posts\/94951\/revisions"}],"wp:featuredmedia":[{"embeddable":true,"href":"https:\/\/www.europesays.com\/lt\/wp-json\/wp\/v2\/media\/94952"}],"wp:attachment":[{"href":"https:\/\/www.europesays.com\/lt\/wp-json\/wp\/v2\/media?parent=94951"}],"wp:term":[{"taxonomy":"category","embeddable":true,"href":"https:\/\/www.europesays.com\/lt\/wp-json\/wp\/v2\/categories?post=94951"},{"taxonomy":"post_tag","embeddable":true,"href":"https:\/\/www.europesays.com\/lt\/wp-json\/wp\/v2\/tags?post=94951"}],"curies":[{"name":"wp","href":"https:\/\/api.w.org\/{rel}","templated":true}]}}